{"id":75025,"date":"2025-12-15T07:21:09","date_gmt":"2025-12-15T07:21:09","guid":{"rendered":"https:\/\/www.europesays.com\/lv\/75025\/"},"modified":"2025-12-15T07:21:09","modified_gmt":"2025-12-15T07:21:09","slug":"es-arlietu-padomes-fokusa-turpmakais-es-atbalsts-ukrainai-situacija-tuvajos-austrumos-un-es-kinas-attiecibas-2","status":"publish","type":"post","link":"https:\/\/www.europesays.com\/lv\/75025\/","title":{"rendered":"ES \u0100rlietu padomes fokus\u0101: turpm\u0101kais ES atbalsts Ukrainai, situ\u0101cija Tuvajos Austrumos un ES\u2013\u0136\u012bnas attiec\u012bbas"},"content":{"rendered":"<p>2025. gada 15. decembr\u012b Be\u013c\u0123ij\u0101, Brisel\u0113, \u0101rlietu ministre Baiba Bra\u017ee piedal\u012bsies ES \u0100rlietu padomes san\u0101ksm\u0113. T\u0101s fokus\u0101: spiediena pastiprin\u0101\u0161ana uz Krieviju, tostarp n\u0101kam\u0101s sankcijas un \u201c\u0113nu flotes\u201d apkaro\u0161ana; situ\u0101cija Tuvajos Austrumos, tostarp S\u012brij\u0101, un Gazas miera pl\u0101na \u012bsteno\u0161ana; ES\u2013\u0136\u012bnas attiec\u012bbas.\u00a0\u00a0\u00a0<\/p>\n<p>\u0100rlietu mistriem ar Arm\u0113nijas \u0101rlietu ministru Araratu Mirzojanu\u00a0(Ararat Mirozyan)\u00a0p\u0101rrun\u0101s gaid\u0101m\u0101s parlamenta v\u0113l\u0113\u0161anas Arm\u0113nij\u0101 2026. gada 7. j\u016bnij\u0101.<\/p>\n<p>P\u0113c ES \u0100rlietu padomes ministri piedal\u012bsies ar\u012b ES\u2013Lib\u0101nas Asoci\u0101cijas padomes san\u0101ksm\u0113 un ES\u2013Angolas Sadarb\u012bbas padomes san\u0101ksm\u0113.<\/p>\n<p>Papildu inform\u0101cija<\/p>\n<ul>&#13;<\/p>\n<li>ES \u0100rlietu padom\u0113 izskata jaut\u0101jumus, kas saist\u012bti ar \u0101r\u0113jo darb\u012bbu, tostarp kop\u0113jo \u0101r\u0113jo un dro\u0161\u012bbas politiku, Eiropas dro\u0161\u012bbas un aizsardz\u012bbas politiku, \u0101r\u0113jo tirdzniec\u012bbu un att\u012bst\u012bbas sadarb\u012bbu.\u00a0<\/li>\n<p>&#13;<\/p>\n<li>Darbak\u0101rt\u012bba:\u00a0<a href=\"https:\/\/www.consilium.europa.eu\/en\/meetings\/fac\/2025\/12\/15\/\" target=\"_blank\" title=\"https:\/\/www.consilium.europa.eu\/en\/meetings\/fac\/2025\/12\/15\/\" data-auth=\"NotApplicable\" data-linkindex=\"0\" rel=\"nofollow noopener\">https:\/\/www.consilium.europa.eu\/en\/meetings\/fac\/2025\/12\/15\/<\/a>.<\/li>\n<p>&#13;\n<\/ul>\n<p>          <img decoding=\"async\" src=\"https:\/\/www.europesays.com\/lv\/wp-content\/uploads\/2025\/12\/1765388232_965_logo-lv.png\" alt=\"\"\/><\/p>\n<p>                  \u0160\u012b inform\u0101cija ir publisks pazi\u0146ojums un neatspogu\u013co LV port\u0101la viedokli. Par t\u0101s saturu atbild ies\u016bt\u012bt\u0101js. <a data-popup=\"rules\">Public\u0113\u0161anas noteikumi<\/a><\/p>\n","protected":false},"excerpt":{"rendered":"2025. gada 15. decembr\u012b Be\u013c\u0123ij\u0101, Brisel\u0113, \u0101rlietu ministre Baiba Bra\u017ee piedal\u012bsies ES \u0100rlietu padomes san\u0101ksm\u0113. T\u0101s fokus\u0101: spiediena&hellip;\n","protected":false},"author":2,"featured_media":73270,"comment_status":"","ping_status":"","sticky":false,"template":"","format":"standard","meta":{"footnotes":""},"categories":[14],"tags":[23,57,28,29,32,33,22,30,31,35,39,38,36,37,34,40,20,26,27,24,25,54,55,56,21,58],"class_list":{"0":"post-75025","1":"post","2":"type-post","3":"status-publish","4":"format-standard","5":"has-post-thumbnail","7":"category-zinas-no-arvalstim","8":"tag-aktualitates","9":"tag-arvalstim","10":"tag-breaking-news","11":"tag-breakingnews","12":"tag-featured-news","13":"tag-featurednews","14":"tag-headlines","15":"tag-latest-news","16":"tag-latestnews","17":"tag-latvia","18":"tag-latvian","19":"tag-latviesu","20":"tag-latviesu-valoda","21":"tag-latviesuvaloda","22":"tag-latvija","23":"tag-lv","24":"tag-news","25":"tag-popularakas-zinas","26":"tag-popularakaszinas","27":"tag-top-stories","28":"tag-topstories","29":"tag-world","30":"tag-world-news","31":"tag-worldnews","32":"tag-zinas","33":"tag-zinas-no-arvalstim"},"share_on_mastodon":{"url":"https:\/\/pubeurope.com\/@lv\/115722379887710607","error":""},"_links":{"self":[{"href":"https:\/\/www.europesays.com\/lv\/wp-json\/wp\/v2\/posts\/75025","targetHints":{"allow":["GET"]}}],"collection":[{"href":"https:\/\/www.europesays.com\/lv\/wp-json\/wp\/v2\/posts"}],"about":[{"href":"https:\/\/www.europesays.com\/lv\/wp-json\/wp\/v2\/types\/post"}],"author":[{"embeddable":true,"href":"https:\/\/www.europesays.com\/lv\/wp-json\/wp\/v2\/users\/2"}],"replies":[{"embeddable":true,"href":"https:\/\/www.europesays.com\/lv\/wp-json\/wp\/v2\/comments?post=75025"}],"version-history":[{"count":0,"href":"https:\/\/www.europesays.com\/lv\/wp-json\/wp\/v2\/posts\/75025\/revisions"}],"wp:featuredmedia":[{"embeddable":true,"href":"https:\/\/www.europesays.com\/lv\/wp-json\/wp\/v2\/media\/73270"}],"wp:attachment":[{"href":"https:\/\/www.europesays.com\/lv\/wp-json\/wp\/v2\/media?parent=75025"}],"wp:term":[{"taxonomy":"category","embeddable":true,"href":"https:\/\/www.europesays.com\/lv\/wp-json\/wp\/v2\/categories?post=75025"},{"taxonomy":"post_tag","embeddable":true,"href":"https:\/\/www.europesays.com\/lv\/wp-json\/wp\/v2\/tags?post=75025"}],"curies":[{"name":"wp","href":"https:\/\/api.w.org\/{rel}","templated":true}]}}