{"id":7508,"date":"2025-09-29T05:57:08","date_gmt":"2025-09-29T05:57:08","guid":{"rendered":"https:\/\/www.europesays.com\/lv\/7508\/"},"modified":"2025-09-29T05:57:08","modified_gmt":"2025-09-29T05:57:08","slug":"darba-nedela-nav-gaidami-butiski-nokrisni","status":"publish","type":"post","link":"https:\/\/www.europesays.com\/lv\/7508\/","title":{"rendered":"Darba ned\u0113\u013c\u0101 nav gaid\u0101mi b\u016btiski nokri\u0161\u0146i"},"content":{"rendered":"<p>\u0160oned\u0113\u013c Latvij\u0101 gaid\u0101ms p\u0101rsvar\u0101 sauss laiks, ned\u0113\u013cas nogal\u0113 iesp\u0113jams lietus, prognoz\u0113 sinopti\u0137i.<\/p>\n<p>Darba ned\u0113\u013c\u0101 saglab\u0101sies anticiklona ietekme, t\u0101d\u0113\u013c nav gaid\u0101mi lieli nokri\u0161\u0146i. M\u0101ko\u0146u daudzums b\u016bs main\u012bgs. V\u0113j\u0161 galvenok\u0101rt l\u0113ni p\u016bt\u012bs no austrumu puses.<\/p>\n<p>Minim\u0101l\u0101 gaisa temperat\u016bra nakts un r\u012bta stund\u0101s b\u016bs +1..+6 gr\u0101di, zem skaidr\u0101m debes\u012bm gaiss viet\u0101m atdzis\u012bs l\u012bdz 0..-3 gr\u0101diem, bet R\u012bgas l\u012b\u010da Kurzemes piekrast\u0113 saglab\u0101sies siltums l\u012bdz +9 gr\u0101diem. Dien\u0101s gaisa temperat\u016bra pak\u0101psies l\u012bdz +9..+14 gr\u0101diem.<\/p>\n<p>Sagaid\u0101ms, ka ned\u0113\u013cas beig\u0101s no rietumiem pietuvosies ciklons, t\u0101d\u0113\u013c br\u012b\u017eiem iesp\u0113jams lietus. V\u0113jam iegrie\u017eoties no dienvidiem, laiks k\u013c\u016bs nedaudz silt\u0101ks.<\/p>\n<p><img decoding=\"async\" src=\"https:\/\/www.europesays.com\/lv\/wp-content\/uploads\/2025\/09\/3f5fa46a798144d8815da1d250b5d407.jpg\" title=\"Foto: Ivars Soik\u0101ns\/LETA\" alt=\"Foto: Ivars Soik\u0101ns\/LETA\"\/><\/p>\n<p class=\"article-img-desc\">Foto: Ivars Soik\u0101ns\/LETA<\/p>\n","protected":false},"excerpt":{"rendered":"\u0160oned\u0113\u013c Latvij\u0101 gaid\u0101ms p\u0101rsvar\u0101 sauss laiks, ned\u0113\u013cas nogal\u0113 iesp\u0113jams lietus, prognoz\u0113 sinopti\u0137i. Darba ned\u0113\u013c\u0101 saglab\u0101sies anticiklona ietekme, t\u0101d\u0113\u013c&hellip;\n","protected":false},"author":2,"featured_media":7509,"comment_status":"","ping_status":"","sticky":false,"template":"","format":"standard","meta":{"footnotes":""},"categories":[12],"tags":[129,1395,23,28,29,32,33,22,30,31,35,39,38,36,37,34,40,20,26,27,3179,3180,24,25,21],"class_list":{"0":"post-7508","1":"post","2":"type-post","3":"status-publish","4":"format-standard","5":"has-post-thumbnail","7":"category-latvija","8":"tag-__typenameadvicekeyword","9":"tag-id408","10":"tag-aktualitates","11":"tag-breaking-news","12":"tag-breakingnews","13":"tag-featured-news","14":"tag-featurednews","15":"tag-headlines","16":"tag-latest-news","17":"tag-latestnews","18":"tag-latvia","19":"tag-latvian","20":"tag-latviesu","21":"tag-latviesu-valoda","22":"tag-latviesuvaloda","23":"tag-latvija","24":"tag-lv","25":"tag-news","26":"tag-popularakas-zinas","27":"tag-popularakaszinas","28":"tag-slugweather","29":"tag-titleweather","30":"tag-top-stories","31":"tag-topstories","32":"tag-zinas"},"share_on_mastodon":{"url":"","error":""},"_links":{"self":[{"href":"https:\/\/www.europesays.com\/lv\/wp-json\/wp\/v2\/posts\/7508","targetHints":{"allow":["GET"]}}],"collection":[{"href":"https:\/\/www.europesays.com\/lv\/wp-json\/wp\/v2\/posts"}],"about":[{"href":"https:\/\/www.europesays.com\/lv\/wp-json\/wp\/v2\/types\/post"}],"author":[{"embeddable":true,"href":"https:\/\/www.europesays.com\/lv\/wp-json\/wp\/v2\/users\/2"}],"replies":[{"embeddable":true,"href":"https:\/\/www.europesays.com\/lv\/wp-json\/wp\/v2\/comments?post=7508"}],"version-history":[{"count":0,"href":"https:\/\/www.europesays.com\/lv\/wp-json\/wp\/v2\/posts\/7508\/revisions"}],"wp:featuredmedia":[{"embeddable":true,"href":"https:\/\/www.europesays.com\/lv\/wp-json\/wp\/v2\/media\/7509"}],"wp:attachment":[{"href":"https:\/\/www.europesays.com\/lv\/wp-json\/wp\/v2\/media?parent=7508"}],"wp:term":[{"taxonomy":"category","embeddable":true,"href":"https:\/\/www.europesays.com\/lv\/wp-json\/wp\/v2\/categories?post=7508"},{"taxonomy":"post_tag","embeddable":true,"href":"https:\/\/www.europesays.com\/lv\/wp-json\/wp\/v2\/tags?post=7508"}],"curies":[{"name":"wp","href":"https:\/\/api.w.org\/{rel}","templated":true}]}}