{"id":75083,"date":"2025-12-15T08:05:24","date_gmt":"2025-12-15T08:05:24","guid":{"rendered":"https:\/\/www.europesays.com\/lv\/75083\/"},"modified":"2025-12-15T08:05:24","modified_gmt":"2025-12-15T08:05:24","slug":"foto-video-varaklanos-aizvadita-ipasa-svetku-tradicija-kas-priece-gan-lielus-gan-mazus-jauns-lv","status":"publish","type":"post","link":"https:\/\/www.europesays.com\/lv\/75083\/","title":{"rendered":"FOTO, VIDEO: Varak\u013c\u0101nos aizvad\u012bta \u012bpa\u0161a sv\u0113tku trad\u012bcija, kas priec\u0113 gan lielus, gan mazus &#8211; Jauns.lv"},"content":{"rendered":"<ol>\n<li><a href=\"https:\/\/news.google.com\/rss\/articles\/CBMiwAFBVV95cUxOVlA5NFVLMjFHRTZpbFJwTW1kV2NyQ2tDQXRXWEY5VWhFNmlySlJSNzFhMUlRY18wcFhFQ2l0MndGa2RsNTViaEV1b1M2cmFQOG9oVEVWRHRzc1ZXdzg4TjZOT3h0YjVBY3J0V2tWZUxxajhVQ0RSWkZDR0FibUxGU2YzRDRzbEhGMkxjYVRiRXpDUk9ZUFJYbUJBdzVRNGVZT09ubEdxa3JfUGR1Uk1VQmI2bzVNRFB5OFBUQ3N6NVE?oc=5\" target=\"_blank\" rel=\"nofollow noopener\">FOTO, VIDEO: Varak\u013c\u0101nos aizvad\u012bta \u012bpa\u0161a sv\u0113tku trad\u012bcija, kas priec\u0113 gan lielus, gan mazus<\/a>&nbsp;&nbsp;Jauns.lv<\/li>\n<li><a href=\"https:\/\/news.google.com\/rss\/articles\/CBMi7wFBVV95cUxOWlJDeUp3dVJ3YnNubnd3SDVoelp4T3ppY0JuYWtvT0wycm1BVHlWZUJ0TkxQR0d6Ynd3RXM4b0RrQnA4Ql9vYnVkT0lnNlFFYzF3dnhuV3FSRk51cTN4TlFtbXMyWmdRcnJscGJNbnc2cmJ3VW9Ebmd3UWJmam1zTnFSYTJfX19tdS1tYWlQeExkeF9jUDZpNDlhSTNXc004TDUwWkVieG12WW1hUzNwZVNFU0JNVjBXcmw1SEUtMl9tenhGNjZYVWtMNWNTQ0F0TmdMRU1VTG4tR2pfWFlkYlgyMFUxTFFoYW5GWFo5SQ?oc=5\" target=\"_blank\" rel=\"nofollow noopener\">Dek\u0161\u0101res pagasta lauksaimnieki izrot\u0101 tehniku ar gaismi\u0146\u0101m; Tre\u0161aj\u0101 advent\u0113 v\u0113las iepriecin\u0101t citus<\/a>&nbsp;&nbsp;LSM<\/li>\n<li><a href=\"https:\/\/news.google.com\/rss\/articles\/CBMiswFBVV95cUxQOFgzakVUcjNaei1GOFVHQ0k1dTVCQURfd1drUk1lRFFhR0Vjd2pNbjhxdE9vblREVWRYOVR1OVh2SDFJLXJHNEpxQnJNaTBaVE55NHhZdDExd3hHSTJWbFFqUTRFcG5BVC1nRElPYi1UT05GV01BYlhyanR1dFh4MlBwbVl0NDhFWWF5Rzl6cTBqWkd1SzZ4Y2JvQlRNRE1CU2RZTUc2Z1N3LS12b0VZelZVSQ?oc=5\" target=\"_blank\" rel=\"nofollow noopener\">FOTO, VIDEO. Lampi\u0146u traktori, Grin\u010ds un Ziemassv\u0113tku vec\u012btis: Varak\u013c\u0101nos trad\u012bcijas netiek lauztas<\/a>&nbsp;&nbsp;LA.LV<\/li>\n<li><a href=\"https:\/\/news.google.com\/rss\/articles\/CBMivwFBVV95cUxQUEU5TXJqM3JJYnRFWUo2SkN2R2o1Q0dRQnRhRFhOMnlaUC1Qazl0Sm1aQnR5WjNIY3V4RjhlRTd3NGpfa0RQQ0dXNDkzTV9pMFNEX3gwSWYyZWEyYzhFZFprM3o2YUZhZW9sU0lHWDFJakRNUTVtaVozVU1NTGlCQTYzbDFmS3JRSGFtZjdfSl8zUmRtUW1obEFnY0FhMDFJc0QwZGt6R1d6eW1ubEV6VXo2ZldPdHlaUDlmbTc3UQ?oc=5\" target=\"_blank\" rel=\"nofollow noopener\">Jau otro gadu R\u0113zeknes novada lauksaimnieki rot\u0101 savu tehniku un dodas izbraucien\u0101 (+ VIDEO)<\/a>&nbsp;&nbsp;iAuto<\/li>\n<li><a href=\"https:\/\/news.google.com\/rss\/articles\/CBMivgFBVV95cUxPX0hVYmhzRkhfclBILUlqdzhRbE1DLXZnejM5VUlUVWl3R2FjWE1yQ28tcFlVRkxqWExhaHYzSXFOQ25jR1ZWWEs4WDc1VlF4QkNnNzRGQnRVXzB1akNpelpxTEQwRWFQWm52M05BTGFMLUpfWmFLX29hRlJYSWViU29wdmRaTy1MY2dDU2R2S0ppWHE5dnhTMzNzWTJfaHVoU2Ftb2pVNC0wLVViUFpPbDJ5MzIzOTFYQVY4NVh3?oc=5\" target=\"_blank\" rel=\"nofollow noopener\">Dek\u0161\u0101res zemnieki Ziemassv\u0113tku gaid\u0101s izrot\u0101 tehniku ar gaism\u0101m, d\u0101v\u0101jot prieku<\/a>&nbsp;&nbsp;Lente.lv<\/li>\n<\/ol>\n","protected":false},"excerpt":{"rendered":"FOTO, VIDEO: Varak\u013c\u0101nos aizvad\u012bta \u012bpa\u0161a sv\u0113tku trad\u012bcija, kas priec\u0113 gan lielus, gan mazus&nbsp;&nbsp;Jauns.lv Dek\u0161\u0101res pagasta lauksaimnieki izrot\u0101 tehniku&hellip;\n","protected":false},"author":2,"featured_media":75084,"comment_status":"","ping_status":"","sticky":false,"template":"","format":"standard","meta":{"footnotes":""},"categories":[5],"tags":[23,28,29,32,33,22,30,31,35,39,38,36,37,34,40,20,26,27,24,25,21],"class_list":{"0":"post-75083","1":"post","2":"type-post","3":"status-publish","4":"format-standard","5":"has-post-thumbnail","7":"category-aktualitates","8":"tag-aktualitates","9":"tag-breaking-news","10":"tag-breakingnews","11":"tag-featured-news","12":"tag-featurednews","13":"tag-headlines","14":"tag-latest-news","15":"tag-latestnews","16":"tag-latvia","17":"tag-latvian","18":"tag-latviesu","19":"tag-latviesu-valoda","20":"tag-latviesuvaloda","21":"tag-latvija","22":"tag-lv","23":"tag-news","24":"tag-popularakas-zinas","25":"tag-popularakaszinas","26":"tag-top-stories","27":"tag-topstories","28":"tag-zinas"},"share_on_mastodon":{"url":"https:\/\/pubeurope.com\/@lv\/115722552894242272","error":""},"_links":{"self":[{"href":"https:\/\/www.europesays.com\/lv\/wp-json\/wp\/v2\/posts\/75083","targetHints":{"allow":["GET"]}}],"collection":[{"href":"https:\/\/www.europesays.com\/lv\/wp-json\/wp\/v2\/posts"}],"about":[{"href":"https:\/\/www.europesays.com\/lv\/wp-json\/wp\/v2\/types\/post"}],"author":[{"embeddable":true,"href":"https:\/\/www.europesays.com\/lv\/wp-json\/wp\/v2\/users\/2"}],"replies":[{"embeddable":true,"href":"https:\/\/www.europesays.com\/lv\/wp-json\/wp\/v2\/comments?post=75083"}],"version-history":[{"count":0,"href":"https:\/\/www.europesays.com\/lv\/wp-json\/wp\/v2\/posts\/75083\/revisions"}],"wp:featuredmedia":[{"embeddable":true,"href":"https:\/\/www.europesays.com\/lv\/wp-json\/wp\/v2\/media\/75084"}],"wp:attachment":[{"href":"https:\/\/www.europesays.com\/lv\/wp-json\/wp\/v2\/media?parent=75083"}],"wp:term":[{"taxonomy":"category","embeddable":true,"href":"https:\/\/www.europesays.com\/lv\/wp-json\/wp\/v2\/categories?post=75083"},{"taxonomy":"post_tag","embeddable":true,"href":"https:\/\/www.europesays.com\/lv\/wp-json\/wp\/v2\/tags?post=75083"}],"curies":[{"name":"wp","href":"https:\/\/api.w.org\/{rel}","templated":true}]}}