{"id":75087,"date":"2025-12-15T08:09:08","date_gmt":"2025-12-15T08:09:08","guid":{"rendered":"https:\/\/www.europesays.com\/lv\/75087\/"},"modified":"2025-12-15T08:09:08","modified_gmt":"2025-12-15T08:09:08","slug":"karlis-streips-vai-kremla-generali-bosam-lautu-izsaut-kodolieroci-zinot-ka-atbilde-bus-kodolierocis-preteja-virziena","status":"publish","type":"post","link":"https:\/\/www.europesays.com\/lv\/75087\/","title":{"rendered":"K\u0101rlis Streips: Vai Krem\u013ca \u0123ener\u0101\u013ci bosam \u013cautu iz\u0161aut kodolieroci zinot, ka atbilde b\u016bs kodolierocis pret\u0113j\u0101 virzien\u0101?"},"content":{"rendered":"<p>    <img decoding=\"async\" src=\"https:\/\/lastatic.ams3.cdn.digitaloceanspaces.com\/2021\/03\/K\u0101rlis-Streips-800x624.jpg\" alt=\"&#10;K\u0101rlis Streips&#10;\"\/><\/p>\n<p>K\u0101rlis Streips<\/p>\n<p>Foto: Ieva L\u016bka\/LETA\n<\/p>\n<p>Cik v\u0113l ilgi Ukrainai b\u016bs j\u0101piecie\u0161 barbarisms no kaimi\u0146valsts puses?  Febru\u0101r\u012b b\u016bs \u010detri gadi, kop\u0161 Krem\u013ca barbars uzs\u0101ka savu \u201cspeci\u0101lo milit\u0101ro oper\u0101ciju.\u201d<\/p>\n<p>        Las\u012bt\u0101kie<br \/>\n        <a data-imagesrc=\"{&quot;300&quot;:&quot;https:\\\/\\\/lastatic.ams3.cdn.digitaloceanspaces.com\\\/2024\\\/12\\\/pexels-bearmax-1077093-3960036-300x200.jpg&quot;,&quot;1024&quot;:&quot;https:\\\/\\\/lastatic.ams3.cdn.digitaloceanspaces.com\\\/2024\\\/12\\\/pexels-bearmax-1077093-3960036-1024x683.jpg&quot;,&quot;768&quot;:&quot;https:\\\/\\\/lastatic.ams3.cdn.digitaloceanspaces.com\\\/2024\\\/12\\\/pexels-bearmax-1077093-3960036-768x512.jpg&quot;,&quot;1536&quot;:&quot;https:\\\/\\\/lastatic.ams3.cdn.digitaloceanspaces.com\\\/2024\\\/12\\\/pexels-bearmax-1077093-3960036-1536x1024.jpg&quot;,&quot;2048&quot;:&quot;https:\\\/\\\/lastatic.ams3.cdn.digitaloceanspaces.com\\\/2024\\\/12\\\/pexels-bearmax-1077093-3960036-2048x1365.jpg&quot;,&quot;200&quot;:&quot;https:\\\/\\\/lastatic.ams3.cdn.digitaloceanspaces.com\\\/2024\\\/12\\\/pexels-bearmax-1077093-3960036-200x133.jpg&quot;,&quot;400&quot;:&quot;https:\\\/\\\/lastatic.ams3.cdn.digitaloceanspaces.com\\\/2024\\\/12\\\/pexels-bearmax-1077093-3960036-400x267.jpg&quot;,&quot;500&quot;:&quot;https:\\\/\\\/lastatic.ams3.cdn.digitaloceanspaces.com\\\/2024\\\/12\\\/pexels-bearmax-1077093-3960036-500x333.jpg&quot;,&quot;800&quot;:&quot;https:\\\/\\\/lastatic.ams3.cdn.digitaloceanspaces.com\\\/2024\\\/12\\\/pexels-bearmax-1077093-3960036-800x533.jpg&quot;,&quot;1000&quot;:&quot;https:\\\/\\\/lastatic.ams3.cdn.digitaloceanspaces.com\\\/2024\\\/12\\\/pexels-bearmax-1077093-3960036-1000x667.jpg&quot;,&quot;2560&quot;:&quot;https:\\\/\\\/lastatic.ams3.cdn.digitaloceanspaces.com\\\/2024\\\/12\\\/pexels-bearmax-1077093-3960036-scaled.jpg&quot;}\" data-focuspoint=\"&quot;&quot;\" data-p=\"2480087\" href=\"https:\/\/www.la.lv\/piecas-lietas-kuras-kaki-dara-katru-dienu-tacu-uzskatis-jus-par-lielakajiem-ienaidniekiem-ja-tajas-iejauksieties\" class=\"content-item lazy-load\" wp_automatic_readability=\"28\" rel=\"nofollow noopener\" target=\"_blank\"><\/p>\n<p>                                <img decoding=\"async\" src=\"\" alt=\"\" style=\"\" data-imageid=\"\"\/><\/p>\n<p>\n                                                Piecas lietas, kuras ka\u0137i dara katru dienu, ta\u010du uzskat\u012bs j\u016bs par liel\u0101kajiem ienaidniekiem, ja taj\u0101s iejauksieties\n                            <\/p>\n<p><\/a><a data-imagesrc=\"{&quot;300&quot;:&quot;https:\\\/\\\/lastatic.ams3.cdn.digitaloceanspaces.com\\\/2025\\\/12\\\/FotoJet-13-300x186.jpg&quot;,&quot;1024&quot;:&quot;https:\\\/\\\/lastatic.ams3.cdn.digitaloceanspaces.com\\\/2025\\\/12\\\/FotoJet-13-1024x634.jpg&quot;,&quot;1536&quot;:&quot;https:\\\/\\\/lastatic.ams3.cdn.digitaloceanspaces.com\\\/2025\\\/12\\\/FotoJet-13-1536x951.jpg&quot;,&quot;500&quot;:&quot;https:\\\/\\\/lastatic.ams3.cdn.digitaloceanspaces.com\\\/2025\\\/12\\\/FotoJet-13-500x310.jpg&quot;,&quot;800&quot;:&quot;https:\\\/\\\/lastatic.ams3.cdn.digitaloceanspaces.com\\\/2025\\\/12\\\/FotoJet-13-800x495.jpg&quot;,&quot;1936&quot;:&quot;https:\\\/\\\/lastatic.ams3.cdn.digitaloceanspaces.com\\\/2025\\\/12\\\/FotoJet-13.jpg&quot;}\" data-focuspoint=\"&quot;&quot;\" data-p=\"2480792\" href=\"https:\/\/www.la.lv\/video-arsts-sez-kabineta-bet-pie-vina-aiziet-nevar-kas-tas-par-absurdu-latvija-janis-parada-nelogisko-sistemu-valsti\" class=\"content-item lazy-load\" wp_automatic_readability=\"27\" rel=\"nofollow noopener\" target=\"_blank\"><\/p>\n<p>                                <img decoding=\"async\" src=\"\" alt=\"\" style=\"\" data-imageid=\"\"\/><\/p>\n<p>                                RAKSTA REDAKTORS<\/p>\n<p>                                            VIDEO. \u201c\u0100rsts s\u0113\u017e kabinet\u0101, bet pie vi\u0146a aiziet nevar \u2013 kas tas par absurdu Latvij\u0101?\u201d J\u0101nis par\u0101da nelo\u0123isko sist\u0113mu valst\u012b<\/p>\n<p><\/a><a data-imagesrc=\"{&quot;300&quot;:&quot;https:\\\/\\\/lastatic.ams3.cdn.digitaloceanspaces.com\\\/2023\\\/12\\\/20231221_KasparsMarksevics_fotoGintsIvuskans_010-300x200.jpg&quot;,&quot;768&quot;:&quot;https:\\\/\\\/lastatic.ams3.cdn.digitaloceanspaces.com\\\/2023\\\/12\\\/20231221_KasparsMarksevics_fotoGintsIvuskans_010-768x512.jpg&quot;,&quot;200&quot;:&quot;https:\\\/\\\/lastatic.ams3.cdn.digitaloceanspaces.com\\\/2023\\\/12\\\/20231221_KasparsMarksevics_fotoGintsIvuskans_010-200x133.jpg&quot;,&quot;400&quot;:&quot;https:\\\/\\\/lastatic.ams3.cdn.digitaloceanspaces.com\\\/2023\\\/12\\\/20231221_KasparsMarksevics_fotoGintsIvuskans_010-400x267.jpg&quot;,&quot;500&quot;:&quot;https:\\\/\\\/lastatic.ams3.cdn.digitaloceanspaces.com\\\/2023\\\/12\\\/20231221_KasparsMarksevics_fotoGintsIvuskans_010-500x334.jpg&quot;,&quot;800&quot;:&quot;https:\\\/\\\/lastatic.ams3.cdn.digitaloceanspaces.com\\\/2023\\\/12\\\/20231221_KasparsMarksevics_fotoGintsIvuskans_010-800x534.jpg&quot;,&quot;1000&quot;:&quot;https:\\\/\\\/lastatic.ams3.cdn.digitaloceanspaces.com\\\/2023\\\/12\\\/20231221_KasparsMarksevics_fotoGintsIvuskans_010.jpg&quot;}\" data-focuspoint=\"&quot;&quot;\" data-p=\"2480745\" href=\"https:\/\/www.la.lv\/es-stradaju-divos-darbos-bet-iekrat-neko-nevaru-aug-divas-meitas-vel-kredits-latvijas-radio-2-etera-balss-kaspars-par-realo-ekonomisko-situaciju-latvija\" class=\"content-item lazy-load\" wp_automatic_readability=\"28\" rel=\"nofollow noopener\" target=\"_blank\"><\/p>\n<p>                                <img decoding=\"async\" src=\"\" alt=\"\" style=\"\" data-imageid=\"\"\/><\/p>\n<p>                                RAKSTA REDAKTORS<\/p>\n<p>                                            \u201cEs str\u0101d\u0101ju divos darbos, bet iekr\u0101t neko nevaru, aug divas meitas, v\u0113l kred\u012bts!\u201d Latvijas Radio 2 \u0113tera balss Kaspars par re\u0101lo ekonomisko situ\u0101ciju Latvij\u0101\n                            <\/p>\n<p><\/a><br \/>\n        <a class=\"read-more\" href=\"https:\/\/www.la.lv\/top\" rel=\"nofollow noopener\" target=\"_blank\">Las\u012bt citas zi\u0146as<\/a><\/p>\n<p>Liels jaut\u0101jums patlaban ir par Amerikas prezidentu un vi\u0146a \u0146em\u0161anos ap \u0161o lietu.  Savulaik priek\u0161v\u0113l\u0113\u0161anu laik\u0101 Donalds Tramps nenoguris apgalvoja, ka vi\u0146\u0161 konfliktu var\u0113\u0161ot atrisin\u0101t vienas vai divu dienu laik\u0101 p\u0113c tam, kad vi\u0146\u0161 st\u0101sies amat\u0101.<\/p>\n<p>\u0160aj\u0101 apgalvojum\u0101 princip\u0101 ir divas lietas.  Pirmk\u0101rt, Tramps jau sen ir uzskat\u012bjis, ka Vladimirs Putins vi\u0146am ir ja ne glu\u017ei sirdsdraugs, tad sabiedrotais gan.<\/p>\n<p>    CITI \u0160OBR\u012aD LASA<\/p>\n<p>Cita starp\u0101 Trampam uz laiku pieder\u0113ja ties\u012bbas uz \u201cMis Visums\u201d skaistumkonkursu, un 2013. gad\u0101 vi\u0146\u0161 nol\u0113ma fin\u0101lu r\u012bkot Maskav\u0101.<\/p>\n<p>Laik\u0101 pirms tam toreiz\u0113jais \u0145ujorkas biznesmenis iztur\u0113j\u0101s k\u0101 kl\u012br\u012bga pusaudze jaut\u0101jum\u0101 par to, vai Krem\u013ca priek\u0161nieks konkursu pagodin\u0101s ar savu kl\u0101tb\u016btni. <\/p>\n<p>Tviter\u012b Tramps rakst\u012bja \u0161\u0101di:<\/p>\n<p>\u201cVai j\u016bs uzskat\u0101t, ka novembr\u012b Putins apmekl\u0113s Mis Visums konkursu Maskav\u0101 un, ja t\u0101, vai vi\u0146\u0161 k\u013c\u016bs par manu jauno un lab\u0101ko draugu?\u201d<\/p>\n<p>Gr\u016bti spriest, k\u0101da interese tobr\u012bd past\u0101v\u0113ja Trampa galv\u0101, iz\u0146emot iesp\u0113ju, ka \u201cjaunais un lab\u0101kais draugs\u201d var\u0113tu padar\u012bt viegl\u0101ku uz\u0146\u0113m\u0113ja vulg\u0101ro tor\u0146u cel\u0161anu ar\u012b Krievij\u0101.<\/p>\n<blockquote><p>Reiz ar Krem\u013ca intens\u012bvu un pier\u0101d\u012btu pal\u012bdz\u012bbu Tramps k\u013cuva par ASV prezidentu, daudz uzman\u012bbas vi\u0146a Baltais nams bija spiests piev\u0113rst konkr\u0113ti jaut\u0101jumam par Maskavas iejauk\u0161anos Amerikas v\u0113l\u0113\u0161an\u0101s.<\/p><\/blockquote>\n<p>Pats Tramps ska\u013ci un atk\u0101rtoti noliedza, ka t\u0101 kaut kas b\u016btu noticis.  Amerikas Tieslietu ministrija iec\u0113la \u012bpa\u0161u prokuroru lietas izmekl\u0113\u0161anai.<\/p>\n<p>Bet visa pasaule 2018. gada vasar\u0101 Helsinkos redz\u0113ja Amerikas Savienoto Valstu prezidentu st\u0101vam uz skatuves ar sm\u012bno\u0161u Putinu blakus un par to, vai Krievija iejauc\u0101s 2016. gada v\u0113l\u0113\u0161an\u0101s n\u0101ca ar \u0161\u0101diem v\u0101rdiem:<\/p>\n<p>\u201cPrezidents Putins man nupat apliecin\u0101ja, ka vi\u0146\u0161 t\u0101 nedar\u012bja, un t\u0101p\u0113c nesaskatu nevienu iemeslu, k\u0101p\u0113c tas t\u0101 var\u0113tu b\u016bt.\u201d<\/p>\n<p>Visas Amerikas izl\u016bkdienesta a\u0123ent\u016bras p\u0113c k\u0101rtas bija konstat\u0113ju\u0161as, ka, j\u0101 v\u0113l\u0113\u0161an\u0101s bija liela iejauk\u0161an\u0101s no \u0101rzem\u0113m un, j\u0101, vain\u012bga pie t\u0101s bija konkr\u0113ti Krievija.<\/p>\n<p>Amerikas prezidents Helsinkos nonicin\u0101ja pats savas valsts izl\u016bkdienestus par labu r\u016bd\u012btam \u010dekas a\u0123entam, kur\u0161 attiec\u012bb\u0101s ar Trampu nep\u0101rprotami ir le\u013c\u013cu meistars un Tramps ir lelle.<\/p>\n<blockquote><p>Katr\u0101 gad\u012bjum\u0101 \u0161\u012b p\u0101rliec\u012bba par \u201cspeci\u0101l\u0101m attiec\u012bb\u0101m\u201d ir bijusi tas, kas Trampam alla\u017e ir licis dom\u0101t, ka tie\u0161i vi\u0146\u0161 at\u0161\u0137ir\u012bba no visiem p\u0101r\u0113jiem pasaules l\u012bderiem, prot Krem\u013ca bosu apv\u0101rdot.<\/p><\/blockquote>\n<p>Tie\u0161i t\u0101p\u0113c priek\u0161v\u0113l\u0113\u0161anu laik\u0101 apgalvojums, ka vi\u0146\u0161 Ukrainas situ\u0101ciju atrisin\u0101s viens, divi.  Bez probl\u0113m\u0101m un t\u016bdali\u0146 pat.<\/p>\n<p>Savuk\u0101rt \u0101rpus \u0161\u012b p\u0101rprast\u0101s draudz\u012bbas ir ar\u012b apst\u0101klis, ka Donalds Tramps ir pr\u0101tam neaptverams un neizm\u0113rojams narciss. <\/p>\n<p>Balto namu vi\u0146\u0161 ir p\u0101rv\u0113rtis par Lasvegasas bordeli ar zelt\u012btiem objektiem vis\u0101s mal\u0101s.  Vi\u0146\u0161 lika nojaukt v\u0113sturisk\u0101s celtnes v\u0113sturisko austrumu sp\u0101rnu un pazi\u0146oja, ka tur tiks uzcelta lepna balles z\u0101le Amerikas un pasaules bag\u0101tnieku izpriecai un izklaid\u0113m.<\/p>\n<p>\u0100rpus t\u0101, Tramps nep\u0101rtraukti ir apgalvojis, ka vi\u0146\u0161 pats person\u012bgi esot atrisin\u0101jis piecus vai varb\u016bt se\u0161us, vai varb\u016bt pat desmit da\u017e\u0101dus milit\u0101rus konfliktus, taj\u0101 skait\u0101 t\u0101dus, kur ir turpin\u0101ju\u0161ies sen un nevienam citam prezidentam nav izdevies tos atrisin\u0101t.<\/p>\n<p>\u0160\u012b v\u0101vu\u013co\u0161ana ir tikai ar vienu m\u0113r\u0137i, proti \u2013 v\u0101vu\u013cot\u0101jam nodro\u0161in\u0101t Nobela miera pr\u0113miju.<\/p>\n<p>Pirms pr\u0113mijas laure\u0101tes izzi\u0146o\u0161anas \u0161ogad Amerikas prezidents bie\u017ei vien sprieda, ka vi\u0146am jau pr\u0113mija pien\u0101ktos par ikkatru no atrisin\u0101tajiem konfliktiem, bet kop\u0101 \u0146emot \u2013 nu, k\u0101 var vi\u0146am to neiedot?<\/p>\n<p>Nelaime ar Amerikas prezidenta p\u0101rliec\u012bbu ir t\u0101da, ka vairum\u0101 gad\u012bjumu vi\u0146\u0161 sak\u0101s esam atrisin\u0101jis konfliktu, kur\u0161 turpin\u0101s.<\/p>\n<p>Redzam\u0101kais no tiem \u2013 Izra\u0113las vair\u0101kus gadus veiktais genoc\u012bds Gazas josl\u0101.  Trampa re\u017e\u012bms saorganiz\u0113ja lielu sapulci \u0112\u0123ipt\u0113, kur ar lielu pompu tika parakst\u012bts miera l\u012bgums.<\/p>\n<blockquote><p>Jau no pa\u0161a s\u0101kuma bija skaidrs, ka tur ir viena liela nelaime.  Konflikts bija starp Izra\u0113las valsti un Ham\u0101s teroristu organiz\u0101ciju, un ne t\u0101 viena, nedz t\u0101 otra nepiedal\u012bj\u0101s ceremonij\u0101 un nebija attiec\u012bg\u0101 l\u012bguma parakst\u012bt\u0101ja.<\/p><\/blockquote>\n<p>Un t\u0101 nu Izra\u0113la laik\u0101 p\u0113c \u0161\u012b \u201cmiera l\u012bguma\u201d st\u0101\u0161an\u0101s sp\u0113k\u0101 turpin\u0101ja bombard\u0113t Gazas joslu tad, kad t\u0101 tur saskat\u012bja vajadz\u012bbu.<\/p>\n<p>Savuk\u0101rt Ham\u0101s cilv\u0113ki atkl\u0101t\u0101 tekst\u0101 pateica, ka vi\u0146iem nav nek\u0101du pl\u0101nu atbru\u0146oties un Gaz\u0101 pamest varu.<\/p>\n<p>Citiem v\u0101rdiem sakot, akt\u012bva karo\u0161ana varb\u016bt vairs tur nenotiek, bet teikt, ka situ\u0101cija ir atrisin\u0101ta nevar neviens.  Cita starp\u0101 t\u0101p\u0113c, ka starptautiskaj\u0101 kopien\u0101 joproj\u0101m dz\u012bva ir doma par atsevi\u0161\u0137u Palest\u012bnas valsti Izra\u0113lai kaimi\u0146os.<\/p>\n<p>Pa\u0161reiz\u0113jais re\u017e\u012bms Izra\u0113l\u0101 ir skaidri licis saprast, ka t\u0101 tas neb\u016bs.  Gaz\u0101 tiks novilkta sv\u012btra, un vien\u0101 pus\u0113 joproj\u0101m b\u016bs Izra\u0113las sp\u0113ki, bet diviem miljoniem palest\u012bnie\u0161u n\u0101ksies saspiesties otraj\u0101 pus\u0113.<\/p>\n<p>K\u0101 teicu:  Teikt, ka situ\u0101cija ir atrisin\u0101ta, nevar neviens.<\/p>\n<p>Kambod\u017ea un Taizeme.  Trampa pompozit\u0101te, bet robe\u017estr\u012bdi un konflikti starp ab\u0101m valst\u012bm turpin\u0101s.<\/p>\n<p>Demokr\u0101tisk\u0101 Kongo republika un Ruanda. Trampa pompozit\u0101te, \u0161aj\u0101 gad\u012bjum\u0101 ar abu valstu prezidentu kl\u0101tb\u016btni Va\u0161ington\u0101, bet \u012bsi p\u0113c l\u012bguma parakst\u012b\u0161anas Ruandas sponsor\u0113tie nemiernieki Kongo p\u0101r\u0146\u0113ma v\u0113l vienu pils\u0113tu.<\/p>\n<p>Teikt, ka situ\u0101cija ir atrisin\u0101ta, nevar neviens.<\/p>\n<p>Savuk\u0101rt kas attiecas uz Ukrainu, pirms k\u0101da laici\u0146a, k\u0101 zin\u0101ms, Amerikas re\u017e\u012bms pazi\u0146oja, ka tas esot izstr\u0101d\u0101jis miera pl\u0101nu, un re\u017e\u012bms sagaida, ka visas iesaist\u012bt\u0101s puses par to teiks \u201curr\u0101!\u201d<\/p>\n<p>\u013boti \u0101tri izr\u0101d\u012bj\u0101s, ka patiesais \u0161\u012b pl\u0101na autors bija Kremlis, kur\u0161 to bija iesm\u0113r\u0113jis vienam no Trampa l\u012bdz kli\u0146\u0137im naivajiem un nepieredz\u0113ju\u0161ajiem \u201cs\u016bt\u0146iem.\u201d <\/p>\n<blockquote><p>Trampa narcisms bija tas, kur\u0161 lika publiski apgalvot, ka pl\u0101ns bija vi\u0146\u0113jais, lai ar\u012b taj\u0101 bija \u013coti skaidri noteikts, ka Ukraina b\u016bs spiesta atteikties no okup\u0113taj\u0101m teritorij\u0101m, krasi samazin\u0101t t\u0101s bru\u0146oto sp\u0113ku apjomus, un apzv\u0113r\u0113ties nekad, nekad neiesaist\u012bties starptautisk\u0101s alians\u0113s.<\/p><\/blockquote>\n<p>Ar ko pateikt \u2013 nek\u0101du Eiropas Savien\u012bbu un v\u0113l jo vair\u0101k nek\u0101du NATO.  Un nek\u0101du Krimas atdo\u0161anu, nek\u0101du Donbasa atbr\u012bvo\u0161anu.<\/p>\n<p>Pavisam skaidrs, Krem\u013ca patiesie m\u0113r\u0137i \u0161aj\u0101 vis\u0101.<\/p>\n<p>Laik\u0101 kop\u0161 tam ukrai\u0146i ir izstr\u0101d\u0101ju\u0161i pa\u0161i savu miera pl\u0101na variantu, ar\u012b atbalst\u012bt\u0101ji un sabiedrotie Rietumeirop\u0101 ar to ir nodarboju\u0161ies.<\/p>\n<p>14. decembr\u012b Ukrainas prezidents Volodimirs Zelenskis bija Berl\u012bne tikties ar amerik\u0101\u0146u un eiropie\u0161u l\u012bderiem.<\/p>\n<p>Fon\u0101 tam ir Amerikas prezidents, kur\u0161 turpina uzst\u0101t, ka Ukrainai vajag akcept\u0113t amerik\u0101\u0146u priek\u0161likumus agr\u0101k un nevis v\u0113l\u0101k.  <\/p>\n<p>Taj\u0101 skait\u0101 ar tipiski mel\u012bgo apgalvojumu, ka Ukrainas prezidents jaun\u0101ko variantu no Va\u0161ingtonas v\u0113l pat nebija izlas\u012bjis.<\/p>\n<p>Berl\u012bn\u0113 Ukrainas prezidents tik\u0101s ar ASV re\u017e\u012bma \u201cs\u016btni\u201d Vitkofu, ka ar\u012b ar prezidenta Trampa mies\u012bgo znotu Ku\u0161neru, kuram gan pirmaj\u0101, gan ar\u012b otraj\u0101 sievast\u0113va termi\u0146a laik\u0101 ir uzdots risin\u0101t vis\u0101dus jaut\u0101jumus, lai gan ofici\u0101la amata re\u017e\u012bm\u0101 vi\u0146am nav un diplom\u0101tij\u0101 vi\u0146am nav nek\u0101das pieredzes.<\/p>\n<p>Berl\u012bn\u0113 ar\u012b pulc\u0113j\u0101s Lielbrit\u0101nijas premjers, Francijas prezidents un V\u0101cijas kanclers.<\/p>\n<p>Viena t\u0113ma sarun\u0101m bija dro\u0161\u012bbas garantijas Ukrainai tad, kad konflikts b\u016bs beidzies.<\/p>\n<p>Ukrainas prezidents laikrakst\u0101 Kyiv Independent teica, ka t\u0101s var\u0113tu b\u016bt NATO dibin\u0101\u0161anas l\u012bguma 5. panta tipa garantijas, kuras b\u016btu j\u0101apstiprina visos attiec\u012bgajos parlamentos, taj\u0101 skait\u0101 ASV Sen\u0101t\u0101.<\/p>\n<p>Tas protams rada jaut\u0101jumu, k\u0101p\u0113c t\u0101d\u0101 gad\u012bjum\u0101 vienk\u0101r\u0161i neuz\u0146emt Ukrainu k\u0101 NATO dal\u012bbvalsti, jo t\u0101d\u0101 gad\u012bjum\u0101 5. panta garantijas b\u016btu autom\u0101tiskas un nevis t\u0101l\u0101k apsprie\u017eamas.<\/p>\n<p>Lieki teikt, t\u0101 patlaban neb\u016bt nav re\u0101la iesp\u0113ja, bet fakts ir t\u0101ds, ka jaut\u0101jumu un risin\u0101juma mekl\u0113\u0161anu pamat\u012bgi sare\u017e\u0123\u012b gan Amerikas prezidents gan ar\u012b re\u017e\u012bms Kreml\u012b.<\/p>\n<p>Tas pirmais \u2013 katru dienu no vi\u0146a n\u0101k kaut kas jauns un bie\u017ei vien diametr\u0101li pret\u0113js.<\/p>\n<p>Raugi:  Baltais nams, 2025. g. febru\u0101ris.  Ukrainas prezidentam Ov\u0101laj\u0101 kabinet\u0101 princip\u0101 tiek pateikts, ka vi\u0146am nek\u0101du iesp\u0113ju neesot, Ukraina piln\u012bgi noteikti konflikt\u0101 zaud\u0113s, un Ukrainai rok\u0101s nav nevienas sp\u0113l\u0113jamas k\u0101rts.<\/p>\n<p>Raugi:  Baltais nams, 2025. gada rudens.  Ukraina dro\u0161i vien uzvar\u0113s.  Ukraina noteikti var\u0113s atg\u016bt okup\u0113t\u0101s teritorijas.<\/p>\n<p>Baltais nams, p\u0101ris dienas v\u0113l\u0101k.  Ukraina noteikti neuzvar\u0113s, Ukraina nevar uzvar\u0113t pret daudz liel\u0101ku karasp\u0113ku, un visp\u0101r es, Donalds Tramps nekad neteicu neko citu.<\/p>\n<p>Apgalvot, ka vi\u0146\u0161 nav teicis kaut ko, ko ir dzird\u0113ju\u0161i un pierakst\u012bju\u0161i visi \u017eurn\u0101listi \u2013 tas \u0161\u012bm kadram ir pagalam rakstur\u012bgi, v\u0113l jo vair\u0101k t\u0101p\u0113c ka vi\u0146\u0161 vienm\u0113r var b\u013caut, ka rakst\u012btais ir \u201cfake news\u201d un t\u0101l\u0101kus jaut\u0101jumus par t\u0113mu ignor\u0113t.<\/p>\n<p>P\u0113d\u0113jo dienu laik\u0101 Amerikas prezidentam attiec\u012bb\u0101 uz Ukrainu ir bijis jauns j\u0101jamzirdzi\u0146\u0161.  Tur sen nav biju\u0161as v\u0113l\u0113\u0161anas, un t\u0101p\u0113c ir iemesls ap\u0161aub\u012bt Ukrainas prezidenta un likumdev\u0113ja pilnvaras un autorit\u0101ti.<\/p>\n<p>Uz to Ukrainas prezidents atbild\u0113ja, j\u0101, t\u0101 tas ir bijis.  Starp citu, Ukrainas Konstit\u016bcij\u0101 ir melns uz balta rakst\u012bts, ka kara st\u0101vok\u013ca laik\u0101 v\u0113l\u0113\u0161anas r\u012bkot nedr\u012bkst.<\/p>\n<p>Tas bija konteksts, kur\u0101 atkrita Augst\u0101k\u0101s padomes v\u0113l\u0113\u0161anas, k\u0101das bija paredz\u0113tas 2023. gad\u0101, k\u0101 ar\u012b Valsts prezidenta v\u0113l\u0113\u0161anas p\u0113rn.<\/p>\n<p>Var\u0113tu v\u0113l\u0113\u0161anas r\u012bkot ar\u012b patlaban, ja Amerikas prezidents t\u0101 dikti grib, bet vai Amerikas prezidents b\u016bs gatavs piln\u012bb\u0101 nodro\u0161in\u0101t, ka v\u0113l\u0113\u0161anu dien\u0101 Ukrain\u0101 b\u016bs absol\u016bta dro\u0161\u012bba?<\/p>\n<p>Kas garant\u0113s, ka v\u0113l\u0113\u0161anu iecirknim neuzgl\u016bn\u0113s k\u0101ds drons?  Kas garant\u0113s, kam\u0113r cilv\u0113ki st\u0101v rind\u0101 pie iecirk\u0146a, vi\u0146iem netr\u0101p\u012bs ra\u0137ete?<\/p>\n<p>Lieki teikt, t\u0101 kaut ko garant\u0113t nevar neviens, jo tas absol\u016bti noz\u012bm\u0113tu Ukrainas gaisa telpas sl\u0113g\u0161anu un \u013coti lielu nov\u0113rot\u0101ju skaitu uz zemes.  <\/p>\n<p>Bet ir ar\u012b Kremlis.  Krem\u013ca runasv\u012bri jau sen ir teiku\u0161i, ka vi\u0146i princip\u0101 nesaskata nevienu iemeslu, k\u0101p\u0113c b\u016btu j\u0101beidz karo\u0161ana Ukrain\u0101.<\/p>\n<p>Krievijas m\u016b\u017esenais (kop\u0161 2004. gada) \u0101rlietu ministrs Sergejs Lavrovs ir apgalvojis, ka Eiropa esot \u201chist\u0113riska\u201d par situ\u0101ciju Ukrain\u0101.  Bildis, ka Ukrainas n\u0101kotni vi\u0146a re\u017e\u012bms varot atrisin\u0101t kop\u0101 ar amerik\u0101\u0146iem un eiropie\u0161i tur nav vajadz\u012bgi visp\u0101r.<\/p>\n<p>Bet Krievijai patie\u0161\u0101m ne\u0161\u0137iet \u012bsta iemesla p\u0101rtraukt genoc\u012bdu.  T\u0101 ir iztur\u0113jusi visas sankcijas, k\u0101das pret to uzliktas, jo t\u0101 zina, ka pasaul\u0113 ir pietiekami daudz valstu, kuras ir gatavas balst\u012bt Krievijas tautsaimniec\u012bbu slepus.<\/p>\n<p>Saglab\u0101t Donbasu un uzst\u0101t uz Luganskas un Do\u0146etskas tautas republiku neatkar\u012bbu, kuru neatz\u012bs neviens cits, rad\u012bs \u0161aubas par to, vai Ukrainas robe\u017eas ir patie\u0161\u0101m stabilas.  L\u012bdz\u012bgs \u201carguments\u201d Kremlim ir bijis attiec\u012bb\u0101 uz Moldovu un Gruziju, kur abos gad\u012bjumos ar varu at\u0146emtas teritorijas un t\u0101s padar\u012btas par Krem\u013ca satel\u012btiem.<\/p>\n<p>Gruzij\u0101 patlaban pie teik\u0161anas ir Kremlim \u013coti draudz\u012bga politiska partija ar nosaukumu Gruzijas murgs.  T\u0101 patlaban no t\u0101l\u0101k\u0101m sarun\u0101m ar Eiropas Savien\u012bbu un NATO ir izst\u0101jusies pati savas vainas d\u0113\u013c.<\/p>\n<p>Tas pats nav sak\u0101ms par Moldovu un it \u012bpa\u0161i par Ukrainu.  Bet varam tic\u0113t, Kremlis dar\u012bs visu iesp\u0113jamo, lai blo\u0137\u0113tu vi\u0146u ce\u013cu uz starptautiskaj\u0101m alians\u0113m.<\/p>\n<p>\u0160is ir bijis d\u012bvains kar\u0161 t\u0101d\u0101 noz\u012bm\u0113, ka tas nav bijis tradicion\u0101ls zald\u0101ts pret zald\u0101tu process.<\/p>\n<p>S\u0101kum\u0101 tas t\u0101 bija.  Pirmaj\u0101 dien\u0101, kad s\u0101k\u0101s \u201cspeci\u0101l\u0101 milit\u0101r\u0101 oper\u0101cija\u201d no Baltkrievijas Ukrain\u0101 iebrauca gara kolonna da\u017e\u0101du sp\u0113kratu ar iero\u010diem, domai esot, ka pavisam \u0101tri t\u0101 b\u016bs Kijiv\u0101, Volodimira Zelenska vald\u012bba tiks g\u0101zta, un tur taps ielikta le\u013c\u013cu vald\u012bba, kura ne\u0101kst\u012bsies ar domu, ka vajag attiec\u012bbas ar rietumiem.<\/p>\n<p>Lieki teikt, t\u0101 nesan\u0101ca, galvenok\u0101rt t\u0101p\u0113c, ka krieviem ac\u012bmredzot nebija ien\u0101kusi pr\u0101t\u0101 doma par pieg\u0101\u017eu \u0137\u0113di savai kolonnai.  Reiz beidz\u0101s degviela, visas ma\u0161\u012bnas apst\u0101j\u0101s un Ukrainas medijos bija st\u0101sts par apjuku\u0161iem zald\u0101tiem, kuri nekur nevar atrast degvielas staciju.<\/p>\n<p>Cita starp\u0101 t\u0101p\u0113c, ka ukrai\u0146i jau laikus bija nov\u0101ku\u0161i visas ce\u013ca r\u0101d\u012bt\u0101ja z\u012bmes.<\/p>\n<p>Nebija ukrai\u0146i ar pliku roku \u0146emami, un nav vi\u0146i t\u0101di ari \u0161obaltdien.<\/p>\n<p>Bet jau visai sen t\u0101da tradicion\u0101la karo\u0161ana ir notikusi tikai Donbas\u0101.  Tur Kremlis ir pavirz\u012bjies pa p\u0101ris metriem uz priek\u0161u, pa p\u0101ris metriem atpaka\u013c jau daudzu m\u0113ne\u0161u garum\u0101.<\/p>\n<p>No turienes amerik\u0101\u0146u doma, ka Do\u0146etskas apgabalu var\u0113tu sadal\u012bt uz pus\u0113m.  Krievi saglab\u0101tu to pusi, kuru tie patlaban kontrol\u0113, bet otraj\u0101 pus\u0113 nevis b\u016btu ukrai\u0146u sp\u0113ki, bet gan demilitariz\u0113ta zona (Krem\u013ca variants) vai br\u012bv\u0101s tirdzniec\u012bbas zona (neizb\u0113gami merkantil\u0101 un alkat\u012bg\u0101 Balt\u0101 nama variants).<\/p>\n<p>Ta\u010du \u0101rpus t\u0101 katru nakti Ukrainas virzien\u0101 tiek iz\u0161autas desmitiem un simtiem ra\u0137etes un droni.  <\/p>\n<p>Un Ukraina no savas puses dara tie\u0161i t\u0101pat.  Katru dienu Kijivas laikrakstos uzskait\u012btas t\u0101s energoresursu iest\u0101des, naftas centr\u0101les, cauru\u013cvadi un citas instances, kur\u0101s ir ciemoju\u0161ies droni no Ukrainas un kuras l\u012bdz ar to ir izn\u012bcin\u0101tas vismaz da\u013c\u0113ji, ja ne piln\u012bb\u0101.<\/p>\n<p>Sanktp\u0113terburg\u0101 savulaik pirms k\u0101da laici\u0146a bija st\u0101sts, ka tur pazudu\u0161i visi Interneta un mobilie pakalpojumi, jo mobilais telefons \u013cauj saprast, kur t\u0101 lietot\u0101js atrodas un ar\u012b ap Sanktp\u0113terburgu s\u012bca ukrai\u0146u droni, kuri mekl\u0113ja kaut ko, kam uzbrukt.<\/p>\n<p>Krievi Sanktp\u0113terburg\u0101 par to bija dikti sa\u0161utu\u0161i \u2013 nevaram piezvan\u012bt, nevaram pas\u016bt\u012bt \u0113dienu uz m\u0101j\u0101m, visp\u0101r interneta nav!  <\/p>\n<p>Es par to lasot smaid\u012bju k\u0101 maija m\u0113nesti\u0146\u0161.  Ir nep\u0101rprotami skaidrs, ka krievu tauta patlaban v\u0113l nav l\u012bdz baltkv\u0113lei attiec\u012bb\u0101 uz t\u0101s f\u012brera avant\u016bru Ukrain\u0101, liel\u0101koties t\u0101p\u0113c, ka protest\u0113\u0161ana var noz\u012bm\u0113t lodi pakaus\u012b, bet ar\u012b t\u0101p\u0113c, ka krievi jau nekad nav dz\u012bvoju\u0161i norm\u0101la un demokr\u0101tisk\u0101 valst\u012b.<\/p>\n<p>Desmitgade starp PSRS sabrukumu un \u010dekista no Leipcigas uzn\u0101k\u0161anas uz skatuves \u2013 t\u0101 nebija norm\u0101la demokr\u0101tija, tie bija me\u017eon\u012bgie rietumi, kuri zin\u0101t\u0101ji sagr\u0101ba visu, kas bija sagr\u0101bjams.<\/p>\n<p>Tie\u0161i lielie oligarhi bija tie, kurus pa\u0161reiz\u0113jais Krem\u013ca boss pielika pie vietas \u012bsi p\u0113c tam, kad vi\u0146\u0161 st\u0101j\u0101s amat\u0101.<\/p>\n<p>Bet ja patlaban Sanktp\u0113terburgas \u013caud\u012bm rad\u012btas piekas\u012bgas ne\u0113rt\u012bbas, tad par to varu priec\u0101ties nudien.<\/p>\n<blockquote><p>Nezinu, k\u0101 beigsies s\u0101ga starp Krieviju un Ukrainu.  Visticam\u0101k b\u016bs j\u0101gaida l\u012bdz br\u012bdim, kad Vladimirs Putins noliks karoti.<\/p><\/blockquote>\n<p>Vi\u0146\u0161 person\u012bgi ir tas, kur\u0161 jau sen pateica, ka Padomju Savien\u012bbas sabrukums esot bijusi 20. gadsimta liel\u0101k\u0101 tra\u0123\u0113dija.<\/p>\n<p>Visu laiku kop\u0161 tam vi\u0146\u0161 ir centies atjaunot Padomju Savien\u012bbas teritoriju.  Baltkrievija jau tagad praktiski ir Krievijas feder\u0101cijas sast\u0101vda\u013ca.  Ukrainu bija paredz\u0113ts izn\u012bcin\u0101t pavisam un absorb\u0113t jaunaj\u0101 strukt\u016br\u0101.<\/p>\n<p>Trim Baltijas valst\u012bm no \u0161\u0101da likte\u0146a izdev\u0101s izmukt jau 2004. gad\u0101, kad NATO piekrita tr\u012bs mazas valsti\u0146as ar maziem bru\u0146otajiem sp\u0113ci\u0146iem \u0146emt sav\u0101 pulci\u0146\u0101.<\/p>\n<p>Uz mums nudien attiecas NATO dibin\u0101\u0161anas l\u012bguma 5. panta garantijas un NATO \u0123ener\u0101lsekret\u0101ri viens p\u0113c otra ir teiku\u0161i, ka alianse ir ap\u0146\u0113m\u012bbas pilna, sarg\u0101t ikkatru kvadr\u0101tcentimetru savu dal\u012bbvalstu teritorij\u0101s.<\/p>\n<p>Ukrai\u0146i nav peln\u012bju\u0161i slikt\u0101ku variantu.  T\u0101 ir lepna tauta ar lepnu v\u0113sturi un trad\u012bcij\u0101m.  M\u016bsdienu ukrai\u0146i nav vain\u012bgi pie v\u0113sturiskiem apsv\u0113rumiem par Kijivas valsti agr\u012bnajos viduslaikos un visu p\u0101r\u0113jo.<\/p>\n<p>Ja kas, 2014. gad\u0101 ukrai\u0146i nep\u0101rprotami pateica, ka vi\u0146i negrib ar Kremli, vi\u0146i grib ar rietumiem tad, kad no amata tika padz\u012bts l\u012bdz \u0101rpr\u0101tam korump\u0113tais prezidents Janukovi\u010ds.  <\/p>\n<p>Taj\u0101 pa\u0161\u0101 dien\u0101, kad notika tas, Kreml\u012b bija pirm\u0101 sapulce par Krimas okup\u0101ciju un anekt\u0113\u0161anu \u0101rpus vis\u0101m starptautisk\u0101 likuma pras\u012bb\u0101m.<\/p>\n<p>Pie\u013causim, da\u013ca no apr\u0113\u0137ina bija t\u0101da, ka neviens \u0101rpasaul\u0113 neb\u016bs sp\u0113j\u012bgs Kremli no \u0161\u0101da so\u013ca attur\u0113t.<\/p>\n<p>T\u0101 tas ar\u012b bija.  Vienlaikus ar Krimas okup\u0101ciju (kura s\u0101k\u0101s ar nudien amizanto st\u0101stu par \u201cmazajiem za\u013cajiem v\u012bri\u0146iem\u201d, kuri dom\u0101dami, ka vi\u0146i ie\u0146em viet\u0113j\u0101s pa\u0161vald\u012bbas namu, paties\u012bb\u0101 \u201cie\u0146\u0113ma\u201d pils\u0113tas opernamu) s\u0101k\u0101s marod\u0113\u0161ana Ukrainas dienvidaustrumos.  <\/p>\n<p>Ir fakts, ka uz pap\u012bra Ukraina patlaban nav gatava k\u013c\u016bt par Eiropas savien\u012bbas dal\u012bbvalsti.  Nupat nesen izskan\u0113ja mas\u012bvais korupcijas skand\u0101ls, kur\u0101 cita starp\u0101 bija iesaist\u012bts Ukrainas prezidenta biroja vad\u012bt\u0101js, kur\u0161 bija viens no prezidenta sen\u0101kajiem draugiem un sabiedrotajiem.<\/p>\n<p>Ja neb\u016btu noticis \u201cspeci\u0101lais milit\u0101rais pas\u0101kums,\u201d Ukraina patlaban varb\u016bt b\u016btu nok\u0101rtojusi da\u017eas no Eiropas Savien\u012bbas principu un noteikumu noda\u013c\u0101m.<\/p>\n<p>Ar okup\u0113to Krimu Ukraina nek\u0101di neb\u016btu k\u013cuvusi par NATO dal\u012bbvalsti.  Uz pap\u012bra, it \u012bpa\u0161i p\u0113c gandr\u012bz \u010detriem gadiem, kuru laik\u0101 ukrai\u0146i ir pier\u0101d\u012bju\u0161i, ka vi\u0146i ir lietas koks ar\u012b tad, ja ienaidnieka sp\u0113ki skait\u0101s esam daudz varen\u0101ki, Ukraina ir gatava piedal\u012bties starptautisk\u0101 milit\u0101r\u0101 alians\u0113 un daudz ko tai dot.<\/p>\n<p>Bet patlaban v\u0113l n\u0113.  Amerikas prezidents kr\u012bzi Ukrain\u0101 grib atrisin\u0101t pats sava narcisma un merkantilisma d\u0113\u013c.<\/p>\n<blockquote><p>Krem\u013ca barbari \u013coti skaidri ir devu\u0161i saprast, ka vi\u0146i nep\u0101rtrauks centienus Ukrainu samazin\u0101t un likvid\u0113t tik vien, cik tiem tas ir iesp\u0113jams, ne mazums t\u0101p\u0113c, ka Kremlis labi zina, ka \u0101rpasaul\u0113 nav neviena, kur\u0161 to var piespiest laboties.<\/p><\/blockquote>\n<p>Krietni vair\u0101k nek\u0101 miljons krievu pui\u0161u ir iesaukti savas valsts bru\u0146otajos sp\u0113kos un padar\u012bti par savas valsts lielgabala ga\u013cu cit\u0101 valst\u012b, kur tie ir kritu\u0161i.<\/p>\n<p>Var\u0113tu padom\u0101t, vi\u0146u mammas un \u0123imenes par t\u0101 kaut ko neb\u016btu saj\u016bsm\u0101 bet te varu atk\u0101rtoties \u2013 protest\u0113t pret re\u017e\u012bmu m\u016bsdienu Krievij\u0101 noz\u012bm\u0113 arestu un pazudin\u0101\u0161anu.<\/p>\n<p>Ir viens, kas ir Krem\u013ca r\u012bc\u012bb\u0101, kas ne\u013cauj to vienk\u0101r\u0161i nos\u016bt\u012bt tr\u012bs m\u0101jas t\u0101l\u0101k.  Tie, protams, ir kodoliero\u010di.<\/p>\n<p>Kremlis nekad nav bijis kautr\u012bgs par \u0161o iero\u010du \u017evadzin\u0101\u0161anu tad, kad tam liekas, ka kaut kas no \u0101rpasaules to ir p\u0101r\u0101k \u013coti apdraud\u0113jis.<\/p>\n<p>T\u0101 tas ar\u012b ir bijis p\u0113d\u0113j\u0101 laik\u0101.<\/p>\n<p>Vai Krem\u013ca \u0123ener\u0101\u013ci bosam \u013cautu iz\u0161aut kodolieroci zinot, ka atbilde b\u016bs kodolierocis pret\u0113j\u0101 virzien\u0101?  Aukst\u0101 kara laik\u0101 past\u0101v\u0113ja dikti ciniskais princips \u201cabpus\u0113ji garant\u0113ta izn\u012bc\u012bba\u201d par to, kas notiktu, ka k\u0101ds nolemtu test\u0113t kodolieroci k\u0101 kara sast\u0101vda\u013cu.<\/p>\n<p>Cer\u0113sim, ka tik t\u0101lu pasaule nenon\u0101ks.  Ukraina patlaban ir drausm\u012bg\u0101 st\u0101vokl\u012b.  Paldies visiem, kuri tai iet pal\u012bg\u0101, un saprat\u012bsim, ka neviens, taj\u0101 skait\u0101 Krem\u013ca boss, nedz\u012bvo m\u016b\u017e\u012bgi.<\/p>\n<blockquote><p>Ziemassv\u0113tki tuvojas.  Varam b\u016bt pateic\u012bgi, ka m\u0113s var\u0113sim svin\u0113t br\u012bv\u0101 un neatkar\u012bg\u0101 valst\u012b.  Sv\u0113tvakar\u0101 un sv\u0113tku dien\u0101 varb\u016bt n\u0101ksim ar l\u016bg\u0161anu, ka ar\u012b m\u016bsu br\u0101\u013ciem un m\u0101s\u0101m Ukrain\u0101 dr\u012bz sv\u0113tku svin\u0113\u0161ana nenotiks zem past\u0101v\u012bga drauda, ka vies\u012bb\u0101m uzkrit\u012bs drons vai ballistiska ra\u0137ete.<\/p><\/blockquote>\n<p>Slava Ukraini!<\/p>\n<p>LA.LV redakcija v\u0113r\u0161 uzman\u012bbu! \u0160aj\u0101 rakst\u0101 atspogu\u013cots autora subjekt\u012bvais viedoklis, kas var nesakrist ar redakcijas viedokli.<\/p>\n<p>T\u0113mas<\/p>\n<p>    SAIST\u012aTIE RAKSTI<\/p>\n","protected":false},"excerpt":{"rendered":"K\u0101rlis Streips Foto: Ieva L\u016bka\/LETA Cik v\u0113l ilgi Ukrainai b\u016bs j\u0101piecie\u0161 barbarisms no kaimi\u0146valsts puses? Febru\u0101r\u012b b\u016bs \u010detri&hellip;\n","protected":false},"author":2,"featured_media":62832,"comment_status":"","ping_status":"","sticky":false,"template":"","format":"standard","meta":{"footnotes":""},"categories":[14],"tags":[23,57,28,29,32,33,22,30,31,35,39,38,36,37,34,40,20,26,27,24,25,54,55,56,21,58],"class_list":{"0":"post-75087","1":"post","2":"type-post","3":"status-publish","4":"format-standard","5":"has-post-thumbnail","7":"category-zinas-no-arvalstim","8":"tag-aktualitates","9":"tag-arvalstim","10":"tag-breaking-news","11":"tag-breakingnews","12":"tag-featured-news","13":"tag-featurednews","14":"tag-headlines","15":"tag-latest-news","16":"tag-latestnews","17":"tag-latvia","18":"tag-latvian","19":"tag-latviesu","20":"tag-latviesu-valoda","21":"tag-latviesuvaloda","22":"tag-latvija","23":"tag-lv","24":"tag-news","25":"tag-popularakas-zinas","26":"tag-popularakaszinas","27":"tag-top-stories","28":"tag-topstories","29":"tag-world","30":"tag-world-news","31":"tag-worldnews","32":"tag-zinas","33":"tag-zinas-no-arvalstim"},"share_on_mastodon":{"url":"https:\/\/pubeurope.com\/@lv\/115722568710987292","error":""},"_links":{"self":[{"href":"https:\/\/www.europesays.com\/lv\/wp-json\/wp\/v2\/posts\/75087","targetHints":{"allow":["GET"]}}],"collection":[{"href":"https:\/\/www.europesays.com\/lv\/wp-json\/wp\/v2\/posts"}],"about":[{"href":"https:\/\/www.europesays.com\/lv\/wp-json\/wp\/v2\/types\/post"}],"author":[{"embeddable":true,"href":"https:\/\/www.europesays.com\/lv\/wp-json\/wp\/v2\/users\/2"}],"replies":[{"embeddable":true,"href":"https:\/\/www.europesays.com\/lv\/wp-json\/wp\/v2\/comments?post=75087"}],"version-history":[{"count":0,"href":"https:\/\/www.europesays.com\/lv\/wp-json\/wp\/v2\/posts\/75087\/revisions"}],"wp:featuredmedia":[{"embeddable":true,"href":"https:\/\/www.europesays.com\/lv\/wp-json\/wp\/v2\/media\/62832"}],"wp:attachment":[{"href":"https:\/\/www.europesays.com\/lv\/wp-json\/wp\/v2\/media?parent=75087"}],"wp:term":[{"taxonomy":"category","embeddable":true,"href":"https:\/\/www.europesays.com\/lv\/wp-json\/wp\/v2\/categories?post=75087"},{"taxonomy":"post_tag","embeddable":true,"href":"https:\/\/www.europesays.com\/lv\/wp-json\/wp\/v2\/tags?post=75087"}],"curies":[{"name":"wp","href":"https:\/\/api.w.org\/{rel}","templated":true}]}}