{"id":75093,"date":"2025-12-15T08:13:08","date_gmt":"2025-12-15T08:13:08","guid":{"rendered":"https:\/\/www.europesays.com\/lv\/75093\/"},"modified":"2025-12-15T08:13:08","modified_gmt":"2025-12-15T08:13:08","slug":"hawks-bez-porzinga-uzveic-76ers-tvnet-sports","status":"publish","type":"post","link":"https:\/\/www.europesays.com\/lv\/75093\/","title":{"rendered":"&quot;Hawks&quot; bez Porzi\u0146\u0123a uzveic &quot;76ers&quot; &#8211; TVNET Sports"},"content":{"rendered":"<ol>\n<li><a href=\"https:\/\/news.google.com\/rss\/articles\/CBMicEFVX3lxTFA5aDRncnpXOFh5TmQ5djhqWmhOYnQ2b3B0aHE1REdmOUNWWFRlQndESVoxOVBaSlhaeUNpNW45Q1YzYzJSRTRrZ2taSW1vRzlIdmpBaGU2TXc2M3ExbkxVTEpTUERKOE1GU29OVDAxTlI?oc=5\" target=\"_blank\" rel=\"nofollow noopener\">&#8220;Hawks&#8221; bez Porzi\u0146\u0123a uzveic &#8220;76ers&#8221;<\/a>&nbsp;&nbsp;TVNET Sports<\/li>\n<li><a href=\"https:\/\/news.google.com\/rss\/articles\/CBMirgFBVV95cUxPSHY1cVBDUjBFNTlFdXBqbEp1Q09KX290VzVvSnFtSlUxaVQ3eS1wQjNKeEd3b25lOE1DNlp6RHRrUkFrYmEzRHQxZ2hnVlk2VkN0cGNkcUJadVBsODFqMjlxLWVKbldaM0Qxak1xN0FZM1d3VzJnTUhoV2tpUUNNM1UtQWlGZVoyVm0yUW91ODlwQVF0Y1RKQ0JucHk4cEI0QWV3YTVNY3JmZDlxdEE?oc=5\" target=\"_blank\" rel=\"nofollow noopener\">Porzi\u0146\u0123is tuv\u0101kaj\u0101 laik\u0101 &#8220;Hawks&#8221; rind\u0101s laukum\u0101 nedosies \u2013 Basketbols<\/a>&nbsp;&nbsp;Sportacentrs.com<\/li>\n<li><a href=\"https:\/\/news.google.com\/rss\/articles\/CBMiwgFBVV95cUxPWlI1UnBEbUZJaW1jT2VlcEt1ZmRQSm5ZaVZDOGl2OWZ6aXloWExxLVY2ZzRZWG1nbmlaX09UQlFCdDdYOElBOHRJclF4ZHJvY3JUYUxERFl4SnhuU2Y1VDBaZy1pU29yeEJlQmdRalB2SjJOb0hDUW1BaHZ3bWRmcjJNN0kyV0xnNVo5UDdCQUlCX2NrRjBSN0tMeUc0TUR2cENKS0NOVFlfSGxLR19sWXZCTUdIM2VSUkdXSk1PS0RYQQ?oc=5\" target=\"_blank\" rel=\"nofollow noopener\">Porzi\u0146\u0123is vesel\u012bbas probl\u0113mu d\u0113\u013c nesp\u0113l\u0113s v\u0113l vismaz divas ned\u0113\u013cas<\/a>&nbsp;&nbsp;Delfi<\/li>\n<li><a href=\"https:\/\/news.google.com\/rss\/articles\/CBMiygFBVV95cUxOeTN5a2RhZmxIOFN1SWVyNGJBWUVhLU1sQjc4R1VvSXhrVHBmMjNoaWhLaTdxNGt5bk54ZHdhQkxuRXludTBNc1BSUmdfVVpuUC0wY0lxNnNfVnNvZEEwcG8wcVowbGdNZndpOC1Od0Zud3RQVTlCekh5T2tiOEt2cFU0QXN0b3U1OVp2NTF2OXA0T0gwMUl5RHp6NmJQSjNQZlZSQTVKdk1QdVpPWlloY2RCZk0tdXlnQVJWR1B4djY3ZmJhSlQzY1FR?oc=5\" target=\"_blank\" rel=\"nofollow noopener\">Porzi\u0146\u0123is vesel\u012bbas probl\u0113mu d\u0113\u013c nesp\u0113l\u0113s v\u0113l vismaz divas ned\u0113\u013cas \/ Raksts<\/a>&nbsp;&nbsp;LSM<\/li>\n<li><a href=\"https:\/\/news.google.com\/rss\/articles\/CBMiqAFBVV95cUxQMncza0dJOE1YYnQydUNBbDRwblhlRmdRM190TmJmR0xXWU42aS1lNGUtV2NNMHFXYU5Ma19vOHpzWnN2TE5TUENUVVczZmxXaGp0T3NQMTcxdG5EbWJuS3VKM2NqYXlJTVBEWU9TSVJfOTcweXNDbV9QZUZlVXlBajhjY0lMYTM1c1RjczVXV0RoR242QnZoZTZZelZsTHg5RGNnYlhydmQ?oc=5\" target=\"_blank\" rel=\"nofollow noopener\">Kas sagaida vair\u0101kus ma\u010dus izlaidu\u0161o Porzi\u0146\u0123i? \u017durn\u0101lists atkl\u0101j \u201cHawks\u201d pl\u0101nus<\/a>&nbsp;&nbsp;Sportazinas.com<\/li>\n<\/ol>\n","protected":false},"excerpt":{"rendered":"&#8220;Hawks&#8221; bez Porzi\u0146\u0123a uzveic &#8220;76ers&#8221;&nbsp;&nbsp;TVNET Sports Porzi\u0146\u0123is tuv\u0101kaj\u0101 laik\u0101 &#8220;Hawks&#8221; rind\u0101s laukum\u0101 nedosies \u2013 Basketbols&nbsp;&nbsp;Sportacentrs.com Porzi\u0146\u0123is vesel\u012bbas probl\u0113mu&hellip;\n","protected":false},"author":2,"featured_media":75094,"comment_status":"","ping_status":"","sticky":false,"template":"","format":"standard","meta":{"footnotes":""},"categories":[17],"tags":[5219,145,1098,1260,35,39,38,36,37,34,40,1258,67],"class_list":{"0":"post-75093","1":"post","2":"type-post","3":"status-publish","4":"format-standard","5":"has-post-thumbnail","7":"category-sports","8":"tag-atlantas-hawks","9":"tag-basketbols","10":"tag-basketbols-pasaule","11":"tag-kristaps-porzingis","12":"tag-latvia","13":"tag-latvian","14":"tag-latviesu","15":"tag-latviesu-valoda","16":"tag-latviesuvaloda","17":"tag-latvija","18":"tag-lv","19":"tag-nba","20":"tag-sports"},"share_on_mastodon":{"url":"https:\/\/pubeurope.com\/@lv\/115722584237303846","error":""},"_links":{"self":[{"href":"https:\/\/www.europesays.com\/lv\/wp-json\/wp\/v2\/posts\/75093","targetHints":{"allow":["GET"]}}],"collection":[{"href":"https:\/\/www.europesays.com\/lv\/wp-json\/wp\/v2\/posts"}],"about":[{"href":"https:\/\/www.europesays.com\/lv\/wp-json\/wp\/v2\/types\/post"}],"author":[{"embeddable":true,"href":"https:\/\/www.europesays.com\/lv\/wp-json\/wp\/v2\/users\/2"}],"replies":[{"embeddable":true,"href":"https:\/\/www.europesays.com\/lv\/wp-json\/wp\/v2\/comments?post=75093"}],"version-history":[{"count":0,"href":"https:\/\/www.europesays.com\/lv\/wp-json\/wp\/v2\/posts\/75093\/revisions"}],"wp:featuredmedia":[{"embeddable":true,"href":"https:\/\/www.europesays.com\/lv\/wp-json\/wp\/v2\/media\/75094"}],"wp:attachment":[{"href":"https:\/\/www.europesays.com\/lv\/wp-json\/wp\/v2\/media?parent=75093"}],"wp:term":[{"taxonomy":"category","embeddable":true,"href":"https:\/\/www.europesays.com\/lv\/wp-json\/wp\/v2\/categories?post=75093"},{"taxonomy":"post_tag","embeddable":true,"href":"https:\/\/www.europesays.com\/lv\/wp-json\/wp\/v2\/tags?post=75093"}],"curies":[{"name":"wp","href":"https:\/\/api.w.org\/{rel}","templated":true}]}}