{"id":75095,"date":"2025-12-15T08:15:15","date_gmt":"2025-12-15T08:15:15","guid":{"rendered":"https:\/\/www.europesays.com\/lv\/75095\/"},"modified":"2025-12-15T08:15:15","modified_gmt":"2025-12-15T08:15:15","slug":"divi-afganu-begli-neuzskata-ka-sieviete-ir-cilveks-un-nolemj-izvarot-piecpadsmitgadigu-meiteni","status":"publish","type":"post","link":"https:\/\/www.europesays.com\/lv\/75095\/","title":{"rendered":"Divi afg\u0101\u0146u b\u0113g\u013ci neuzskata, ka sieviete ir cilv\u0113ks, un nolemj izvarot piecpadsmitgad\u012bgu meiteni"},"content":{"rendered":"<p>                                                                    <img decoding=\"async\" src=\"https:\/\/www.europesays.com\/lv\/wp-content\/uploads\/2025\/12\/22130.jpg\" alt=\"Foto\" id=\"mainfoto\" \/><br \/> <br \/>\n                                    Haralds Brauns \u00b7 15.12.2025. \u00b7 <a href=\"\/\/m.pietiek.com\/lapa.php\/raksti\/divi_afganu_begli_neuzskata,_ka_sieviete_ir_cilveks,_un_nolemj_izvarot_piecpadsmitgadigu_meiteni\/komentari\">Koment\u0101ri (5)<\/a><\/p>\n<p id=\"share\">Iesaki rakstu:<br \/><a href=\"https:\/\/twitter.com\/intent\/tweet?text=Iesaku: Divi afg\u0101\u0146u b\u0113g\u013ci neuzskata, ka sieviete ir cilv\u0113ks, un nolemj izvarot piecpadsmitgad\u012bgu meiteni&amp;url=http:\/\/www.pietiek.com\/raksti\/divi_afganu_begli_neuzskata,_ka_sieviete_ir_cilveks,_un_nolemj_izvarot_piecpadsmitgadigu_meiteni\/\" rel=\"nofollow noopener\" target=\"_blank\"><img decoding=\"async\" src=\"https:\/\/www.europesays.com\/lv\/wp-content\/uploads\/2025\/12\/twt.png\" alt=\"Twitter\" border=\"0\" \/><\/a><br \/>\n                    <a href=\"https:\/\/www.facebook.com\/share.php?u=http:\/\/www.pietiek.com\/raksti\/divi_afganu_begli_neuzskata,_ka_sieviete_ir_cilveks,_un_nolemj_izvarot_piecpadsmitgadigu_meiteni\/\" rel=\"nofollow noopener\" target=\"_blank\"><img decoding=\"async\" src=\"https:\/\/www.europesays.com\/lv\/wp-content\/uploads\/2025\/12\/fcb.png\" alt=\"Facebook\" border=\"0\" \/><\/a><\/p>\n<p>                    <a href=\"http:\/\/www.pietiek.com\/raksti\/divi_afganu_begli_neuzskata,_ka_sieviete_ir_cilveks,_un_nolemj_izvarot_piecpadsmitgadigu_meiteni\/#\" onclick=\"DraugiemSay(&#039;Divi afg\u0101\u0146u b\u0113g\u013ci neuzskata, ka sieviete ir cilv\u0113ks, un nolemj izvarot piecpadsmitgad\u012bgu meiteni&#039;, &#039;http:\/\/www.pietiek.com\/raksti\/divi_afganu_begli_neuzskata,_ka_sieviete_ir_cilveks,_un_nolemj_izvarot_piecpadsmitgadigu_meiteni\/&#039;, &#039;Pietiek.com&#039;);return false;\" title=\"draugiem.lv\" rel=\"nofollow noopener\" target=\"_blank\"><img decoding=\"async\" src=\"https:\/\/www.europesays.com\/lv\/wp-content\/uploads\/2025\/12\/drg.png\" alt=\"Draugiem.lv\" border=\"0\" \/><\/a>\n                    <\/p>\n<p><p style=\"line-height: 19.5px;\">\u0160is ir k\u0101rt\u0113jais st\u0101sts par iek\u013caut\u012bbas politikas sek\u0101m, bet \u0161is gad\u012bjums ir ar fascin\u0113jo\u0161u devu cinisma. \u012asum\u0101: tiek izvarota pusaudze, bet izvarot\u0101ji tiek aizst\u0101v\u0113ti, sakot, ka vi\u0146i ir kultur\u0101li at\u0161\u0137ir\u012bgi un izvarot meiteni \u2013 tas ir norm\u0101li vi\u0146u kult\u016br\u0101. Bet visu p\u0113c k\u0101rtas.<\/p>\n<\/p>\n<p>9. decembr\u012b The Times zi\u0146oja, ka divi afg\u0101\u0146i, kuri ierad\u0101s Lielbrit\u0101nij\u0101 ar maz\u0101m laiv\u0101m, v\u0101rd\u0101 Jans Jahanzebs un Isrars Niazals, izvaroja 15 gadus vecu meiteni.<a href=\"https:\/\/www.thetimes.com\/uk\/crime\/article\/afghan-teenagers-raped-15-year-old-arrived-boats-2d9wj5sfv\" rel=\"nofollow noopener\" target=\"_blank\">[1]<\/a> Abi izvarot\u0101ji ir 17 gadus veci patv\u0113ruma mekl\u0113t\u0101ji.<\/p>\n<p>Jahanzebs cent\u0101s iek\u013c\u016bt Lielbrit\u0101nij\u0101 tr\u012bs reizes, l\u012bdz vi\u0146am tas beidzot izdev\u0101s \u0161\u012b gada janv\u0101r\u012b. Vi\u0146u izgl\u0101ba krasta apsardze p\u0113c tam, kad vi\u0146a piep\u016b\u0161am\u0101 laiva saboj\u0101j\u0101s. Niazals ierad\u0101s Lielbrit\u0101nij\u0101 pag\u0101ju\u0161\u0101 gada novembr\u012b. Visu \u0161o laiku abi dz\u012bvoja nodok\u013cu maks\u0101t\u0101ju apmaks\u0101t\u0101 mitekl\u012b l\u012bdz pat izvaro\u0161anai maij\u0101.<\/p>\n<p>Kas ir fantastiski: abu izvarot\u0101ju likum\u012bgie aizst\u0101vji v\u0113l\u0113j\u0101s, lai netiktu publiski paustas deta\u013cas par to, ka izvarot\u0101ji ir afg\u0101\u0146u patv\u0113ruma mekl\u0113t\u0101ji. Tas varot izrais\u012bt \u201cpla\u0161us sabiedriskus nemierus\u201d.<\/p>\n<p>Meiteni nolaup\u012bja Jahanzebs, kur\u0161 vi\u0146u ievilka noma\u013c\u0101 viet\u0101 park\u0101 un piezvan\u012bja savam draudzi\u0146am Niazalam, sakot \u201cn\u0101c \u0101tri\u201d, p\u0113c k\u0101 tas dr\u012bz ierad\u0101s un abi meiteni izvaroja.<\/p>\n<p>Nov\u0113ro\u0161anas kameru video par\u0101da, k\u0101 meitene l\u016bdz\u0101s, lai vi\u0146u palai\u017e va\u013c\u0101. Vi\u0146a zin\u0101ja, ka vi\u0146u izvaros, un l\u016bdza p\u0113c pal\u012bdz\u012bbas apk\u0101rt\u0113jiem, bet pal\u012bdz\u012bba nesekoja. Jahanzebs teica meitenei, lai vi\u0146a klus\u0113, un aizkl\u0101ja vi\u0146as muti ar roku.<\/p>\n<p>Izvarot\u0101 meitene teica sav\u0101 cietu\u0161\u0101 pazi\u0146ojum\u0101: \u201cDiena, kad es tiku izvarota, main\u012bja mani k\u0101 cilv\u0113ku. Es vairs neesmu laim\u012bga, bezr\u016bp\u012bga pusaudze. \u0160\u012b bija mana pirm\u0101 seksu\u0101l\u0101 pieredze. Tagad katru reizi, kad es izeju \u0101r\u0101, es nej\u016btos dro\u0161i. (..) Doma par cilv\u0113ku satik\u0161anu skol\u0101 man liek justies fiziski nelabi.\u201d<a href=\"https:\/\/www.thetimes.com\/uk\/crime\/article\/afghan-teenagers-raped-15-year-old-arrived-boats-2d9wj5sfv\" rel=\"nofollow noopener\" target=\"_blank\">[2]<\/a><\/p>\n<p>Meitenes m\u0101te sav\u0101 pazi\u0146ojum\u0101 bilda: \u201cM\u0113s esam noraudz\u012bju\u0161ies, k\u0101 m\u016bsu dz\u012bv\u012bg\u0101, laim\u012bg\u0101 un pa\u0161p\u0101rliecin\u0101t\u0101 meita ir sa\u0161\u013cukusi un cie\u0161 no trauksmes tik \u013coti, ka vi\u0146ai bie\u017ei ir fiziski slikti. \u0160is [izvaro\u0161ana] ir ietekm\u0113jusi katru vi\u0146as dz\u012bves aspektu. Kaut kas m\u016bsos visos sal\u016bza taj\u0101 dien\u0101.\u201d<a href=\"https:\/\/www.thetimes.com\/uk\/crime\/article\/afghan-teenagers-raped-15-year-old-arrived-boats-2d9wj5sfv\" rel=\"nofollow noopener\" target=\"_blank\">[3]<\/a><\/p>\n<p>D\u017eo\u0161ua Redklifs, kur\u0161 ties\u0101 p\u0101rst\u0101v\u0113ja Niazalu, teica, ka nabaga pusaudzis ir izg\u0101jis cauri traumai, redzot, k\u0101 tiek nogalin\u0101ts vi\u0146a t\u0113vs Afganist\u0101n\u0101.<\/p>\n<p>Un \u0161\u012b ir b\u016btisk\u0101k\u0101 da\u013ca, turpina Redklifs: \u201cPast\u0101v kult\u016bras at\u0161\u0137ir\u012bbas. Vi\u0146\u0161 [Niazals] nav pieradis pie sabiedr\u012bbas, kur\u0101 sievietes ir br\u012bvas un tiek uzskat\u012btas par l\u012bdzv\u0113rt\u012bg\u0101m v\u012brie\u0161iem. Vi\u0146\u0161 nav pieradis pie sabiedr\u012bbas, kur\u0101 alkohols ir br\u012bvi pieejams. Vi\u0146\u0161 ir mor\u0101li apmald\u012bjies. Past\u0101v milz\u012bgas kult\u016bras barjeras, kas ir k\u013cuvu\u0161as par milz\u012bg\u0101m mor\u0101l\u0101m barjer\u0101m.\u201d<a href=\"https:\/\/www.thetimes.com\/uk\/crime\/article\/afghan-teenagers-raped-15-year-old-arrived-boats-2d9wj5sfv\" rel=\"nofollow noopener\" target=\"_blank\">[4]<\/a><\/p>\n<p>V\u0113l Redklifs piebilda, ka izvarot\u0101js Niazals var\u0113tu \u201cnodro\u0161in\u0101t sev dz\u012bvi \u0161aj\u0101 valst\u012b\u201d p\u0113c atbr\u012bvo\u0161anas.<\/p>\n<p>Jahanzebam tika piespriests desmit gadu un asto\u0146u m\u0113ne\u0161u ilgs cietumsods, bet Niazalam devi\u0146i gadi un desmit m\u0113ne\u0161i.<\/p>\n<p>Cinisma paraugstunda<\/p>\n<p>Ir uz sekundi j\u0101apst\u0101jas un j\u0101aptver visas \u0161\u012bs lietas deta\u013cas.<\/p>\n<p>Divi sala\u0161\u0146as neleg\u0101li ierodas Eirop\u0101. Vi\u0146us vair\u0101kus m\u0113ne\u0161us uztur nodok\u013cu maks\u0101t\u0101ji. Vi\u0146i nav pieradu\u0161i pie kult\u016bras, kur sieviete ir l\u012bdzties\u012bgs cilv\u0113ks, un nolemj garlaic\u012bbas mazin\u0101\u0161anai izvarot piecpadsmitgad\u012bgu meiteni. P\u0113c tam abu izvarot\u0101ju aizst\u0101vji l\u016bdz, lai sabiedr\u012bbai netiktu paustas deta\u013cas par vi\u0146u izcelsmi. Abi izvarot\u0101ji v\u0113l cer p\u0113c atbr\u012bvo\u0161anas palikt Lielbrit\u0101nij\u0101 un \u201cnodro\u0161in\u0101t sev dz\u012bvi \u0161aj\u0101 valst\u012b\u201d.<\/p>\n<p>Pie t\u0101 ir novedusi da\u017e\u0101d\u012bbas un iek\u013caut\u012bbas politika, ko sludina ar\u012b m\u016bsu pa\u0161m\u0101ju progres\u012bvie ar protestiem \u201cMigr\u0101cija ir cilv\u0113kties\u012bbas\u201d.<a href=\":\/\/m.pietiek.com\/..\/raksti\/migracija_ir_cilvektiesibas,_jeb_ka_progresivie_ir_nolemusi_likvidet_latviju\/\">[5]<\/a><\/p>\n<p>Nobeigum\u0101 v\u0113l b\u016btiska deta\u013ca. Bie\u017ei (katru dienu) tiek sludin\u0101ts, ka visi, kuri ierodas Eirop\u0101 no tre\u0161aj\u0101m pasaules valst\u012bm, ir baigi liel\u0101 bag\u0101t\u012bba. Vi\u0146i ir in\u017eenieri, \u0101rsti, juristi, kosmonauti, skolot\u0101ji utt. Tad ko Lielbrit\u0101nijai ir devusi \u0161\u012b atv\u0113rto durvju politika \u2013 \u201cda\u017e\u0101d\u012bbas talanta\u201d uz\u0146em\u0161ana?<\/p>\n<p>Ekonomikas un biznesa p\u0113t\u012bjumu centrs (CEBR) nesen n\u0101ca klaj\u0101 ar zi\u0146u: briti l\u012bdz 2040. gadiem b\u016bs nabadz\u012bg\u0101ki nek\u0101 turki un latvie\u0161i!<a href=\"https:\/\/www.dailymail.co.uk\/news\/article-15208573\/Brits-set-poorer-Turks-Latvians-2040s-new-research-finds-UK-plummeting-global-economic-rankings.html\" rel=\"nofollow noopener\" target=\"_blank\">[6]<\/a><\/p>\n<p>Lielbrit\u0101nijas ekonomika turpina grimt, un tiek l\u0113sts, ka 2050. gad\u0101 britiem b\u016bs 46. liel\u0101kais IKP uz iedz\u012bvot\u0101ju pasaul\u0113. No 1998. un 2003. gada Lielbrit\u0101nija bija TOP 25, bet \u0161obr\u012bd ir jau 30.<\/p>\n<p>CEBR atkl\u0101ja, ka Lietuva p\u0101rsniegs Lielbrit\u0101nijas r\u0101d\u012bt\u0101jus l\u012bdz 2030. gadam, bet \u010cehija un Sa\u016bda Ar\u0101bija l\u012bdz 2031. gadam, Polija l\u012bdz 2034. gadam. 2043. gad\u0101 pat Latvijas un Turcijas IKP uz iedz\u012bvot\u0101ju b\u016bs liel\u0101ks nek\u0101 britiem.<\/p>\n<p>T\u0101tad secin\u0101jums ir tikai viens: kam\u0113r visas pasaules sala\u0161\u0146\u0101m un laimes mekl\u0113t\u0101jiem tiek izmaks\u0101ti t\u016bksto\u0161iem m\u0101rci\u0146u lieli pabalsti, pie\u0161\u0137irti bezmaksas mitek\u013ci, Lielbrit\u0101nija turpina sl\u012bkt m\u0113slos. Lielbrit\u0101nija ir atdevusi visu, kas tai ir, tostarp pan\u0101kusi, ka briti b\u016bs minorit\u0101te pa\u0161i sav\u0101 valst\u012b l\u012bdz gadsimta beig\u0101m, bet nav ieguvusi neko. Pat ne ekonomisku labumu.<\/p>\n<p>Visi kosmonauti, juristi un in\u017eenieri ir noraku\u0161i Lielbrit\u0101niju, un da\u017e\u0101d\u012bbas projekts ir izg\u0101zies. Cerams, ka no \u0161\u012bm k\u013c\u016bd\u0101m var\u0113sim m\u0101c\u012bties m\u0113s un citas norm\u0101las valstis k\u0101 Polija, kura, starp citu, bez da\u017e\u0101d\u012bbas un iek\u013caut\u012bbas ir iek\u013cuvusi TOP 20 liel\u0101ko ekonomiku pulk\u0101.<\/p>\n<p>Nov\u0113rt\u0113 \u0161o rakstu:<\/p>\n<p>54<\/p>\n<p>0<\/p>\n<p>                <script async src=\"https:\/\/platform.twitter.com\/widgets.js\" charset=\"utf-8\"><\/script><\/p>\n","protected":false},"excerpt":{"rendered":"Haralds Brauns \u00b7 15.12.2025. \u00b7 Koment\u0101ri (5) Iesaki rakstu: \u0160is ir k\u0101rt\u0113jais st\u0101sts par iek\u013caut\u012bbas politikas sek\u0101m, bet&hellip;\n","protected":false},"author":2,"featured_media":75096,"comment_status":"","ping_status":"","sticky":false,"template":"","format":"standard","meta":{"footnotes":""},"categories":[14],"tags":[23,57,28,29,32,33,22,30,31,35,39,38,36,37,34,40,20,26,27,24,25,54,55,56,21,58],"class_list":{"0":"post-75095","1":"post","2":"type-post","3":"status-publish","4":"format-standard","5":"has-post-thumbnail","7":"category-zinas-no-arvalstim","8":"tag-aktualitates","9":"tag-arvalstim","10":"tag-breaking-news","11":"tag-breakingnews","12":"tag-featured-news","13":"tag-featurednews","14":"tag-headlines","15":"tag-latest-news","16":"tag-latestnews","17":"tag-latvia","18":"tag-latvian","19":"tag-latviesu","20":"tag-latviesu-valoda","21":"tag-latviesuvaloda","22":"tag-latvija","23":"tag-lv","24":"tag-news","25":"tag-popularakas-zinas","26":"tag-popularakaszinas","27":"tag-top-stories","28":"tag-topstories","29":"tag-world","30":"tag-world-news","31":"tag-worldnews","32":"tag-zinas","33":"tag-zinas-no-arvalstim"},"share_on_mastodon":{"url":"https:\/\/pubeurope.com\/@lv\/115722592417256207","error":""},"_links":{"self":[{"href":"https:\/\/www.europesays.com\/lv\/wp-json\/wp\/v2\/posts\/75095","targetHints":{"allow":["GET"]}}],"collection":[{"href":"https:\/\/www.europesays.com\/lv\/wp-json\/wp\/v2\/posts"}],"about":[{"href":"https:\/\/www.europesays.com\/lv\/wp-json\/wp\/v2\/types\/post"}],"author":[{"embeddable":true,"href":"https:\/\/www.europesays.com\/lv\/wp-json\/wp\/v2\/users\/2"}],"replies":[{"embeddable":true,"href":"https:\/\/www.europesays.com\/lv\/wp-json\/wp\/v2\/comments?post=75095"}],"version-history":[{"count":0,"href":"https:\/\/www.europesays.com\/lv\/wp-json\/wp\/v2\/posts\/75095\/revisions"}],"wp:featuredmedia":[{"embeddable":true,"href":"https:\/\/www.europesays.com\/lv\/wp-json\/wp\/v2\/media\/75096"}],"wp:attachment":[{"href":"https:\/\/www.europesays.com\/lv\/wp-json\/wp\/v2\/media?parent=75095"}],"wp:term":[{"taxonomy":"category","embeddable":true,"href":"https:\/\/www.europesays.com\/lv\/wp-json\/wp\/v2\/categories?post=75095"},{"taxonomy":"post_tag","embeddable":true,"href":"https:\/\/www.europesays.com\/lv\/wp-json\/wp\/v2\/tags?post=75095"}],"curies":[{"name":"wp","href":"https:\/\/api.w.org\/{rel}","templated":true}]}}