{"id":75097,"date":"2025-12-15T08:16:13","date_gmt":"2025-12-15T08:16:13","guid":{"rendered":"https:\/\/www.europesays.com\/lv\/75097\/"},"modified":"2025-12-15T08:16:13","modified_gmt":"2025-12-15T08:16:13","slug":"gps-traucejumu-skaits-latvijas-gaisa-telpa-ir-dramatiski-pieaudzis","status":"publish","type":"post","link":"https:\/\/www.europesays.com\/lv\/75097\/","title":{"rendered":"GPS trauc\u0113jumu skaits Latvijas gaisa telp\u0101 ir dramatiski pieaudzis"},"content":{"rendered":"<p>Tostarp \u0161ogad novembr\u012b fiks\u0113ti 55 GPS trauc\u0113jumi, kas ir 27,6% maz\u0101k nek\u0101 p\u0113rn novembr\u012b, kad trauc\u0113jumi tika fiks\u0113ti 76 reizes. Pag\u0101ju\u0161aj\u0101 gad\u0101 kop\u0101 tika fiks\u0113ti 820 GPS trauc\u0113jumu, 2023. gad\u0101 &#8211; 342 gad\u012bjumi, bet 2022. gad\u0101 &#8211; 26 gad\u012bjumi. LGS iepriek\u0161 atz\u012bm\u0113ja, ka, apkopojot \u0161os datus, netiek atsevi\u0161\u0137i izdal\u012bta inform\u0101cija par konkr\u0113t\u0101m aviokomp\u0101nij\u0101m.<\/p>\n","protected":false},"excerpt":{"rendered":"Tostarp \u0161ogad novembr\u012b fiks\u0113ti 55 GPS trauc\u0113jumi, kas ir 27,6% maz\u0101k nek\u0101 p\u0113rn novembr\u012b, kad trauc\u0113jumi tika fiks\u0113ti&hellip;\n","protected":false},"author":2,"featured_media":75098,"comment_status":"","ping_status":"","sticky":false,"template":"","format":"standard","meta":{"footnotes":""},"categories":[12],"tags":[23,28,29,32,33,22,30,31,35,39,38,36,37,34,40,20,26,27,24,25,21],"class_list":{"0":"post-75097","1":"post","2":"type-post","3":"status-publish","4":"format-standard","5":"has-post-thumbnail","7":"category-latvija","8":"tag-aktualitates","9":"tag-breaking-news","10":"tag-breakingnews","11":"tag-featured-news","12":"tag-featurednews","13":"tag-headlines","14":"tag-latest-news","15":"tag-latestnews","16":"tag-latvia","17":"tag-latvian","18":"tag-latviesu","19":"tag-latviesu-valoda","20":"tag-latviesuvaloda","21":"tag-latvija","22":"tag-lv","23":"tag-news","24":"tag-popularakas-zinas","25":"tag-popularakaszinas","26":"tag-top-stories","27":"tag-topstories","28":"tag-zinas"},"share_on_mastodon":{"url":"https:\/\/pubeurope.com\/@lv\/115722596262079266","error":""},"_links":{"self":[{"href":"https:\/\/www.europesays.com\/lv\/wp-json\/wp\/v2\/posts\/75097","targetHints":{"allow":["GET"]}}],"collection":[{"href":"https:\/\/www.europesays.com\/lv\/wp-json\/wp\/v2\/posts"}],"about":[{"href":"https:\/\/www.europesays.com\/lv\/wp-json\/wp\/v2\/types\/post"}],"author":[{"embeddable":true,"href":"https:\/\/www.europesays.com\/lv\/wp-json\/wp\/v2\/users\/2"}],"replies":[{"embeddable":true,"href":"https:\/\/www.europesays.com\/lv\/wp-json\/wp\/v2\/comments?post=75097"}],"version-history":[{"count":0,"href":"https:\/\/www.europesays.com\/lv\/wp-json\/wp\/v2\/posts\/75097\/revisions"}],"wp:featuredmedia":[{"embeddable":true,"href":"https:\/\/www.europesays.com\/lv\/wp-json\/wp\/v2\/media\/75098"}],"wp:attachment":[{"href":"https:\/\/www.europesays.com\/lv\/wp-json\/wp\/v2\/media?parent=75097"}],"wp:term":[{"taxonomy":"category","embeddable":true,"href":"https:\/\/www.europesays.com\/lv\/wp-json\/wp\/v2\/categories?post=75097"},{"taxonomy":"post_tag","embeddable":true,"href":"https:\/\/www.europesays.com\/lv\/wp-json\/wp\/v2\/tags?post=75097"}],"curies":[{"name":"wp","href":"https:\/\/api.w.org\/{rel}","templated":true}]}}