{"id":75099,"date":"2025-12-15T08:17:10","date_gmt":"2025-12-15T08:17:10","guid":{"rendered":"https:\/\/www.europesays.com\/lv\/75099\/"},"modified":"2025-12-15T08:17:10","modified_gmt":"2025-12-15T08:17:10","slug":"pec-vairaku-gadu-desmitu-partraukuma-sv-petera-baznicas-torna-pulkstenis-radis-pareizu-laiku","status":"publish","type":"post","link":"https:\/\/www.europesays.com\/lv\/75099\/","title":{"rendered":"P\u0113c vair\u0101ku gadu desmitu p\u0101rtraukuma Sv. P\u0113tera bazn\u012bcas tor\u0146a pulkstenis r\u0101d\u012bs pareizu laiku"},"content":{"rendered":"<p>Pulkste\u0146a atjauno\u0161anu veica viens no iev\u0113rojam\u0101kajiem V\u0101cijas pulkste\u0146u ra\u017eot\u0101jiem kop\u0101 ar viet\u0113jiem amatniekiem, bet l\u012bdzek\u013cus nodro\u0161in\u0101ja ziedot\u0101ju atbalsts. Jaunais pulkste\u0146a meh\u0101nisms r\u0101da prec\u012bzu laiku vis\u0101s \u010detr\u0101s tor\u0146a ciparn\u012bc\u0101s, izmantojot Eiropas laika sign\u0101lu, ko uztv\u0113r\u0113jantena sa\u0146em un novada uz \u010detriem atsevi\u0161\u0137iem meh\u0101nismiem.<\/p>\n<p>R\u012bgas Sv\u0113t\u0101 P\u0113tera bazn\u012bcas pulkste\u0146a v\u0113sture ir cie\u0161i saist\u012bta ar bazn\u012bcas likteni. 1941. gad\u0101 kara laik\u0101 pulkste\u0146a meh\u0101nisms kop\u0101 ar bazn\u012bcas zvaniem g\u0101ja boj\u0101. Padomju gados t\u0101 viet\u0101 uzst\u0101d\u012bja Arm\u0113nijas pulkste\u0146u kombin\u0101t\u0101 izgatavotu meh\u0101nismu, kam v\u0113l\u0101k rad\u0101s da\u017e\u0101das tehniskas probl\u0113mas. Tagad torn\u012b laiku skaita moderns un ilgm\u016b\u017e\u012bgs risin\u0101jums, kas apvieno lab\u0101k\u0101s pulkste\u0146u meh\u0101nismu ra\u017eo\u0161anas trad\u012bcijas un augstu precizit\u0101ti.<\/p>\n<p>N\u0101kotn\u0113 jaunajam pulkste\u0146a meh\u0101nismam var\u0113s pievienot ar\u012b zvanu ska\u0146as ik stundu vai pusstundu, ta\u010du tam nepiecie\u0161ami papildu l\u012bdzek\u013ci, ko pl\u0101nots piesaist\u012bt no ziedojumiem. Uzst\u0101d\u012bt torn\u012b \u012bstu zvanu stundu skait\u012b\u0161anai \u0161obr\u012bd ne\u013cauj tor\u0146a konstrukcija, jo eso\u0161\u0101s tor\u0146a l\u016bkas tam ir par \u0161auru. T\u0101p\u0113c tiek mekl\u0113ti alternat\u012bvi risin\u0101jumi, kas saglab\u0101tu autentisku zvana ska\u0146u.<\/p>\n<p>Padomju laik\u0101 izmantoto pulkste\u0146a meh\u0101nismu pl\u0101nots restaur\u0113t un p\u0113c tor\u0146a telpu atjauno\u0161anas izst\u0101d\u012bt apskatei. Tas tiks papildin\u0101ts ar nelielu ciparn\u012bcu, lai skat\u012bt\u0101ji var\u0113tu saprast t\u0101 darb\u012bbas principu.<\/p>\n<p>Sv\u0113t\u0101 P\u0113tera <a href=\"https:\/\/www.tvnet.lv\/term\/573682\/baznica\" class=\"topicLink\" target=\"_blank\" rel=\"nofollow noopener\">bazn\u012bca<\/a> ir augst\u0101k\u0101 R\u012bgas bazn\u012bca, iev\u0113rojams gotikas stila 13. gs. valsts noz\u012bmes arhitekt\u016bras piemineklis, Reform\u0101cijas kust\u012bbas \u0161\u016bpulis ne tikai Latvij\u0101, bet vis\u0101 Livonij\u0101. L\u012bdz 2022. gadam bazn\u012bcu apsaimniekoja R\u012bgas dome. 2022. gada mart\u0101 Saeima pie\u0146\u0113ma \u012bpa\u0161u &#8220;R\u012bgas Sv\u0113t\u0101 P\u0113tera bazn\u012bcas likumu&#8221;, bazn\u012bcu nododot v\u0113sturiskajam \u012bpa\u0161niekam &#8211; Latvijas Eva\u0146\u0123\u0113liski luterisk\u0101s bazn\u012bcas un V\u0101cu Sv\u0113t\u0101 P\u0113tera draudzes nodibin\u0101jumam. \u0160obr\u012bd norit pla\u0161i bazn\u012bcas atjauno\u0161anas darbi.<\/p>\n","protected":false},"excerpt":{"rendered":"Pulkste\u0146a atjauno\u0161anu veica viens no iev\u0113rojam\u0101kajiem V\u0101cijas pulkste\u0146u ra\u017eot\u0101jiem kop\u0101 ar viet\u0113jiem amatniekiem, bet l\u012bdzek\u013cus nodro\u0161in\u0101ja ziedot\u0101ju atbalsts.&hellip;\n","protected":false},"author":2,"featured_media":75100,"comment_status":"","ping_status":"","sticky":false,"template":"","format":"standard","meta":{"footnotes":""},"categories":[5],"tags":[23,3034,28,29,32,33,22,30,31,35,39,38,36,37,34,40,20,26,27,19090,24,25,21],"class_list":{"0":"post-75099","1":"post","2":"type-post","3":"status-publish","4":"format-standard","5":"has-post-thumbnail","7":"category-aktualitates","8":"tag-aktualitates","9":"tag-baznica","10":"tag-breaking-news","11":"tag-breakingnews","12":"tag-featured-news","13":"tag-featurednews","14":"tag-headlines","15":"tag-latest-news","16":"tag-latestnews","17":"tag-latvia","18":"tag-latvian","19":"tag-latviesu","20":"tag-latviesu-valoda","21":"tag-latviesuvaloda","22":"tag-latvija","23":"tag-lv","24":"tag-news","25":"tag-popularakas-zinas","26":"tag-popularakaszinas","27":"tag-rigas-sveta-petera-baznica","28":"tag-top-stories","29":"tag-topstories","30":"tag-zinas"},"share_on_mastodon":{"url":"https:\/\/pubeurope.com\/@lv\/115722599968459879","error":""},"_links":{"self":[{"href":"https:\/\/www.europesays.com\/lv\/wp-json\/wp\/v2\/posts\/75099","targetHints":{"allow":["GET"]}}],"collection":[{"href":"https:\/\/www.europesays.com\/lv\/wp-json\/wp\/v2\/posts"}],"about":[{"href":"https:\/\/www.europesays.com\/lv\/wp-json\/wp\/v2\/types\/post"}],"author":[{"embeddable":true,"href":"https:\/\/www.europesays.com\/lv\/wp-json\/wp\/v2\/users\/2"}],"replies":[{"embeddable":true,"href":"https:\/\/www.europesays.com\/lv\/wp-json\/wp\/v2\/comments?post=75099"}],"version-history":[{"count":0,"href":"https:\/\/www.europesays.com\/lv\/wp-json\/wp\/v2\/posts\/75099\/revisions"}],"wp:featuredmedia":[{"embeddable":true,"href":"https:\/\/www.europesays.com\/lv\/wp-json\/wp\/v2\/media\/75100"}],"wp:attachment":[{"href":"https:\/\/www.europesays.com\/lv\/wp-json\/wp\/v2\/media?parent=75099"}],"wp:term":[{"taxonomy":"category","embeddable":true,"href":"https:\/\/www.europesays.com\/lv\/wp-json\/wp\/v2\/categories?post=75099"},{"taxonomy":"post_tag","embeddable":true,"href":"https:\/\/www.europesays.com\/lv\/wp-json\/wp\/v2\/tags?post=75099"}],"curies":[{"name":"wp","href":"https:\/\/api.w.org\/{rel}","templated":true}]}}