{"id":75103,"date":"2025-12-15T08:22:08","date_gmt":"2025-12-15T08:22:08","guid":{"rendered":"https:\/\/www.europesays.com\/lv\/75103\/"},"modified":"2025-12-15T08:22:08","modified_gmt":"2025-12-15T08:22:08","slug":"riga-aicina-uz-sirsnigiem-pasakumiem-un-koncertiem-ziemassvetkos-2","status":"publish","type":"post","link":"https:\/\/www.europesays.com\/lv\/75103\/","title":{"rendered":"R\u012bga aicina uz sirsn\u012bgiem pas\u0101kumiem un koncertiem Ziemassv\u0113tkos"},"content":{"rendered":"<p class=\"ContactInformationCxSpFirst\">Ceturt\u0101s adventes ned\u0113\u013c\u0101 r\u012bdziniekiem b\u016bs iesp\u0113ja baud\u012bt da\u017e\u0101dus koncertus, masku darbn\u012bcas, k\u0101 ar\u012b tradicion\u0101lo blu\u0137a vakaru un maskoto g\u0101jienu. Savuk\u0101rt Ziemassv\u0113tkos pa\u0161vald\u012bba iepriecin\u0101s ar koncertprogramm\u0101m koncertz\u0101l\u0113s un bazn\u012bc\u0101s. <\/p>\n<p class=\"ContactInformationCxSpMiddle\">Ceturt\u0101s adventes ned\u0113\u013c\u0101 pa\u0161vald\u012bba aicina uz vair\u0101kiem koncertiem \u2013 17. decembr\u012b plkst.\u00a019.00 r\u012bdzinieki aicin\u0101ti uz koncertz\u0101les \u201cAve Sol\u201d koncertu \u201cSatik\u0161an\u0101s\u201d, kur\u0101 uzst\u0101sies jauktais koris \u201cSonante\u201d; 18. decembr\u012b plkst. 18.00 kult\u016bras pils \u201cZieme\u013cbl\u0101zma\u201d pied\u0101v\u0101 muzik\u0101lo izr\u0101di b\u0113rniem \u201cKazl\u0113ni un vilks\u201d, kur\u0101 b\u016bs iesp\u0113ja dzird\u0113t b\u0113rnu vok\u0101lo studiju \u201cKn\u012bpas un Knau\u0137i\u201d. VEF Kult\u016bras pils Kamerz\u0101l\u0113 plkst. 19.00 Ziemassv\u0113tku koncert\u0101 muzic\u0113s sievie\u0161u koris \u201cDzintars\u201d. Ieejas maksa 5 eiro. Savuk\u0101rt plkst.\u00a019.00 r\u012bdzinieki aicin\u0101ti piedal\u012bties kult\u016bras un tautas m\u0101kslas centra \u201cRitums\u201d lekcij\u0101 un tradicion\u0101lo masku izgatavo\u0161anas darbn\u012bc\u0101. Dal\u012bbas maksa 10 eiro. <\/p>\n<p>Blu\u0137a vakars un maskotais g\u0101jiens<\/p>\n<p class=\"ContactInformationCxSpMiddle\">19. decembr\u012b no plkst. 18.00 l\u012bdz 20.30 R\u0101tslaukum\u0101 norisin\u0101sies tradicion\u0101lais blu\u0137a vakars un maskotais g\u0101jiens mar\u0161rut\u0101 R\u0101tslaukums\u2013Sk\u0101r\u0146u iela\u2013Aud\u0113ju iela\u2013Va\u013c\u0146u iela\u2013Ka\u013c\u0137u iela\u2013L\u012bvu laukums\u2013Zirgu iela\u2013Doma laukums\u2013R\u0101tslaukums. R\u0101tslaukum\u0101 ugunskura iedeg\u0161ana un ziemas saulgrie\u017eu tradicion\u0101l\u0101s ritu\u0101l\u0101s darb\u012bbas, dan\u010di un sadzied\u0101\u0161an\u0101s. Piedal\u0101s folkloras kopas no R\u012bgas un novadiem.<\/p>\n<p class=\"ContactInformationCxSpMiddle\">Savuk\u0101rt kult\u016bras centr\u0101 \u201cImanta\u201d plkst. 19.00 var\u0113s klaus\u012bties koncertprogrammu \u201cD\u017eezs un Ziemassv\u0113tki ar Santas \u0160illeres d\u017eeza sekstetu un jaunie\u0161u kori \u201cVecr\u012bga\u201d. Bezmaksas iel\u016bgumi pieejami \u201cBi\u013ce\u0161u parad\u012bzes\u201d kas\u0113s. <\/p>\n<p class=\"ContactInformationCxSpMiddle\">Sv\u0113tku rado\u0161\u0101s darbn\u012bcas \u201cEgl\u012btes rot\u0101jums\u201d 19. decembr\u012b plkst. 12.00\u201313.30 un 15.00\u201316.30 norisin\u0101sies R\u012bgas Porcel\u0101na muzej\u0101. Tematiskaj\u0101 rado\u0161aj\u0101 darbn\u012bc\u0101 var\u0113s izgatavot vienu porcel\u0101na suven\u012bru vai a\u017e\u016bru rot\u0101jumu, izmantojot lejamo porcel\u0101na masu. Dal\u012bbai darbn\u012bc\u0101 \u012bpa\u0161i aicin\u0101tas \u0123imenes ar b\u0113rniem no 10 gadu vecuma, jaunie\u0161i, seniori, k\u0101 ar\u012b cilv\u0113ki ar kust\u012bbu trauc\u0113jumiem, individu\u0101li vai personu grup\u0101s l\u012bdz 10 cilv\u0113kiem. Nepiecie\u0161ama iepriek\u0161\u0113ja pieteik\u0161an\u0101s pa t\u0101lruni <a name=\"_Hlk212574188\" id=\"_Hlk212574188\">26406354<\/a> no otrdienas l\u012bdz sestdienai, plkst. 12.00\u201317.30.<\/p>\n<p>Pas\u0101kumi \u0123imen\u0113m ar b\u0113rniem \u201cR\u012bgas J\u016bgendstila centr\u0101\u201d, koncertz\u0101l\u0113 \u201cAve Sol\u201d un Tallinas ielas kvart\u0101l\u0101<\/p>\n<p class=\"ContactInformationCxSpMiddle\">20. decembr\u012b muzej\u0101 \u201cR\u012bgas J\u016bgendstila centrs\u201d plkst. 11.00 un 14.00 gaid\u0101ms pas\u0101kums \u0123imen\u0113m ar b\u0113rniem \u201cPasaka par Ziemassv\u0113tkiem\u201d. Sar\u012bkojuma laik\u0101 b\u0113rni var\u0113s uzzin\u0101t par Ziemassv\u0113tku trad\u012bcij\u0101m un egl\u012btes rot\u0101\u0161anu, dzied\u0101t, iet rota\u013c\u0101s un min\u0113t m\u012bklas. Uz sar\u012bkojumu tiek aicin\u0101tas \u0123imenes ar b\u0113rniem vecum\u0101 no 3 l\u012bdz 10 gadiem. Dal\u012bbai pas\u0101kum\u0101 der\u012bga ieejas bi\u013cete muzej\u0101. Nepiecie\u0161ama iepriek\u0161\u0113ja pieteik\u0161an\u0101s, rakstot uz e-pasta adresi <a name=\"_Hlk212573651\" id=\"_Hlk212573651\">jugendstils@riga.lv <\/a>vai zvanot 67181465, muzeja darba laik\u0101.<\/p>\n<p class=\"ContactInformationCxSpMiddle\">Savuk\u0101rt plkst. 16.00 koncertz\u0101l\u0113 \u201cAve Sol\u201d izskan\u0113s p\u0113d\u0113jais cikla \u201cGadalaiku kr\u0101sas\u00a02025\u201d koncerts \u201cZiema zaigo\u201d. \u0160aj\u0101 pa\u0161\u0101 laik\u0101 Tallinas ielas kvart\u0101l\u0101 norisin\u0101sies saulgrie\u017eu svin\u012bbas \u201cZiemas Saulessp\u0113le\u201d, ko vad\u012bs<a name=\"_Hlk212402014\" id=\"_Hlk212402014\"> folkloras kopa \u201cBri\u010dka\u201d, muzik\u0101l\u0101 apvien\u012bba no \u0136ekavas novada. Programm\u0101 masko\u0161an\u0101s, kas simboliz\u0113 augl\u012bbu un aizsardz\u012bbu, tradicion\u0101l\u0101s sp\u0113les un rota\u013cas, k\u0101 ar\u012b tradicion\u0101lo deju apg\u016b\u0161ana folkloras kopas vad\u012bb\u0101. Pas\u0101kums ir bez ieejas maksas un piem\u0113rots vis\u0101m paaudz\u0113m, \u012bpa\u0161i \u0123imen\u0113m ar b\u0113rniem. <\/a><\/p>\n<p class=\"ContactInformationCxSpMiddle\">Vakar\u0101, plkst. 19.00, VEF Kult\u016bras pils Kamerz\u0101l\u0113 izskan\u0113s koncerts \u201cSniega roze\u201d ar tautas instrumentu or\u0137estri \u201cSadko\u201d. <\/p>\n<p>Koncerti R\u0101tslaukum\u0101, Bastejkalna park\u0101, koncertz\u0101l\u0113 \u201cAve Sol\u201d un \u201cMazaj\u0101 \u0123ild\u0113\u201d<\/p>\n<p class=\"ContactInformationCxSpMiddle\">Pie R\u012bgas Lutera bazn\u012bcas 21. decembr\u012b no plkst.12.45 l\u012bdz 16.00, 25. decembr\u012b no plkst.\u00a013.00 l\u012bdz 15.30 un 26. decembr\u012b no plkst. 12.45 l\u012bdz plkst. 16.00 norisin\u0101sies Ziemassv\u0113tku d\u0101rzs Tor\u0146akaln\u0101, kur\u0101 darbosies tirdzi\u0146\u0161, rado\u0161\u0101 darbn\u012bca, foto st\u016bris un p\u0101rdomu ce\u013c\u0161 ap bazn\u012bcu. Savuk\u0101rt Tallinas ielas kvart\u0101la Ang\u0101ra koncertz\u0101l\u0113 plkst.\u00a015.00 uzst\u0101sies fonda \u201cN\u0101c l\u012bdz\u0101s\u201d koris cilv\u0113kiem ar \u012bpa\u0161\u0101m vajadz\u012bb\u0101m. <\/p>\n<p class=\"ContactInformationCxSpMiddle\">21. decembr\u012b plkst. 15.00\u201315.45 Bastejkalna park\u0101 un 24. decembr\u012b L\u012bvu laukum\u0101 no plkst. 12.00 l\u012bdz 12.45 muzic\u0113s diksilenda \u201cSunny Groove Dixie\u201d m\u016bzi\u0137i Ziemassv\u0113tku melodiju koncert\u0101 \u201c\u010ciekurs \u010cikijs\u201d. Mazajiem klaus\u012bt\u0101jiem r\u016b\u0137i b\u016bs sar\u016bp\u0113ju\u0161i \u012bpa\u0161u d\u0101vani\u0146u \u2013 mazu \u010diekuri\u0146u \u010cikiju, ko var\u0113s \u0146emt l\u012bdzi m\u0101j\u0101s un izmantot k\u0101 egl\u012btes rot\u0101jumu, lai atg\u0101din\u0101tu par koncerta sirsn\u012bgo sv\u0113tku saj\u016btu un kop\u0101 piedz\u012bvoto br\u012bnumu.<\/p>\n<p class=\"ContactInformationCxSpMiddle\">Sestdien, 21. decembr\u012b, no plkst. 12.00 l\u012bdz 20.00 M\/Darbn\u012bc\u0101 norisin\u0101sies bud\u0113\u013cu karnev\u0101ls, kura laik\u0101 darbosies autentisku bud\u0113\u013cu masku darbn\u012bca tekstilm\u0101kslinieces Emmas Sofijas vad\u012bb\u0101. Saulgrie\u017eu mielasts, \u0137ekatu rota\u013cas, dan\u010di un sv\u0113tku ugunskurs Aristida 9 pagalm\u0101. Plkst. 16.00 norisin\u0101sies vok\u0101l\u0101 ansamb\u013ca \u201cKalmes\u201d koncerts. Savuk\u0101rt no plkst.17.00 l\u012bdz 18.00 gaid\u0101ma blu\u0137a vilk\u0161ana un kopienas bud\u0113\u013cu g\u0101jiens, sadarb\u012bb\u0101 ar kult\u016brb\u0101ru \u201cLabietis\u201d un Miera ielas republikas kopienu. No plkst. 18.00 sv\u0113t\u0101s uguns iedeg\u0161ana \u2013 blu\u0137a dedzin\u0101\u0161ana. Savuk\u0101rt vakaru plkst. 18.30 nosl\u0113gs grupas \u201cZ\u0101le\u201d koncerts. Ieeja pas\u0101kum\u0101 bez maksas, ta\u010du dal\u012bba masku darbn\u012bc\u0101 5 eiro. <\/p>\n<p class=\"paragraph\">21. decembr\u012b plkst.16.00 koncertz\u0101l\u0113 \u201cAve Sol\u201d gaid\u0101ms koncerts \u201c\u0160\u012b jausma sav\u0101d\u0101\u201d, kur\u0101 uzst\u0101sies koncertorganiz\u0101cijas \u201cAve Sol\u201d jauktais koris \u201cLaudate\u201d un st\u012bgu kvartets. Savuk\u0101rt 22. decembr\u012b plkst. 19.00 koncertz\u0101l\u0113 \u201cAve Sol\u201d izskan\u0113s koncerts \u201cPirms Ziemassv\u0113tkiem\u201d. 25. decembr\u012b plkst. 14.00 un 17.00 koncert\u0101 \u201cZiemassv\u0113tku noska\u0146a\u201d muzic\u0113s R\u012bgas kamerkoris \u201cAve Sol\u201d. <\/p>\n<p class=\"ContactInformationCxSpFirst\">Savuk\u0101rt 21. decembr\u012b plkst. 19.00 kult\u016bras un tautas m\u0101kslas centr\u0101 \u201cMaz\u0101 \u0123ilde\u201d Ceturt\u0101s adventes koncert\u0101 muzic\u0113s Annika Lanka. Bi\u013cetes pieejamas bilesuparadize.lv un \u201cMazaj\u0101 \u0123ild\u0113\u201d. <\/p>\n<p class=\"ContactInformationCxSpMiddle\">Vakara nosl\u0113gum\u0101 no plkst. 19.30 l\u012bdz 22.30 <a name=\"_Hlk212557236\" id=\"_Hlk212557236\">labdar\u012bbas akcijas \u201cE\u0146\u0123e\u013ci p\u0101r Latviju\u201d nosl\u0113guma koncerts R\u0101tslaukum\u0101. Pas\u0101kum\u0101 uzst\u0101sies iem\u012b\u013coti Latvijas m\u016bzi\u0137i, darbosies radio \u201cStar FM\u201d izbraukuma studija, ziedo\u0161anas nami\u0146\u0161 un b\u016bs pieejami sv\u0113tku gardumi<\/a>. <\/p>\n<p class=\"ContactInformationCxSpMiddle\">22.un 23. decembr\u012b plkst. 20.00 un 25. decembr\u012b plkst. 23.00 Anglik\u0101\u0146u Sv. Pest\u012bt\u0101ja bazn\u012bc\u0101 grupas \u201cSigma\u201d un jaunie\u0161u kora \u201cBalsis\u201d koncerts. Bi\u013cetes pieejamas bilesuparadize.lv. Savuk\u0101rt 23. decembr\u012b plkst. 19.00 R\u012bgas Kongresu nam\u0101 izskan\u0113s koncerts \u201cZiemas bolero\u201d, kur\u0101 piedal\u012bsies Or\u0137estris \u201cR\u012bga\u201d, solisti Aija V\u012btoli\u0146a un Normunds Rutulis, pianists Rihards Ple\u0161anovs, diri\u0123ents Valdis But\u0101ns. Bi\u013cetes \u201cBi\u013ce\u0161u parad\u012bzes\u201d kas\u0113s un tie\u0161saist\u0113.<\/p>\n<p>Izst\u0101des R\u012bgas Porcel\u0101na muzej\u0101, R\u012bgas J\u016bgendstila centr\u0101 un kult\u016bras pil\u012b \u201cZieme\u013cbl\u0101zma\u201d<\/p>\n<p class=\"ContactInformationCxSpMiddle\">No 15. decembra l\u012bdz n\u0101kam\u0101 gada 6. janv\u0101rim R\u012bgas Porcel\u0101na muzeja darbn\u012bcas telp\u0101s apskat\u0101ma sv\u0113tku ekspresizst\u0101de \u201cEgles rot\u0101jums\u201d, kas velt\u012bta Ziemassv\u0113tkiem. Ikvienam interesentam b\u016bs iesp\u0113ja apskat\u012bt Latvijas m\u0101kslinieku veidotos egles rot\u0101jumus no porcel\u0101na. Ieeja izst\u0101d\u0113 bez maksas. <\/p>\n<p class=\"ContactInformationCxSpMiddle\">No 2. decembra l\u012bdz 11. janv\u0101rim muzej\u0101 \u201cR\u012bgas J\u016bgendstila centrs\u201d apskat\u0101ma izst\u0101de \u201cZiemassv\u0113tku pasaka\u201d, kas atdz\u012bvin\u0101s 20.\u00a0gadsimta s\u0101kuma Ziemassv\u0113tku trad\u012bcijas, izmantojot v\u0113sturiskas s\u012bklieti\u0146as, pastkartes un interjera objektus. Apmekl\u0113t\u0101ji muzeja telp\u0101s var\u0113s izbaud\u012bt un iedvesmoties no sv\u0113tku noska\u0146as, apl\u016bkojot gan muzeja kr\u0101juma, gan m\u0101kslinieces Tam\u0101ras \u010cudnovskas veidoto Ziemassv\u0113tku rot\u0101jumu kolekciju. Ieejas bi\u013cete muzej\u0101. <\/p>\n<p class=\"ContactInformationCxSpMiddle\">Savuk\u0101rt no 9. decembra l\u012bdz 29. janv\u0101rim kult\u016bras pils \u201cZieme\u013cbl\u0101zma\u201d izst\u0101\u017eu z\u0101l\u0113s b\u016bs R\u012bgas pa\u0161vald\u012bbas m\u016bzikas un m\u0101kslas skolu ziemas festiv\u0101ls \u201cZiemassv\u0113tku zvaigznes\u201d. Festiv\u0101la ietvaros b\u016bs apskat\u0101mi audz\u0113k\u0146u darbi no R\u012bgas m\u0101kslas skol\u0101m \u2013 R\u012bgas Bolder\u0101jas M\u016bzikas un m\u0101kslas skolas, R\u012bgas \u0136engaraga M\u016bzikas un m\u0101kslas skolas, R\u012bgas P\u0101rdaugavas M\u016bzikas un m\u0101kslas skolas un M\u0101ras Mui\u017enieces R\u012bgas M\u0101kslas skolas. Ieeja bez maksas.<\/p>\n<p class=\"ContactInformationCxSpMiddle\">Vair\u0101k par adventes, Ziemassv\u0113tku un Jaun\u0101 gada sagaid\u012b\u0161anas pas\u0101kumiem R\u012bg\u0101 var uzzin\u0101t t\u012bmek\u013cvietn\u0113\u00a0<a href=\"http:\/\/www.kultura.riga.lv\" rel=\"nofollow noopener\" target=\"_blank\">www.kultura.riga.lv<\/a>,\u00a0k\u0101 ar\u012b sekojot l\u012bdzi inform\u0101cijai R\u012bgas domes soci\u0101lo t\u012bklu lap\u0101s \u201c<a href=\"https:\/\/www.facebook.com\/Riga.lv\" rel=\"nofollow noopener\" target=\"_blank\">R\u012bga<\/a>\u201d un \u201c<a href=\"https:\/\/www.facebook.com\/RigaNotiek\/\" rel=\"nofollow noopener\" target=\"_blank\">R\u012bg\u0101 notiek<\/a>\u201d.<\/p>\n<p class=\"ContactInformationCxSpLast\">Inform\u0101ciju sagatavoja: Ineta Migl\u0101ne, R\u012bgas pa\u0161vald\u012bbas Komunik\u0101cijas p\u0101rvaldes \u0100r\u0113j\u0101s komunik\u0101cijas noda\u013cas projektu koordinatore,\u00a0e-pasts: <a href=\"https:\/\/www.riga.lv\/lv\/jaunums\/mailto:ineta.miglane@riga.lv\" rel=\"nofollow noopener\" target=\"_blank\">ineta.miglane@riga.lv<\/a>.\u00a0\u00a0\u00a0\u00a0\u00a0\u00a0\u00a0 <\/p>\n","protected":false},"excerpt":{"rendered":"Ceturt\u0101s adventes ned\u0113\u013c\u0101 r\u012bdziniekiem b\u016bs iesp\u0113ja baud\u012bt da\u017e\u0101dus koncertus, masku darbn\u012bcas, k\u0101 ar\u012b tradicion\u0101lo blu\u0137a vakaru un maskoto&hellip;\n","protected":false},"author":2,"featured_media":75104,"comment_status":"","ping_status":"","sticky":false,"template":"","format":"standard","meta":{"footnotes":""},"categories":[12],"tags":[23,28,29,32,33,22,30,31,35,39,38,36,37,34,40,20,26,27,24,25,21],"class_list":{"0":"post-75103","1":"post","2":"type-post","3":"status-publish","4":"format-standard","5":"has-post-thumbnail","7":"category-latvija","8":"tag-aktualitates","9":"tag-breaking-news","10":"tag-breakingnews","11":"tag-featured-news","12":"tag-featurednews","13":"tag-headlines","14":"tag-latest-news","15":"tag-latestnews","16":"tag-latvia","17":"tag-latvian","18":"tag-latviesu","19":"tag-latviesu-valoda","20":"tag-latviesuvaloda","21":"tag-latvija","22":"tag-lv","23":"tag-news","24":"tag-popularakas-zinas","25":"tag-popularakaszinas","26":"tag-top-stories","27":"tag-topstories","28":"tag-zinas"},"share_on_mastodon":{"url":"https:\/\/pubeurope.com\/@lv\/115722619767138287","error":""},"_links":{"self":[{"href":"https:\/\/www.europesays.com\/lv\/wp-json\/wp\/v2\/posts\/75103","targetHints":{"allow":["GET"]}}],"collection":[{"href":"https:\/\/www.europesays.com\/lv\/wp-json\/wp\/v2\/posts"}],"about":[{"href":"https:\/\/www.europesays.com\/lv\/wp-json\/wp\/v2\/types\/post"}],"author":[{"embeddable":true,"href":"https:\/\/www.europesays.com\/lv\/wp-json\/wp\/v2\/users\/2"}],"replies":[{"embeddable":true,"href":"https:\/\/www.europesays.com\/lv\/wp-json\/wp\/v2\/comments?post=75103"}],"version-history":[{"count":0,"href":"https:\/\/www.europesays.com\/lv\/wp-json\/wp\/v2\/posts\/75103\/revisions"}],"wp:featuredmedia":[{"embeddable":true,"href":"https:\/\/www.europesays.com\/lv\/wp-json\/wp\/v2\/media\/75104"}],"wp:attachment":[{"href":"https:\/\/www.europesays.com\/lv\/wp-json\/wp\/v2\/media?parent=75103"}],"wp:term":[{"taxonomy":"category","embeddable":true,"href":"https:\/\/www.europesays.com\/lv\/wp-json\/wp\/v2\/categories?post=75103"},{"taxonomy":"post_tag","embeddable":true,"href":"https:\/\/www.europesays.com\/lv\/wp-json\/wp\/v2\/tags?post=75103"}],"curies":[{"name":"wp","href":"https:\/\/api.w.org\/{rel}","templated":true}]}}