{"id":75105,"date":"2025-12-15T08:23:08","date_gmt":"2025-12-15T08:23:08","guid":{"rendered":"https:\/\/www.europesays.com\/lv\/75105\/"},"modified":"2025-12-15T08:23:08","modified_gmt":"2025-12-15T08:23:08","slug":"par-sievietes-slepkavibu-90-eiro-del-virieti-notiesa-uz-18-gadiem-cietuma-raksts","status":"publish","type":"post","link":"https:\/\/www.europesays.com\/lv\/75105\/","title":{"rendered":"Par sievietes slepkav\u012bbu 90 eiro d\u0113\u013c v\u012brieti noties\u0101 uz 18 gadiem cietum\u0101 \/ Raksts"},"content":{"rendered":"<p>V\u012brietim par sievietes slepkav\u012bbu, saist\u012btu ar laup\u012b\u0161anu, piesprie\u017e 18 gadus cietum\u0101 un prob\u0101cijas uzraudz\u012bbu uz 3 gadiem, t\u0101 inform\u0113 pokurat\u016br\u0101. Lietu R\u012bgas pils\u0113tas tiesa izskat\u012bja 10. decembr\u012b.\u00a0Tiesa l\u0113ma no aps\u016bdz\u0113t\u0101 par labu cietu\u0161ajai, kura ir miru\u0161\u0101s radiniece, piedz\u012bt kompens\u0101ciju par mor\u0101lo aizsk\u0101rumu 11\u00a0500 eiro apm\u0113r\u0101, savuk\u0101rt valsts lab\u0101 \u2013 cietu\u0161ajai izmaks\u0101to valsts kompens\u0101ciju 3500 eiro apm\u0113r\u0101.<\/p>\n<p>2024. gada febru\u0101r\u012b aps\u016bdz\u0113tais, mantk\u0101r\u012bgu mot\u012bvu vad\u012bts, ierad\u0101s k\u0101das sievietes dz\u012bvokl\u012b R\u012bg\u0101, un nol\u016bk\u0101 ieg\u016bt vi\u0146as naudu, pielietojot vardarb\u012bbu, ar cietu trulu priek\u0161metu izdar\u012bja ne maz\u0101k k\u0101 tr\u012bs sitienus pa cietu\u0161\u0101s sievietes seju un ne maz\u0101k k\u0101 tr\u012bs sitienus pa galvu, nodarot miesas boj\u0101jumus, kas p\u0113c sava rakstura pieskait\u0101mi maznoz\u012bm\u012bgiem miesas boj\u0101jumiem.<\/p>\n<p>Turpinot savas noziedz\u012bg\u0101s darb\u012bbas, nol\u016bk\u0101 non\u0101v\u0113t sievieti, lai p\u0113c tam nolaup\u012btu vi\u0146as naudu, aps\u016bdz\u0113tais t\u012b\u0161i ar iegarenas formas trulu priek\u0161metu saspieda cietu\u0161\u0101s kakla org\u0101nus, p\u0101rtraucot sk\u0101bek\u013ca piek\u013c\u016b\u0161anu elpo\u0161anas ce\u013ciem, radot meh\u0101nisku asfiksiju, kas izrais\u012bja sievietes n\u0101vi.<\/p>\n<p>P\u0113c sievietes n\u0101ves iest\u0101\u0161an\u0101s aps\u016bdz\u0113tais no vi\u0146as maka iz\u0146\u0113ma skaidru naudu 90\u00a0eiro apm\u0113r\u0101 un no notikuma vietas aizg\u0101ja.\u00a0<\/p>\n<p>                    Valodas k\u013c\u016bda rakst\u0101?<\/p>\n<p class=\"d-none d-md-block\">Iez\u012bm\u0113jiet tekstu un spiediet Ctrl+Enter, lai nos\u016bt\u012btu labojamo teksta fragmentu redaktoram! Par faktu k\u013c\u016bd\u0101m l\u016bdzam zi\u0146ot e-past\u0101 <a href=\"https:\/\/www.lsm.lv\/cdn-cgi\/l\/email-protection\" class=\"__cf_email__\" data-cfemail=\"c1b3a4a5a0aaa2a8aba081adb2acefadb7\" rel=\"nofollow noopener\" target=\"_blank\">[email\u00a0protected]<\/a>.<\/p>\n<p class=\"d-md-none\">Iez\u012bm\u0113jiet tekstu un spiediet uz Zi\u0146ot par k\u013c\u016bdu pogas, lai nos\u016bt\u012btu labojamo teksta fragmentu redaktoram!<\/p>\n<p>\n                    Zi\u0146ot par k\u013c\u016bdu\n                <\/p>\n","protected":false},"excerpt":{"rendered":"V\u012brietim par sievietes slepkav\u012bbu, saist\u012btu ar laup\u012b\u0161anu, piesprie\u017e 18 gadus cietum\u0101 un prob\u0101cijas uzraudz\u012bbu uz 3 gadiem, t\u0101&hellip;\n","protected":false},"author":2,"featured_media":75106,"comment_status":"","ping_status":"","sticky":false,"template":"","format":"standard","meta":{"footnotes":""},"categories":[5],"tags":[23,28,29,32,33,22,30,31,35,39,38,36,37,34,40,20,26,27,24,25,21],"class_list":{"0":"post-75105","1":"post","2":"type-post","3":"status-publish","4":"format-standard","5":"has-post-thumbnail","7":"category-aktualitates","8":"tag-aktualitates","9":"tag-breaking-news","10":"tag-breakingnews","11":"tag-featured-news","12":"tag-featurednews","13":"tag-headlines","14":"tag-latest-news","15":"tag-latestnews","16":"tag-latvia","17":"tag-latvian","18":"tag-latviesu","19":"tag-latviesu-valoda","20":"tag-latviesuvaloda","21":"tag-latvija","22":"tag-lv","23":"tag-news","24":"tag-popularakas-zinas","25":"tag-popularakaszinas","26":"tag-top-stories","27":"tag-topstories","28":"tag-zinas"},"share_on_mastodon":{"url":"https:\/\/pubeurope.com\/@lv\/115722623620433101","error":""},"_links":{"self":[{"href":"https:\/\/www.europesays.com\/lv\/wp-json\/wp\/v2\/posts\/75105","targetHints":{"allow":["GET"]}}],"collection":[{"href":"https:\/\/www.europesays.com\/lv\/wp-json\/wp\/v2\/posts"}],"about":[{"href":"https:\/\/www.europesays.com\/lv\/wp-json\/wp\/v2\/types\/post"}],"author":[{"embeddable":true,"href":"https:\/\/www.europesays.com\/lv\/wp-json\/wp\/v2\/users\/2"}],"replies":[{"embeddable":true,"href":"https:\/\/www.europesays.com\/lv\/wp-json\/wp\/v2\/comments?post=75105"}],"version-history":[{"count":0,"href":"https:\/\/www.europesays.com\/lv\/wp-json\/wp\/v2\/posts\/75105\/revisions"}],"wp:featuredmedia":[{"embeddable":true,"href":"https:\/\/www.europesays.com\/lv\/wp-json\/wp\/v2\/media\/75106"}],"wp:attachment":[{"href":"https:\/\/www.europesays.com\/lv\/wp-json\/wp\/v2\/media?parent=75105"}],"wp:term":[{"taxonomy":"category","embeddable":true,"href":"https:\/\/www.europesays.com\/lv\/wp-json\/wp\/v2\/categories?post=75105"},{"taxonomy":"post_tag","embeddable":true,"href":"https:\/\/www.europesays.com\/lv\/wp-json\/wp\/v2\/tags?post=75105"}],"curies":[{"name":"wp","href":"https:\/\/api.w.org\/{rel}","templated":true}]}}