{"id":75107,"date":"2025-12-15T08:26:10","date_gmt":"2025-12-15T08:26:10","guid":{"rendered":"https:\/\/www.europesays.com\/lv\/75107\/"},"modified":"2025-12-15T08:26:10","modified_gmt":"2025-12-15T08:26:10","slug":"madara-cosmetics-uzsak-darbibu-jauna-biznesa-segmenta","status":"publish","type":"post","link":"https:\/\/www.europesays.com\/lv\/75107\/","title":{"rendered":"MADARA Cosmetics uzs\u0101k darb\u012bbu jaun\u0101 biznesa segment\u0101"},"content":{"rendered":"<p>AS\u00a0MADARA Cosmetics\u00a0uzs\u0101k darb\u012bbu jaun\u0101 biznesa segment\u0101, pied\u0101v\u0101jot\u00a0piel\u0101gotus pakalpojumus viesm\u012bl\u012bbas nozarei. <\/p>\n<p><a href=\"https:\/\/static-img.aripaev.ee\/?type=preview&amp;uuid=b99eac2c-1e57-553b-96de-b32d6a4f62ad\" target=\"_blank\" rel=\"noopener noreferrer nofollow\" class=\"styles_article-image__holder__jEhZc\" style=\"aspect-ratio:1.5009380863039399\"><img alt=\"MADARA Cosmetics uzs\u0101k darb\u012bbu jaun\u0101 biznesa segment\u0101\" draggable=\"false\" fetchpriority=\"high\" decoding=\"async\" data-nimg=\"fill\" style=\"position:absolute;height:100%;width:100%;left:0;top:0;right:0;bottom:0;color:transparent\"   src=\"https:\/\/www.europesays.com\/lv\/wp-content\/uploads\/2025\/12\/1765787169_576_\"\/><\/a><\/p>\n<p>Jaunais pakalpojums apvieno dab\u012bgus \u0137erme\u0146a un matu kop\u0161anas produktus ar\u00a0\u0113rti lietojamu tie\u0161saistes pas\u016bt\u012b\u0161anas sist\u0113mu, nodro\u0161inot viesn\u012bc\u0101m, \u012bres dz\u012bvok\u013cu \u012bpa\u0161niekiem, restor\u0101niem un kafejn\u012bc\u0101m iesp\u0113ju p\u0101rvald\u012bt kr\u0101jumus vienk\u0101r\u0161i, ekonomiski un videi draudz\u012bgi, inform\u0113 uz\u0146\u0113mums.<\/p>\n<p>Pakalpojums \u0161obr\u012bd b\u016bs pieejams Latvij\u0101 un citos M\u00c1DARA eksporta tirgos Eirop\u0101 un pak\u0101peniski tiks ieviests ar\u012b citviet pasaul\u0113 k\u0101 da\u013ca no uz\u0146\u0113muma strat\u0113\u0123ijas stiprin\u0101t eksporta apjomus un att\u012bst\u012bt ilgtsp\u0113j\u012bgu biznesa modeli.<\/p>\n<p>Jaunais pakalpojums ietver iesp\u0113ju\u00a0pas\u016bt\u012bt un atk\u0101rtoti uzpild\u012bt\u00a0produktus, iev\u0113rojami samazinot vienreizlietojamo iepakojumu daudzumu. N\u0101kotn\u0113 M\u00c1DARA pl\u0101no papildin\u0101t risin\u0101jumu ar\u00a0apjomu prognoz\u0113\u0161anas r\u012bkiem\u00a0un\u00a0abonementa sist\u0113mu, kas viesm\u012bl\u012bbas uz\u0146\u0113mumiem \u013caus v\u0113l efekt\u012bv\u0101k p\u0101rvald\u012bt resursus.<\/p>\n<p class=\"styles_banner__label__NHyOM\">Raksts turpin\u0101s p\u0113c rekl\u0101mas<\/p>\n<p>Balstoties uz gandr\u012bz\u00a020 gadu pieredzi\u00a0dab\u012bg\u0101s kosm\u0113tikas izstr\u0101d\u0113, \u0146emot v\u0113r\u0101 viesm\u012bl\u012bbas nozares vajadz\u012bbas un pras\u012bbas, M\u00c1DARA pied\u0101v\u0101s produktus no \u012bpa\u0161i izstr\u0101d\u0101tas l\u012bnijas\u00a0Wild Woods. Taj\u0101 ietilpst \u0161amp\u016bns, kondicionieris, \u0137erme\u0146a mazg\u0101\u0161anas l\u012bdzeklis un kr\u0113ms ar\u00a0b\u0113rzu ekstraktu\u00a0un\u00a0unik\u0101liem p\u013cavas augu ekstraktiem. Visi produkti ir izstr\u0101d\u0101ti no\u00a0dab\u012bg\u0101m sast\u0101vda\u013c\u0101m, pild\u012bti\u00a0p\u0101rstr\u0101d\u0101tas plastmasas iepakojumos, k\u0101 ar\u012b b\u016bs pieejamas 1l uzpildes pudel\u0113s.<\/p>\n<p>\u201c M\u00c1DARA ieie\u0161ana viesm\u012bl\u012bbas tirgus segment\u0101 ir tie\u0161s atbildes solis uz ilgsto\u0161u piepras\u012bjumu p\u0113c kvalitat\u012bviem, ilgtsp\u0113j\u012bgiem viesm\u012bl\u012bbas nozarei piel\u0101gotiem produktiem. Uzdevums bija rad\u012bt est\u0113tiski pievilc\u012bgu, videi draudz\u012bgu un cenas zi\u0146\u0101 konkur\u0113tsp\u0113j\u012bgu pied\u0101v\u0101jumu. Atk\u0101rtotas uzpild\u012b\u0161anas risin\u0101jums un tie\u0161saistes pas\u016bt\u012b\u0161ana veido tikai s\u0101kuma posmu pilna servisa sist\u0113mai, kuras m\u0113r\u0137is ir atvieglot viesm\u012bl\u012bbas uz\u0146\u0113mumu ikdienas procesus un vienlaikus samazin\u0101t atkritumu apjomu,\u201d skaidro AS MADARA Cosmetics izpilddirektore\u00a0Gunta \u0160ulte.<\/p>\n<p>Savuk\u0101rt Baiba Urt\u0101ne, Carillon Aparthotel direktore st\u0101sta par pieredzi ar jauno M\u00c1DARA produktu l\u012bniju: \u201c Izv\u0113loties kosm\u0113tiku Carillon Aparthotel apartamentiem, mums bija svar\u012bgi atrast partneri, kura v\u0113rt\u012bbas un kvalit\u0101tes standarti rezon\u0113 ar Keystone Collection viesn\u012bcu \u0137\u0113des identit\u0101ti. Ar M\u00c1DARA m\u016bs vieno kop\u012bga filozofija un uzsvars uz kvalit\u0101ti, r\u016bp\u0113m un autentiskumu. Turkl\u0101t M\u00c1DARA produktiem piem\u012bt est\u0113tisks, m\u016bsdien\u012bgs dizains, kas lieliski iederas p\u0101rdom\u0101taj\u0101 Carillon Aparthotel interjer\u0101 un papildina viesu pieredzi\u201d.<\/p>\n<p>2025.gada 3. ceturksn\u012b AS MADARA Cosmetics sasniedza\u00a011 % apgroz\u012bjuma pieaugumu, apgroz\u012bjumam sasniedzot\u00a05,5 miljonus eiro. Devi\u0146u m\u0113ne\u0161u period\u0101 uz\u0146\u0113muma konsolid\u0113tais neaudit\u0113tais apgroz\u012bjums bija\u00a016,8 miljoni eiro, kas ir\u00a010 % pieaugums\u00a0sal\u012bdzin\u0101jum\u0101 ar attiec\u012bgo periodu 2024. gad\u0101.<\/p>\n<p>Uz\u0146\u0113mums saglab\u0101 noteikto\u00a0minim\u0101l\u0101s izaugsmes m\u0113r\u0137i \u2013 10 % 2025. gad\u0101, prognoz\u0113jot aptuveni\u00a023,67 miljonu eiro gada apgroz\u012bjumu.<\/p>\n<p>Dibin\u0101ts 2006. gad\u0101,\u00a0AS MADARA Cosmetics\u00a0ir liel\u0101kais kosm\u0113tikas ra\u017eot\u0101js Latvij\u0101. Uz\u0146\u0113mums izstr\u0101d\u0101 un ra\u017eo\u00a0ECOCERT\/COSMOS sertific\u0113tu\u00a0dab\u012bgu \u0101das kop\u0161anas un dekorat\u012bvo kosm\u0113tiku, eksport\u0113jot to uz vair\u0101k nek\u0101\u00a035 valst\u012bm vis\u0101 pasaul\u0113.<\/p>\n<p>Interes\u0113 \u0161\u012b t\u0113ma? S\u0101c sekot \u0161iem atsl\u0113gas v\u0101rdiem un sa\u0146em pazi\u0146ojumus, kad ir pieejams jauns saturs!<\/p>\n<p>Saist\u012btie raksti<a draggable=\"false\" href=\"https:\/\/www.investoruklubs.lv\/satura-marketings\/2025\/11\/07\/obligaciju-un-aizdevumu-platformu-salidzinajums\" rel=\"nofollow noopener\" target=\"_blank\">Oblig\u0101ciju un aizdevumu platformu sal\u012bdzin\u0101jums<\/a><\/p>\n<p>P\u0113d\u0113jos gados oblig\u0101ciju invest\u012bcijas ir k\u013cuvu\u0161as par arvien popul\u0101r\u0101ku un pla\u0161i atz\u012btu finans\u0113juma piesaistes veidu Baltijas valst\u012bs. \u0160is finans\u0113\u0161anas instruments ir pier\u0101d\u012bjis sevi k\u0101 efekt\u012bvu metodi, k\u0101 atbalst\u012bt sal\u012bdzino\u0161i lielus uz\u0146\u0113mumus, kas \u0161o kapit\u0101lu izmanto savas izaugsmes finans\u0113\u0161anai. Latvij\u0101 oblig\u0101cijas ir emit\u0113ju\u0161i, piem\u0113ram, t\u0101di paz\u012bstami uz\u0146\u0113mumi k\u0101 Mapon, Grenardi un AirBaltic.<\/p>\n","protected":false},"excerpt":{"rendered":"AS\u00a0MADARA Cosmetics\u00a0uzs\u0101k darb\u012bbu jaun\u0101 biznesa segment\u0101, pied\u0101v\u0101jot\u00a0piel\u0101gotus pakalpojumus viesm\u012bl\u012bbas nozarei. Jaunais pakalpojums apvieno dab\u012bgus \u0137erme\u0146a un matu kop\u0161anas&hellip;\n","protected":false},"author":2,"featured_media":75108,"comment_status":"","ping_status":"","sticky":false,"template":"","format":"standard","meta":{"footnotes":""},"categories":[16],"tags":[77,76,35,39,38,36,37,34,40],"class_list":{"0":"post-75107","1":"post","2":"type-post","3":"status-publish","4":"format-standard","5":"has-post-thumbnail","7":"category-bizness","8":"tag-bizness","9":"tag-business","10":"tag-latvia","11":"tag-latvian","12":"tag-latviesu","13":"tag-latviesu-valoda","14":"tag-latviesuvaloda","15":"tag-latvija","16":"tag-lv"},"share_on_mastodon":{"url":"https:\/\/pubeurope.com\/@lv\/115722635551180053","error":""},"_links":{"self":[{"href":"https:\/\/www.europesays.com\/lv\/wp-json\/wp\/v2\/posts\/75107","targetHints":{"allow":["GET"]}}],"collection":[{"href":"https:\/\/www.europesays.com\/lv\/wp-json\/wp\/v2\/posts"}],"about":[{"href":"https:\/\/www.europesays.com\/lv\/wp-json\/wp\/v2\/types\/post"}],"author":[{"embeddable":true,"href":"https:\/\/www.europesays.com\/lv\/wp-json\/wp\/v2\/users\/2"}],"replies":[{"embeddable":true,"href":"https:\/\/www.europesays.com\/lv\/wp-json\/wp\/v2\/comments?post=75107"}],"version-history":[{"count":0,"href":"https:\/\/www.europesays.com\/lv\/wp-json\/wp\/v2\/posts\/75107\/revisions"}],"wp:featuredmedia":[{"embeddable":true,"href":"https:\/\/www.europesays.com\/lv\/wp-json\/wp\/v2\/media\/75108"}],"wp:attachment":[{"href":"https:\/\/www.europesays.com\/lv\/wp-json\/wp\/v2\/media?parent=75107"}],"wp:term":[{"taxonomy":"category","embeddable":true,"href":"https:\/\/www.europesays.com\/lv\/wp-json\/wp\/v2\/categories?post=75107"},{"taxonomy":"post_tag","embeddable":true,"href":"https:\/\/www.europesays.com\/lv\/wp-json\/wp\/v2\/tags?post=75107"}],"curies":[{"name":"wp","href":"https:\/\/api.w.org\/{rel}","templated":true}]}}