{"id":75109,"date":"2025-12-15T08:27:21","date_gmt":"2025-12-15T08:27:21","guid":{"rendered":"https:\/\/www.europesays.com\/lv\/75109\/"},"modified":"2025-12-15T08:27:21","modified_gmt":"2025-12-15T08:27:21","slug":"igaunija-drizuma-iegus-jaunu-salu","status":"publish","type":"post","link":"https:\/\/www.europesays.com\/lv\/75109\/","title":{"rendered":"Igaunija dr\u012bzum\u0101 ieg\u016bs jaunu salu"},"content":{"rendered":"<p>Igaunij\u0101 jau kop\u0161 2018. gada past\u0101v likums par past\u0101v\u012bgi apdz\u012bvot\u0101m mazaj\u0101m sal\u0101m. Tas nosaka, ka par mazo salu var k\u013c\u016bt vieta, kur iepriek\u0161\u0113j\u0101 gad\u0101 past\u0101v\u012bgi dz\u012bvoju\u0161i vismaz pieci cilv\u0113ki. \u0160\u0101das salas tiek iek\u013cautas \u012bpa\u0161\u0101 sarakst\u0101.<\/p>\n<p>Pa\u0161laik sp\u0113k\u0101 eso\u0161aj\u0101 mazo salu sarakst\u0101 ir 18 salas. Tagad \u0161im sarakstam tiks pievienots ar\u012b neliel\u0101 sala H\u012bjum\u0101 salas dienvidaustrumos, jo taj\u0101 ofici\u0101li ir re\u0123istr\u0113ti vair\u0101k nek\u0101 pieci iedz\u012bvot\u0101ji.<\/p>\n<p>Statistika liecina, ka \u0161\u0101 gada decembr\u012b kopum\u0101 vis\u0101s Igaunijas mazaj\u0101s sal\u0101s kop\u0101 dz\u012bvo 1846 cilv\u0113ki.<\/p>\n<p>Jaunais statuss noz\u012bm\u0113, ka H\u012bjum\u0101 pa\u0161vald\u012bbai b\u016bs j\u0101pl\u0101no S\u0101rnaki salas att\u012bst\u012bba savos att\u012bst\u012bbas dokumentos. Pa\u0161vald\u012bba var ar\u012b izveidot salas uzrauga jeb salas sarga amata vietu.<\/p>\n<p>Papildu finans\u0113jums pa\u0161vald\u012bb\u0101m tiek pie\u0161\u0137irts no izl\u012bdzin\u0101\u0161anas fonda. \u0160\u012b nauda ir paredz\u0113ta, lai nodro\u0161in\u0101tu pakalpojumus salu iedz\u012bvot\u0101jiem. Cik liela b\u016bs summa, atkar\u012bgs no iedz\u012bvot\u0101ju skaita. 2025. gad\u0101 mazaj\u0101m sal\u0101m \u0161aj\u0101 fond\u0101 kopum\u0101 paredz\u0113ts 1 miljons eiro.<\/p>\n<p>S\u0101rnaki sala atrodas V\u0113inemer\u0113 un aiz\u0146em 143 hekt\u0101rus. T\u0101 ir 3,4 kilometriem gara un l\u012bdz 0,7 kilometriem plata.<\/p>\n<p class=\"tv3-fw-500\">Zi\u0146o par k\u013c\u016bdu rakst\u0101<\/p>\n<p class=\"d-md-block d-none\">Iez\u012bm\u0113 k\u013c\u016bdaino tekstu un spied Ctrl+Enter.<\/p>\n<p class=\"d-md-none d-block\">Iez\u012bm\u0113 k\u013c\u016bdaino tekstu un zi\u0146o par to!<\/p>\n","protected":false},"excerpt":{"rendered":"Igaunij\u0101 jau kop\u0161 2018. gada past\u0101v likums par past\u0101v\u012bgi apdz\u012bvot\u0101m mazaj\u0101m sal\u0101m. Tas nosaka, ka par mazo salu&hellip;\n","protected":false},"author":2,"featured_media":75110,"comment_status":"","ping_status":"","sticky":false,"template":"","format":"standard","meta":{"footnotes":""},"categories":[14],"tags":[23,57,28,29,32,33,22,73,30,31,35,39,38,36,37,34,40,20,26,27,24,25,54,55,56,21,58],"class_list":{"0":"post-75109","1":"post","2":"type-post","3":"status-publish","4":"format-standard","5":"has-post-thumbnail","7":"category-zinas-no-arvalstim","8":"tag-aktualitates","9":"tag-arvalstim","10":"tag-breaking-news","11":"tag-breakingnews","12":"tag-featured-news","13":"tag-featurednews","14":"tag-headlines","15":"tag-igaunija","16":"tag-latest-news","17":"tag-latestnews","18":"tag-latvia","19":"tag-latvian","20":"tag-latviesu","21":"tag-latviesu-valoda","22":"tag-latviesuvaloda","23":"tag-latvija","24":"tag-lv","25":"tag-news","26":"tag-popularakas-zinas","27":"tag-popularakaszinas","28":"tag-top-stories","29":"tag-topstories","30":"tag-world","31":"tag-world-news","32":"tag-worldnews","33":"tag-zinas","34":"tag-zinas-no-arvalstim"},"share_on_mastodon":{"url":"https:\/\/pubeurope.com\/@lv\/115722639472777176","error":""},"_links":{"self":[{"href":"https:\/\/www.europesays.com\/lv\/wp-json\/wp\/v2\/posts\/75109","targetHints":{"allow":["GET"]}}],"collection":[{"href":"https:\/\/www.europesays.com\/lv\/wp-json\/wp\/v2\/posts"}],"about":[{"href":"https:\/\/www.europesays.com\/lv\/wp-json\/wp\/v2\/types\/post"}],"author":[{"embeddable":true,"href":"https:\/\/www.europesays.com\/lv\/wp-json\/wp\/v2\/users\/2"}],"replies":[{"embeddable":true,"href":"https:\/\/www.europesays.com\/lv\/wp-json\/wp\/v2\/comments?post=75109"}],"version-history":[{"count":0,"href":"https:\/\/www.europesays.com\/lv\/wp-json\/wp\/v2\/posts\/75109\/revisions"}],"wp:featuredmedia":[{"embeddable":true,"href":"https:\/\/www.europesays.com\/lv\/wp-json\/wp\/v2\/media\/75110"}],"wp:attachment":[{"href":"https:\/\/www.europesays.com\/lv\/wp-json\/wp\/v2\/media?parent=75109"}],"wp:term":[{"taxonomy":"category","embeddable":true,"href":"https:\/\/www.europesays.com\/lv\/wp-json\/wp\/v2\/categories?post=75109"},{"taxonomy":"post_tag","embeddable":true,"href":"https:\/\/www.europesays.com\/lv\/wp-json\/wp\/v2\/tags?post=75109"}],"curies":[{"name":"wp","href":"https:\/\/api.w.org\/{rel}","templated":true}]}}