{"id":75117,"date":"2025-12-15T08:33:08","date_gmt":"2025-12-15T08:33:08","guid":{"rendered":"https:\/\/www.europesays.com\/lv\/75117\/"},"modified":"2025-12-15T08:33:08","modified_gmt":"2025-12-15T08:33:08","slug":"ciles-prezidenta-velesanas-uzvarejis-konservativo-kandidats-kasts-diena","status":"publish","type":"post","link":"https:\/\/www.europesays.com\/lv\/75117\/","title":{"rendered":"\u010c\u012bles prezidenta v\u0113l\u0113\u0161an\u0101s uzvar\u0113jis konservat\u012bvo kandid\u0101ts Kasts \/ Diena"},"content":{"rendered":"<p>Saska\u0146\u0101 ar rezult\u0101tiem, kas ieg\u016bti p\u0113c gandr\u012bz visu bi\u013cetenu saskait\u012b\u0161anas, Kasts v\u0113l\u0113\u0161anu otraj\u0101 k\u0101rt\u0101 ieguvis 58,2% balsu, kam\u0113r par komunistu kandid\u0101ti \u017daneti Haru, ko atbalst\u012bja pla\u0161a kreiso partiju koal\u012bcija, balsoju\u0161i 41,8% \u010d\u012blie\u0161u.<\/p>\n<p>&#13;<br \/>\n&#13;<\/p>\n<p>Hara jau atzinusi savu sak\u0101vi un apsveikusi Kastu ar uzvaru.<\/p>\n<p>&#13;<br \/>\n&#13;<\/p>\n<p>Kasts sav\u0101 kampa\u0146\u0101 apsol\u012bjis izraid\u012bt vair\u0101k nek\u0101 300 000 neleg\u0101lo imigrantu, sl\u0113gt \u010c\u012bles zieme\u013cu robe\u017eu, ar stingru roku apkarot noziedz\u012bbu, kas sasniegusi rekordaugstu l\u012bmeni, un atdz\u012bvin\u0101t stagn\u0113jo\u0161o ekonomiku.<\/p>\n<p>&#13;<br \/>\n&#13;<\/p>\n<p>Uzrun\u0101jot savus atbalst\u012bt\u0101jus, v\u0113l\u0113\u0161anu uzvar\u0113t\u0101js pazi\u0146oja, ka \u010c\u012ble v\u0113las p\u0101rmai\u0146as, un apsol\u012bja atjaunot cie\u0146u pret likumu.<\/p>\n<p>&#13;<br \/>\n&#13;<\/p>\n<p>Vienlaikus Kasts apsol\u012bja vad\u012bt valsti visu \u010d\u012blie\u0161u lab\u0101 un ieklaus\u012bties savos oponentos.<\/p>\n<p>&#13;<br \/>\n&#13;<\/p>\n<p>\u010c\u012ble, kas savulaik bija viena no dro\u0161\u0101kaj\u0101m Lat\u012b\u0146amerikas valst\u012bm, smagi cietusi no Covid-19 pand\u0113mijas, soci\u0101lajiem nemieriem un \u0101rvalstu organiz\u0113t\u0101s noziedz\u012bbas bandu inv\u0101zijas.<\/p>\n<p>&#13;<br \/>\n&#13;<\/p>\n<p>K\u0101da Kasta atbalst\u012bt\u0101ja Santjago iel\u0101s a\u0123ent\u016brai AFP pauda cer\u012bbu, ka k\u0101rt\u012bbas uztur\u0113\u0161an\u0101 pils\u0113t\u0101s tiks iesaist\u012bta armija, visi narkotiku kontrabandisti tiks ieslodz\u012bti un ikviens, kas noziedz\u012bg\u0101 nol\u016bk\u0101 ieradies \u010c\u012bl\u0113, tiks izraid\u012bts.<\/p>\n<p>&#13;<br \/>\n&#13;<\/p>\n<p>59 gadus vecajam Kastam \u0161\u012b bija jau tre\u0161\u0101 reize, kad vi\u0146\u0161 kandid\u0113ja prezidenta v\u0113l\u0113\u0161an\u0101s, ta\u010du abi vi\u0146a iepriek\u0161\u0113jie m\u0113\u0123in\u0101jumi bija neveiksm\u012bgi.<\/p>\n<p>&#13;<br \/>\n&#13;<\/p>\n<p>\u0160is ir k\u0101rt\u0113jais lab\u0113jo pan\u0101kums Lat\u012b\u0146amerik\u0101 p\u0113c uzvar\u0101m, ko tie guvu\u0161i v\u0113l\u0113\u0161an\u0101s Argent\u012bn\u0101, Bol\u012bvij\u0101, Ekvador\u0101, Honduras\u0101 un Salvador\u0101.<\/p>\n<p>&#13;<br \/>\n&#13;<\/p>\n<p>Kastu ar uzvaru jau apsveicis ASV valsts sekret\u0101rs Marko Rubio un Argent\u012bnas prezidents Havjers Milejs.<\/p>\n<p>&#13;<br \/>\n&#13;<\/p>\n<p>Lai gan daudzi \u010d\u012blie\u0161i nepiekr\u012bt Kasta gal\u0113ji konservat\u012bvajiem uzskatiem daudzos soci\u0101lajos jaut\u0101jumos, piem\u0113ram, jaut\u0101jum\u0101 par abortu aizlieg\u0161anu, sabiedr\u012bbai ir l\u012bdz kaklam augstais noziedz\u012bbas l\u012bmenis un l\u0113n\u0101 ekonomikas izaugsme, ko n\u0101cies piedz\u012bvot \u010detros gados, kam\u0113r pie varas atradu\u0161ies kreisie.<\/p>\n<p>&#13;<br \/>\n&#13;<\/p>\n<p>T\u0101p\u0113c vi\u0146i, neskatoties uz saviem iebildumiem, tom\u0113r balsoju\u0161i par Kastu.<\/p>\n<p>&#13;<br \/>\n&#13;<\/p>\n<p>Aptaujas liecina, ka 60% \u010d\u012blie\u0161u uzskata, ka galven\u0101 probl\u0113ma valst\u012b ir dro\u0161\u012bba, jo p\u0113d\u0113jo gadu laik\u0101 krasi audzis vardarb\u012bgo noziegumu skaits, ko pastr\u0101d\u0101ju\u0161as venecu\u0113lie\u0161u, peru\u0101\u0146u, kolumbie\u0161u un ekvadorie\u0161u bandas.<\/p>\n<p>&#13;<\/p>\n","protected":false},"excerpt":{"rendered":"Saska\u0146\u0101 ar rezult\u0101tiem, kas ieg\u016bti p\u0113c gandr\u012bz visu bi\u013cetenu saskait\u012b\u0161anas, Kasts v\u0113l\u0113\u0161anu otraj\u0101 k\u0101rt\u0101 ieguvis 58,2% balsu, kam\u0113r&hellip;\n","protected":false},"author":2,"featured_media":75118,"comment_status":"","ping_status":"","sticky":false,"template":"","format":"standard","meta":{"footnotes":""},"categories":[14],"tags":[23,57,28,29,32,33,22,30,31,35,39,38,36,37,34,40,20,26,27,24,25,54,55,56,21,58],"class_list":{"0":"post-75117","1":"post","2":"type-post","3":"status-publish","4":"format-standard","5":"has-post-thumbnail","7":"category-zinas-no-arvalstim","8":"tag-aktualitates","9":"tag-arvalstim","10":"tag-breaking-news","11":"tag-breakingnews","12":"tag-featured-news","13":"tag-featurednews","14":"tag-headlines","15":"tag-latest-news","16":"tag-latestnews","17":"tag-latvia","18":"tag-latvian","19":"tag-latviesu","20":"tag-latviesu-valoda","21":"tag-latviesuvaloda","22":"tag-latvija","23":"tag-lv","24":"tag-news","25":"tag-popularakas-zinas","26":"tag-popularakaszinas","27":"tag-top-stories","28":"tag-topstories","29":"tag-world","30":"tag-world-news","31":"tag-worldnews","32":"tag-zinas","33":"tag-zinas-no-arvalstim"},"share_on_mastodon":{"url":"https:\/\/pubeurope.com\/@lv\/115722663185147982","error":""},"_links":{"self":[{"href":"https:\/\/www.europesays.com\/lv\/wp-json\/wp\/v2\/posts\/75117","targetHints":{"allow":["GET"]}}],"collection":[{"href":"https:\/\/www.europesays.com\/lv\/wp-json\/wp\/v2\/posts"}],"about":[{"href":"https:\/\/www.europesays.com\/lv\/wp-json\/wp\/v2\/types\/post"}],"author":[{"embeddable":true,"href":"https:\/\/www.europesays.com\/lv\/wp-json\/wp\/v2\/users\/2"}],"replies":[{"embeddable":true,"href":"https:\/\/www.europesays.com\/lv\/wp-json\/wp\/v2\/comments?post=75117"}],"version-history":[{"count":0,"href":"https:\/\/www.europesays.com\/lv\/wp-json\/wp\/v2\/posts\/75117\/revisions"}],"wp:featuredmedia":[{"embeddable":true,"href":"https:\/\/www.europesays.com\/lv\/wp-json\/wp\/v2\/media\/75118"}],"wp:attachment":[{"href":"https:\/\/www.europesays.com\/lv\/wp-json\/wp\/v2\/media?parent=75117"}],"wp:term":[{"taxonomy":"category","embeddable":true,"href":"https:\/\/www.europesays.com\/lv\/wp-json\/wp\/v2\/categories?post=75117"},{"taxonomy":"post_tag","embeddable":true,"href":"https:\/\/www.europesays.com\/lv\/wp-json\/wp\/v2\/tags?post=75117"}],"curies":[{"name":"wp","href":"https:\/\/api.w.org\/{rel}","templated":true}]}}