{"id":75125,"date":"2025-12-15T08:38:04","date_gmt":"2025-12-15T08:38:04","guid":{"rendered":"https:\/\/www.europesays.com\/lv\/75125\/"},"modified":"2025-12-15T08:38:04","modified_gmt":"2025-12-15T08:38:04","slug":"pavests-tagad-parvietojas-ar-bmw-ix-elektrisko-krosoveru","status":"publish","type":"post","link":"https:\/\/www.europesays.com\/lv\/75125\/","title":{"rendered":"P\u0101vests tagad p\u0101rvietojas ar \u201cBMW iX\u201d elektrisko krosoveru"},"content":{"rendered":"<p>Romas Kato\u013cu bazn\u012bcas p\u0101vests Leons XIV tagad p\u0101rvietojas ar jaunu BMW iX elektrisko krosoveru, kas k\u013cuvis par jaun\u0101ko papildin\u0101jumu Vatik\u0101na autopark\u0101, lai p\u0101vests dotos ofici\u0101l\u0101s viz\u012bt\u0113s. Protams, vi\u0146am pie\u0161\u0137irta viena no lepn\u0101kaj\u0101m versij\u0101m \u2013 \u201ciX xDrive60\u201d ar pilnpiedzi\u0146u un vair\u0101k nek\u0101 500 zirgsp\u0113ku jaudu.\n<\/p>\n<p>Ma\u0161\u012bnas nodo\u0161anas pas\u0101kums notika ar pien\u0101c\u012bgu svin\u012bgumu, taj\u0101 piedaloties BMW izpilddirektoram Oliveram Cipsem, k\u0101 ar\u012b BMW It\u0101lijas noda\u013cas priek\u0161niekam Masimiljano Di Silvestrem.<\/p>\n<p>Rekl\u0101ma<a class=\"gofollow\" data-track=\"NzYzLDU4LDEw\" href=\"https:\/\/track.adform.net\/C\/?bn=86337108;gdpr=${GDPR};gdpr_consent=${GDPR_CONSENT_50}\" target=\"_blank\" rel=\"nofollow noopener\"><img decoding=\"async\" src=\"https:\/\/www.europesays.com\/lv\/wp-content\/uploads\/2025\/12\/Elektrum_Drive_Ziema_Kursors_600x250.jpg\"\/><\/a><img loading=\"lazy\" decoding=\"async\" src=\"https:\/\/www.europesays.com\/lv\/wp-content\/uploads\/2025\/12\/1765787884_521_\" border=\"0\" width=\"1\" height=\"1\"\/><\/p>\n<p>Nesen iev\u0113l\u0113tais p\u0101vests nav sl\u0113pis savu atbalstu c\u012b\u0146ai pret klimata p\u0101rmai\u0146\u0101m, turkl\u0101t vi\u0146am pie\u0161\u0137irtais auto ir glu\u017ei parasts iX, k\u0101du var nopirkt jebkur\u0161 klients, proti, tas nav speci\u0101li vi\u0146am gatavots auto.\n<\/p>\n<p>Vatik\u0101na autopark\u0101 jau ir speci\u0101li p\u0101vestam b\u016bv\u0113ti elektroauto, tom\u0113r \u0161is ir dr\u012bz\u0101k ikdienas lieto\u0161anai paredz\u0113ts auto nevis p\u0101r\u0101des ma\u0161\u012bna. \u0160is BMW pal\u012bdz\u0113s nodro\u0161in\u0101t p\u0101vesta un vi\u0146a sv\u012btas ikdienas vajadz\u012bbas Rom\u0101, vienlaikus kalpojot k\u0101 sign\u0101ls, ka ar\u012b bazn\u012bca moderniz\u0113jas.<\/p>\n","protected":false},"excerpt":{"rendered":"Romas Kato\u013cu bazn\u012bcas p\u0101vests Leons XIV tagad p\u0101rvietojas ar jaunu BMW iX elektrisko krosoveru, kas k\u013cuvis par jaun\u0101ko&hellip;\n","protected":false},"author":2,"featured_media":75126,"comment_status":"","ping_status":"","sticky":false,"template":"","format":"standard","meta":{"footnotes":""},"categories":[16],"tags":[77,76,35,39,38,36,37,34,40],"class_list":{"0":"post-75125","1":"post","2":"type-post","3":"status-publish","4":"format-standard","5":"has-post-thumbnail","7":"category-bizness","8":"tag-bizness","9":"tag-business","10":"tag-latvia","11":"tag-latvian","12":"tag-latviesu","13":"tag-latviesu-valoda","14":"tag-latviesuvaloda","15":"tag-latvija","16":"tag-lv"},"share_on_mastodon":{"url":"https:\/\/pubeurope.com\/@lv\/115722682751594983","error":""},"_links":{"self":[{"href":"https:\/\/www.europesays.com\/lv\/wp-json\/wp\/v2\/posts\/75125","targetHints":{"allow":["GET"]}}],"collection":[{"href":"https:\/\/www.europesays.com\/lv\/wp-json\/wp\/v2\/posts"}],"about":[{"href":"https:\/\/www.europesays.com\/lv\/wp-json\/wp\/v2\/types\/post"}],"author":[{"embeddable":true,"href":"https:\/\/www.europesays.com\/lv\/wp-json\/wp\/v2\/users\/2"}],"replies":[{"embeddable":true,"href":"https:\/\/www.europesays.com\/lv\/wp-json\/wp\/v2\/comments?post=75125"}],"version-history":[{"count":0,"href":"https:\/\/www.europesays.com\/lv\/wp-json\/wp\/v2\/posts\/75125\/revisions"}],"wp:featuredmedia":[{"embeddable":true,"href":"https:\/\/www.europesays.com\/lv\/wp-json\/wp\/v2\/media\/75126"}],"wp:attachment":[{"href":"https:\/\/www.europesays.com\/lv\/wp-json\/wp\/v2\/media?parent=75125"}],"wp:term":[{"taxonomy":"category","embeddable":true,"href":"https:\/\/www.europesays.com\/lv\/wp-json\/wp\/v2\/categories?post=75125"},{"taxonomy":"post_tag","embeddable":true,"href":"https:\/\/www.europesays.com\/lv\/wp-json\/wp\/v2\/tags?post=75125"}],"curies":[{"name":"wp","href":"https:\/\/api.w.org\/{rel}","templated":true}]}}