{"id":75127,"date":"2025-12-15T08:41:09","date_gmt":"2025-12-15T08:41:09","guid":{"rendered":"https:\/\/www.europesays.com\/lv\/75127\/"},"modified":"2025-12-15T08:41:09","modified_gmt":"2025-12-15T08:41:09","slug":"pec-vairaku-gadu-desmitu-partraukuma-rigas-sveta-petera-baznicas-torna-pulkstenis-atkal-rada-pareizu-laiku","status":"publish","type":"post","link":"https:\/\/www.europesays.com\/lv\/75127\/","title":{"rendered":"P\u0113c vair\u0101ku gadu desmitu p\u0101rtraukuma R\u012bgas Sv\u0113t\u0101 P\u0113tera bazn\u012bcas tor\u0146a pulkstenis atkal r\u0101da pareizu laiku"},"content":{"rendered":"<p>\u201cPag\u0101tn\u0113 bazn\u012bcas pulkstenis bija inov\u0101cijas un labkl\u0101j\u012bbas simbols. \u0160odien atjaunotajam pulkstenim ir ne tikai praktiska, bet ar\u012b emocion\u0101la un kult\u016brv\u0113sturiska v\u0113rt\u012bba, kas atg\u0101dina par R\u012bgas v\u0113sturi, att\u012bst\u012bbu un gadsimtu gait\u0101 piedz\u012bvotu laiku. Esam gandar\u012bti un\u00a0 sak\u0101m visliel\u0101ko paldies visiem ziedot\u0101jiem un atbalst\u012bt\u0101jiem, kas \u0161o lielo darbu kop\u012bgi \u013c\u0101va paveikt,\u201d saka R\u012bgas Sv\u0113t\u0101 P\u0113tera bazn\u012bcas nodibin\u0101juma valdes priek\u0161s\u0113d\u0113t\u0101js Stefans Meisners.<\/p>\n","protected":false},"excerpt":{"rendered":"\u201cPag\u0101tn\u0113 bazn\u012bcas pulkstenis bija inov\u0101cijas un labkl\u0101j\u012bbas simbols. \u0160odien atjaunotajam pulkstenim ir ne tikai praktiska, bet ar\u012b emocion\u0101la&hellip;\n","protected":false},"author":2,"featured_media":75128,"comment_status":"","ping_status":"","sticky":false,"template":"","format":"standard","meta":{"footnotes":""},"categories":[12],"tags":[23,28,29,32,33,22,30,31,35,39,38,36,37,34,40,20,26,27,24,25,21],"class_list":{"0":"post-75127","1":"post","2":"type-post","3":"status-publish","4":"format-standard","5":"has-post-thumbnail","7":"category-latvija","8":"tag-aktualitates","9":"tag-breaking-news","10":"tag-breakingnews","11":"tag-featured-news","12":"tag-featurednews","13":"tag-headlines","14":"tag-latest-news","15":"tag-latestnews","16":"tag-latvia","17":"tag-latvian","18":"tag-latviesu","19":"tag-latviesu-valoda","20":"tag-latviesuvaloda","21":"tag-latvija","22":"tag-lv","23":"tag-news","24":"tag-popularakas-zinas","25":"tag-popularakaszinas","26":"tag-top-stories","27":"tag-topstories","28":"tag-zinas"},"share_on_mastodon":{"url":"https:\/\/pubeurope.com\/@lv\/115722694494335235","error":""},"_links":{"self":[{"href":"https:\/\/www.europesays.com\/lv\/wp-json\/wp\/v2\/posts\/75127","targetHints":{"allow":["GET"]}}],"collection":[{"href":"https:\/\/www.europesays.com\/lv\/wp-json\/wp\/v2\/posts"}],"about":[{"href":"https:\/\/www.europesays.com\/lv\/wp-json\/wp\/v2\/types\/post"}],"author":[{"embeddable":true,"href":"https:\/\/www.europesays.com\/lv\/wp-json\/wp\/v2\/users\/2"}],"replies":[{"embeddable":true,"href":"https:\/\/www.europesays.com\/lv\/wp-json\/wp\/v2\/comments?post=75127"}],"version-history":[{"count":0,"href":"https:\/\/www.europesays.com\/lv\/wp-json\/wp\/v2\/posts\/75127\/revisions"}],"wp:featuredmedia":[{"embeddable":true,"href":"https:\/\/www.europesays.com\/lv\/wp-json\/wp\/v2\/media\/75128"}],"wp:attachment":[{"href":"https:\/\/www.europesays.com\/lv\/wp-json\/wp\/v2\/media?parent=75127"}],"wp:term":[{"taxonomy":"category","embeddable":true,"href":"https:\/\/www.europesays.com\/lv\/wp-json\/wp\/v2\/categories?post=75127"},{"taxonomy":"post_tag","embeddable":true,"href":"https:\/\/www.europesays.com\/lv\/wp-json\/wp\/v2\/tags?post=75127"}],"curies":[{"name":"wp","href":"https:\/\/api.w.org\/{rel}","templated":true}]}}