{"id":75141,"date":"2025-12-15T08:53:17","date_gmt":"2025-12-15T08:53:17","guid":{"rendered":"https:\/\/www.europesays.com\/lv\/75141\/"},"modified":"2025-12-15T08:53:17","modified_gmt":"2025-12-15T08:53:17","slug":"nedelas-nogale-celu-satiksmes-negadijumos-rigas-regiona-cietusi-19-cilveki","status":"publish","type":"post","link":"https:\/\/www.europesays.com\/lv\/75141\/","title":{"rendered":"Ned\u0113\u013cas nogal\u0113 ce\u013cu satiksmes negad\u012bjumos R\u012bgas re\u0123ion\u0101 cietu\u0161i 19 cilv\u0113ki"},"content":{"rendered":"<p>P\u0113d\u0113jo triju dienu laik\u0101 R\u012bgas re\u0123ion\u0101 re\u0123istr\u0113ti 211 ce\u013cu satiksmes negad\u012bjumi, kuros cietu\u0161i 19 cilv\u0113ki. Cietu\u0161o vid\u016b ir tr\u012bs g\u0101j\u0113ji un tr\u012bs velosip\u0113disti, liecina Valsts policijas inform\u0101cija.<\/p>\n<p>Kop\u0161 piektdienas policija R\u012bg\u0101 un galvaspils\u0113tas apk\u0101rtn\u0113 aiztur\u0113jusi piecus transporta l\u012bdzek\u013cu vad\u012bt\u0101jus alkohola reibum\u0101 un vienu narkotisko vielu iespaid\u0101.<\/p>\n<p>Diviem dz\u0113r\u0101j\u0161oferiem noform\u0113ts administrat\u012bv\u0101 p\u0101rk\u0101puma protokols, bet \u010detri tiks saukti pie krimin\u0101latbild\u012bbas, un visos \u010detros gad\u012bjumos tiks piedz\u012bta transportl\u012bdzek\u013ca v\u0113rt\u012bba.<\/p>\n<p>P\u0113d\u0113jo triju dienu laik\u0101 R\u012bgas re\u0123ion\u0101 sast\u0101d\u012bti 17 administrat\u012bv\u0101 p\u0101rk\u0101puma protokoli par agres\u012bvu brauk\u0161anu un 35 protokoli par brauk\u0161anas \u0101truma p\u0101rsnieg\u0161anu, k\u0101 ar\u012b re\u0123istr\u0113ta viena automa\u0161\u012bnas z\u0101dz\u012bba un tr\u012bs z\u0101dz\u012bbas no m\u0101jok\u013ca.<\/p>\n","protected":false},"excerpt":{"rendered":"P\u0113d\u0113jo triju dienu laik\u0101 R\u012bgas re\u0123ion\u0101 re\u0123istr\u0113ti 211 ce\u013cu satiksmes negad\u012bjumi, kuros cietu\u0161i 19 cilv\u0113ki. Cietu\u0161o vid\u016b ir&hellip;\n","protected":false},"author":2,"featured_media":75142,"comment_status":"","ping_status":"","sticky":false,"template":"","format":"standard","meta":{"footnotes":""},"categories":[12],"tags":[23,28,29,47,32,33,22,381,64,30,31,35,39,38,36,37,34,40,20,385,26,27,172,382,384,383,24,25,21],"class_list":{"0":"post-75141","1":"post","2":"type-post","3":"status-publish","4":"format-standard","5":"has-post-thumbnail","7":"category-latvija","8":"tag-aktualitates","9":"tag-breaking-news","10":"tag-breakingnews","11":"tag-ekonomika","12":"tag-featured-news","13":"tag-featurednews","14":"tag-headlines","15":"tag-jaunumi","16":"tag-kultura","17":"tag-latest-news","18":"tag-latestnews","19":"tag-latvia","20":"tag-latvian","21":"tag-latviesu","22":"tag-latviesu-valoda","23":"tag-latviesuvaloda","24":"tag-latvija","25":"tag-lv","26":"tag-news","27":"tag-pieriga","28":"tag-popularakas-zinas","29":"tag-popularakaszinas","30":"tag-riga","31":"tag-sabiedriba","32":"tag-sludinajumi","33":"tag-sports-afisa","34":"tag-top-stories","35":"tag-topstories","36":"tag-zinas"},"share_on_mastodon":{"url":"https:\/\/pubeurope.com\/@lv\/115722741916515395","error":""},"_links":{"self":[{"href":"https:\/\/www.europesays.com\/lv\/wp-json\/wp\/v2\/posts\/75141","targetHints":{"allow":["GET"]}}],"collection":[{"href":"https:\/\/www.europesays.com\/lv\/wp-json\/wp\/v2\/posts"}],"about":[{"href":"https:\/\/www.europesays.com\/lv\/wp-json\/wp\/v2\/types\/post"}],"author":[{"embeddable":true,"href":"https:\/\/www.europesays.com\/lv\/wp-json\/wp\/v2\/users\/2"}],"replies":[{"embeddable":true,"href":"https:\/\/www.europesays.com\/lv\/wp-json\/wp\/v2\/comments?post=75141"}],"version-history":[{"count":0,"href":"https:\/\/www.europesays.com\/lv\/wp-json\/wp\/v2\/posts\/75141\/revisions"}],"wp:featuredmedia":[{"embeddable":true,"href":"https:\/\/www.europesays.com\/lv\/wp-json\/wp\/v2\/media\/75142"}],"wp:attachment":[{"href":"https:\/\/www.europesays.com\/lv\/wp-json\/wp\/v2\/media?parent=75141"}],"wp:term":[{"taxonomy":"category","embeddable":true,"href":"https:\/\/www.europesays.com\/lv\/wp-json\/wp\/v2\/categories?post=75141"},{"taxonomy":"post_tag","embeddable":true,"href":"https:\/\/www.europesays.com\/lv\/wp-json\/wp\/v2\/tags?post=75141"}],"curies":[{"name":"wp","href":"https:\/\/api.w.org\/{rel}","templated":true}]}}