{"id":75143,"date":"2025-12-15T08:54:22","date_gmt":"2025-12-15T08:54:22","guid":{"rendered":"https:\/\/www.europesays.com\/lv\/75143\/"},"modified":"2025-12-15T08:54:22","modified_gmt":"2025-12-15T08:54:22","slug":"ministrija-rosina-atlaut-palielinat-airbaltic-personala-izmaksas","status":"publish","type":"post","link":"https:\/\/www.europesays.com\/lv\/75143\/","title":{"rendered":"Ministrija rosina at\u013caut palielin\u0101t &#8220;airBaltic&#8221; person\u0101la izmaksas"},"content":{"rendered":"<p><a rel=\"noopener nofollow\" target=\"_blank\" href=\"https:\/\/www.delfi.lv\/temas\/40626519\/satiksmes-ministrija\" tag-id=\"40626519\">Satiksmes ministrija<\/a> (SM) rosina at\u013caut Latvijas nacion\u0101l\u0101s aviokomp\u0101nijas &#8220;<a rel=\"noopener nofollow\" target=\"_blank\" href=\"https:\/\/www.delfi.lv\/temas\/37303319\/airbaltic\" tag-id=\"37303319\">airBaltic<\/a>&#8221; kop\u0113j\u0101s person\u0101la izmaksas \u0161ogad palielin\u0101t par 18% sal\u012bdzin\u0101jum\u0101 ar 2024. gadu, liecina SM sagatavotais r\u012bkojuma projekts Ties\u012bbu aktu port\u0101l\u0101.<\/p>\n<p>Ministrij\u0101 skaidro, ka kop\u0113jais person\u0101la izmaksu palielin\u0101jums 18% apm\u0113r\u0101 ir tie\u0161i saist\u012bts ar &#8220;airBaltic&#8221; darb\u012bbas apm\u0113ra pieaugumu un sagatavo\u0161anos 2026. gad\u0101 pl\u0101notajai flotes papla\u0161in\u0101\u0161anai, k\u0101 ar\u012b ar nepiecie\u0161am\u012bbu nodro\u0161in\u0101t konkur\u0113tsp\u0113j\u012bgu atalgojumu sertific\u0113tiem <a rel=\"noopener nofollow\" target=\"_blank\" href=\"https:\/\/www.delfi.lv\/temas\/51691159\/aviacija\" tag-id=\"51691159\">avi\u0101cijas<\/a> speci\u0101listiem.<\/p>\n<p>Atbilsto\u0161i likumam person\u0101la izmaksas var palielin\u0101t ne vair\u0101k k\u0101 par 2,6% sal\u012bdzin\u0101jum\u0101 ar iepriek\u0161\u0113jo p\u0101rskata gadu, ja vien nav sa\u0146emts Ministru kabineta (MK) atsevi\u0161\u0137s l\u0113mums \u0161aj\u0101 jaut\u0101jum\u0101.<\/p>\n<p>Lasiet ar\u012b<\/p>\n<p><a href=\"https:\/\/www.delfi.lv\/video\/53950177\/spried-ar-delfi\/120098767\/airbaltic-vairs-nelidos-kaut-uz-tundru-un-taigu-un-neteres-nevienu-lieku-eiro-sola-svinka\" class=\"headline__image-link\" itemprop=\"url\" rel=\"nofollow noopener\" target=\"_blank\"><img decoding=\"async\" loading=\"lazy\" itemprop=\"image\" src=\"https:\/\/www.europesays.com\/lv\/wp-content\/uploads\/2025\/12\/f663709e-3a4a-4985-8a6f-0a02ed9a7b4d.jpg\" alt=\"&quot;airBaltic&quot; vairs nelidos kaut uz &quot;tundru un taigu&quot; un &quot;net\u0113r\u0113s nevienu lieku eiro&quot;, sola \u0160vinka\" title=\"&quot;airBaltic&quot; vairs nelidos kaut uz &quot;tundru un taigu&quot; un &quot;net\u0113r\u0113s nevienu lieku eiro&quot;, sola \u0160vinka\" class=\"headline__image img-fluid w-100\"\/><\/a><\/p>\n<p>Ministrijas ieskat\u0101 \u0161\u0101da ierobe\u017eojuma iev\u0113ro\u0161ana faktiski aptur\u0113tu &#8220;airBaltic&#8221; izaugsmi un paraliz\u0113tu pamatdarb\u012bbu eso\u0161aj\u0101 apm\u0113r\u0101.<\/p>\n<p>R\u012bkojuma projekta anot\u0101cij\u0101 teikts, ka &#8220;airBaltic&#8221; person\u0101la skaita pieaugums ir tie\u0161i saist\u012bts ar flotes un darb\u012bbas apm\u0113ra papla\u0161in\u0101\u0161anu. Katra jaun\u0101 lidma\u0161\u012bna prasa papildu apkalpes locek\u013cus \u2013 aptuveni desmit pilotus un 20 salona darbiniekus, kuru apm\u0101c\u012bba ilgst l\u012bdz 18 m\u0113ne\u0161iem. T\u0101d\u0113j\u0101di da\u013ca no 2025. gad\u0101 paredz\u0113t\u0101 izmaksu pieauguma ir neizb\u0113gama un ir daudz liel\u0101ka par 2,6%, jo saist\u012bta ar s\u0101ktiem sagatavo\u0161an\u0101s procesiem un apm\u0101c\u012bb\u0101m.<\/p>\n<p>Lasiet ar\u012b<\/p>\n<p><a href=\"https:\/\/www.delfi.lv\/bizness\/37264250\/biznesa_vide\/120096562\/airbaltic-izsludinajusi-200-stjuartu-vakances-kada-ir-alga\" class=\"headline__image-link\" itemprop=\"url\" rel=\"nofollow noopener\" target=\"_blank\"><img decoding=\"async\" loading=\"lazy\" itemprop=\"image\" src=\"https:\/\/www.europesays.com\/lv\/wp-content\/uploads\/2025\/12\/56f4a45b-5953-498b-bc00-a13c0a283202.jpg\" alt=\"&quot;airBaltic&quot; izsludin\u0101jusi 200 stjuartu vakances \u2013 k\u0101da ir alga? \" title=\"&quot;airBaltic&quot; izsludin\u0101jusi 200 stjuartu vakances \u2013 k\u0101da ir alga? \" class=\"headline__image img-fluid w-100\"\/><\/a><\/p>\n<p>Papildu &#8220;airBaltic&#8221; darbojas br\u012bv\u0101 tirg\u016b, konkur\u0113jot ar citiem re\u0123ion\u0101lajiem p\u0101rvad\u0101t\u0101jiem, kas akt\u012bvi piesaista darbiniekus no Latvijas. Ja tiktu saglab\u0101ts person\u0101la izmaksu pieauguma ierobe\u017eojums, &#8220;airBaltic&#8221; zaud\u0113tu konkur\u0113tsp\u0113ju darba tirg\u016b, kas tie\u0161i ietekm\u0113tu lidojumu regularit\u0101ti, k\u0101 ar\u012b pakalpojumu kvalit\u0101ti, min ministrij\u0101.<\/p>\n<p>SM, balstoties uz starptautisk\u0101 atalgojuma p\u0113t\u012bjuma &#8220;RemuNet&#8221; un viet\u0113j\u0101 tirgus p\u0113t\u012bjuma &#8220;Figure Baltic Advisory 2025&#8221; datiem, uzsver, ka vair\u0101k\u0101s kritiski svar\u012bg\u0101s &#8220;airBaltic&#8221; darbinieku kategorij\u0101s atalgojuma l\u012bmenis atrodas zem attiec\u012bg\u0101 tirgus medi\u0101nas gan Eiropas re\u0123ion\u0101laj\u0101 avi\u0101cijas nozar\u0113, gan Latvijas un Baltijas tirg\u016b.<\/p>\n<p>P\u0113t\u012bjuma &#8220;RemuNet&#8221; dati liecina, ka &#8220;airBaltic&#8221; pilotu un stjuartu amatu atalgojums ar\u012b p\u0113c 2025. gada pl\u0101notaj\u0101m korekcij\u0101m saglab\u0101sies zem starptautisk\u0101 medi\u0101nas l\u012bme\u0146a, savuk\u0101rt viet\u0113j\u0101 tirg\u016b 2026. gad\u0101 tiek prognoz\u0113ts 6-7% darba samaksas pieaugums, kas b\u016btiski p\u0101rsniedz likum\u0101 noteikto 2,6% limitu.<\/p>\n<p>Atbilsto\u0161i likumam noteikt\u0101 ierobe\u017eojuma atcel\u0161ana vai main\u012b\u0161ana attiec\u012bb\u0101 uz &#8220;airBaltic&#8221; nerad\u012bs tie\u0161u ietekmi uz valsts bud\u017eeta izdevumiem 2025. gad\u0101, nor\u0101da ministrij\u0101.<\/p>\n<p>Ministrij\u0101 skaidro, ka 18% person\u0101la izmaksu pieaugums attiektos uz darbasp\u0113ka apm\u0113ra palielin\u0101jumu, tirgus atalgojuma korekcij\u0101m kvalific\u0113tiem speci\u0101listiem, k\u0101 ar\u012b digit\u0101lo un apm\u0101c\u012bbu projektu ievie\u0161anu.<\/p>\n<p>T\u0101d\u0113j\u0101di SM l\u016bdz MK at\u013caut 2025. gad\u0101 &#8220;airBaltic&#8221; kop\u0113j\u0101s person\u0101la izmaksas palielin\u0101t par 18% sal\u012bdzin\u0101jum\u0101 ar iepriek\u0161\u0113jo p\u0101rskata gadu.<\/p>\n<p>2025. gada devi\u0146os m\u0113ne\u0161os &#8220;airBaltic&#8221; koncerns str\u0101d\u0101ja ar 594,303 miljonu eiro apgroz\u012bjumu un 4,249 miljonu eiro pe\u013c\u0146u.<\/p>\n<p>Savuk\u0101rt 2024. gad\u0101 &#8220;airBaltic&#8221; koncerns str\u0101d\u0101ja ar audit\u0113tajiem zaud\u0113jumiem 118,159 miljonu eiro apm\u0113r\u0101 pretstat\u0101 pe\u013c\u0146ai gadu iepriek\u0161, bet koncerna apgroz\u012bjums, sal\u012bdzinot ar 2023. gadu, palielin\u0101j\u0101s par 11,9%, sasniedzot 747,572 miljonus eiro.<\/p>\n<p>\u0160ogad augusta beig\u0101s V\u0101cijas nacion\u0101l\u0101 aviokomp\u0101nija &#8220;<a rel=\"noopener nofollow\" target=\"_blank\" href=\"https:\/\/www.delfi.lv\/temas\/42644588\/lufthansa\" tag-id=\"42644588\">Lufthansa<\/a>&#8221; k\u013cuva par &#8220;airBaltic&#8221; akcion\u0101ru. Patlaban Latvijas valstij pieder 88,37% &#8220;airBaltic&#8221; akciju, &#8220;Lufthansa&#8221; \u2013 10% akciju, finan\u0161u investoram, D\u0101nijas uz\u0146\u0113m\u0113jam Larsam T\u016bsenam piedero\u0161ajam &#8220;Aircraft Leasing 1&#8221; \u2013 1,62%, bet 0,01% \u2013 citiem. Komp\u0101nijas pamatkapit\u0101ls ir 41,819 miljoni eiro.<\/p>\n<p>P\u0113c &#8220;airBaltic&#8221; akciju s\u0101kotn\u0113j\u0101 publisk\u0101 pied\u0101v\u0101juma (IPO) &#8220;Lufthansa&#8221; l\u012bdzdal\u012bbas lielumu noteiks potenci\u0101l\u0101 IPO tirgus cena. Dar\u012bjums paredz ar\u012b to, ka &#8220;Lufthansa&#8221; p\u0113c potenci\u0101l\u0101 IPO pieder\u0113s ne maz\u0101k k\u0101 5% no &#8220;airBaltic&#8221; kapit\u0101la.<\/p>\n<p>Latvijas vald\u012bba 2024. gada 30. august\u0101 vienoj\u0101s, ka valstij p\u0113c &#8220;airBaltic&#8221; IPO komp\u0101nijas kapit\u0101l\u0101 j\u0101saglab\u0101 vismaz 25% plus viena akcija. Savuk\u0101rt \u0161ogad 19. august\u0101 vald\u012bba nol\u0113ma, ka Latvija, t\u0101pat k\u0101 V\u0101cijas &#8220;Lufthansa&#8221;, veiks l\u012bdzieguld\u012bjumu 14 miljonu eiro apm\u0113r\u0101 &#8220;airBaltic&#8221; pirms potenci\u0101l\u0101 IPO.<\/p>\n<p class=\"m-0\">Seko &#8220;Delfi&#8221; ar\u012b  <a target=\"_blank\" href=\"https:\/\/www.instagram.com\/delfi.lv\/\" rel=\"nofollow noopener\">Instagram<\/a>  un <a target=\"_blank\" href=\"https:\/\/www.youtube.com\/channel\/UCw5foWtcJvAbUm64rv7jwUQ\" rel=\"nofollow noopener\">YouTube<\/a>  profil\u0101 \u2013 pievienojies, lai uzzin\u0101tu svar\u012bg\u0101ko un interesant\u0101ko pirmais!<\/p>\n<p>Publik\u0101cijas saturs vai t\u0101s jebk\u0101da apjoma da\u013ca ir aizsarg\u0101ts autorties\u012bbu objekts Autorties\u012bbu likuma izpratn\u0113, un t\u0101 izmanto\u0161ana bez izdev\u0113ja at\u013caujas ir aizliegta. Vair\u0101k lasi  <a target=\"_blank\" href=\"https:\/\/www.delfi.lv\/noteikumi#autortiesibas\" rel=\"nofollow noopener\">\u0161eit<\/a><script async src=\"\/\/www.instagram.com\/embed.js\"><\/script><\/p>\n","protected":false},"excerpt":{"rendered":"Satiksmes ministrija (SM) rosina at\u013caut Latvijas nacion\u0101l\u0101s aviokomp\u0101nijas &#8220;airBaltic&#8221; kop\u0113j\u0101s person\u0101la izmaksas \u0161ogad palielin\u0101t par 18% sal\u012bdzin\u0101jum\u0101 ar&hellip;\n","protected":false},"author":2,"featured_media":75144,"comment_status":"","ping_status":"","sticky":false,"template":"","format":"standard","meta":{"footnotes":""},"categories":[5],"tags":[3307,23,1133,28,29,32,33,22,30,31,35,39,38,36,37,34,18207,40,20,5207,26,27,956,24,25,8490,21],"class_list":{"0":"post-75143","1":"post","2":"type-post","3":"status-publish","4":"format-standard","5":"has-post-thumbnail","7":"category-aktualitates","8":"tag-airbaltic","9":"tag-aktualitates","10":"tag-aviacija","11":"tag-breaking-news","12":"tag-breakingnews","13":"tag-featured-news","14":"tag-featurednews","15":"tag-headlines","16":"tag-latest-news","17":"tag-latestnews","18":"tag-latvia","19":"tag-latvian","20":"tag-latviesu","21":"tag-latviesu-valoda","22":"tag-latviesuvaloda","23":"tag-latvija","24":"tag-lufthansa","25":"tag-lv","26":"tag-news","27":"tag-pasazieru-parvadajumi","28":"tag-popularakas-zinas","29":"tag-popularakaszinas","30":"tag-satiksmes-ministrija","31":"tag-top-stories","32":"tag-topstories","33":"tag-transporta-nozare","34":"tag-zinas"},"share_on_mastodon":{"url":"https:\/\/pubeurope.com\/@lv\/115722745595508861","error":""},"_links":{"self":[{"href":"https:\/\/www.europesays.com\/lv\/wp-json\/wp\/v2\/posts\/75143","targetHints":{"allow":["GET"]}}],"collection":[{"href":"https:\/\/www.europesays.com\/lv\/wp-json\/wp\/v2\/posts"}],"about":[{"href":"https:\/\/www.europesays.com\/lv\/wp-json\/wp\/v2\/types\/post"}],"author":[{"embeddable":true,"href":"https:\/\/www.europesays.com\/lv\/wp-json\/wp\/v2\/users\/2"}],"replies":[{"embeddable":true,"href":"https:\/\/www.europesays.com\/lv\/wp-json\/wp\/v2\/comments?post=75143"}],"version-history":[{"count":0,"href":"https:\/\/www.europesays.com\/lv\/wp-json\/wp\/v2\/posts\/75143\/revisions"}],"wp:featuredmedia":[{"embeddable":true,"href":"https:\/\/www.europesays.com\/lv\/wp-json\/wp\/v2\/media\/75144"}],"wp:attachment":[{"href":"https:\/\/www.europesays.com\/lv\/wp-json\/wp\/v2\/media?parent=75143"}],"wp:term":[{"taxonomy":"category","embeddable":true,"href":"https:\/\/www.europesays.com\/lv\/wp-json\/wp\/v2\/categories?post=75143"},{"taxonomy":"post_tag","embeddable":true,"href":"https:\/\/www.europesays.com\/lv\/wp-json\/wp\/v2\/tags?post=75143"}],"curies":[{"name":"wp","href":"https:\/\/api.w.org\/{rel}","templated":true}]}}