{"id":7517,"date":"2025-09-29T06:04:10","date_gmt":"2025-09-29T06:04:10","guid":{"rendered":"https:\/\/www.europesays.com\/lv\/7517\/"},"modified":"2025-09-29T06:04:10","modified_gmt":"2025-09-29T06:04:10","slug":"moldovas-parlamenta-velesanas-parliecinosi-uzvar-rietumu-vertibu-parstavosa-partija","status":"publish","type":"post","link":"https:\/\/www.europesays.com\/lv\/7517\/","title":{"rendered":"Moldovas parlamenta v\u0113l\u0113\u0161an\u0101s p\u0101rliecino\u0161i uzvar Rietumu v\u0113rt\u012bbu p\u0101rst\u0101vo\u0161\u0101 partija"},"content":{"rendered":"<p>Moldov\u0101 sv\u0113tdien notiku\u0161aj\u0101s parlamenta v\u0113l\u0113\u0161an\u0101s uzvar\u0113jusi valdo\u0161\u0101 prorietumniecisk\u0101 R\u012bc\u012bbas un solidarit\u0101tes partija (PAS), liecina pirmdien apkopotie ofici\u0101lie rezult\u0101ti.<\/p>\n<p>PAS izc\u012bn\u012bjusi 50,03% balsu, bet galvenais PAS s\u0101ncensis prokrieviskais Patriotiskais bloks (BEP) ieguvis 24,26% balsu, p\u0113c 99,5% balsu saskait\u012b\u0161anas pav\u0113st\u012bja Centr\u0101l\u0101s v\u0113l\u0113\u0161anu komisija.<\/p>\n<p>PAS parlament\u0101 b\u016bs absol\u016btais vair\u0101kums, un tas partijai dos ties\u012bbas veidot n\u0101kamo vald\u012bbu patst\u0101v\u012bgi.<\/p>\n<p>Iek\u013c\u016b\u0161anai parlament\u0101 partiju blokiem j\u0101p\u0101rvar 7% slieksnis, bet partij\u0101m &#8211; 5%. \u0160o slieksni nep\u0101ravar\u0113ju\u0161o sarakstu balsis tiek sadal\u012btas parlament\u0101 iek\u013cuvu\u0161o politisko sp\u0113ku starp\u0101.<\/p>\n<p>Krievijai draudz\u012bgie politiskie sp\u0113ki &#8211; bloks &#8220;Alternat\u012bva&#8221; un uz\u0146\u0113m\u0113ja Renato Usatija M\u016bsu partija &#8211; sa\u0146\u0113mu\u0161i attiec\u012bgi 7,99 un 6,21% balsu.<\/p>\n<p>Partija &#8220;Demokr\u0101tija m\u0101j\u0101s&#8221;, kas s\u0101kotn\u0113ji dibin\u0101ta, lai atbalst\u012btu apvieno\u0161anos ar Rum\u0101niju, negaid\u012bti p\u0101rvar\u0113jusi 5% slieksni un sa\u0146\u0113musi 5,63% balsu.<\/p>\n<p>Sv\u0113tdien p\u0113c v\u0113l\u0113\u0161anu iecirk\u0146u sl\u0113g\u0161anas plkst.21 p\u0113c viet\u0113j\u0101 un Latvijas laika Centr\u0101l\u0101 v\u0113l\u0113\u0161anu komisija pazi\u0146oja, ka v\u0113l\u0113\u0161an\u0101s nobalsoju\u0161i vair\u0101k nek\u0101 1,59 miljoni cilv\u0113ku jeb aptuveni 51,9% v\u0113l\u0113t\u0101ju, tai skait\u0101 264 000 Moldovas pilso\u0146u, kuri nobalsoja \u0101rvalst\u012bs.<\/p>\n<p>Jau v\u0113st\u012bts, ka v\u0113l\u0113\u0161anu dienu Moldov\u0101 aiz\u0113noja viltus spridzin\u0101\u0161anas draudi, kas \u012bslaic\u012bgi aptur\u0113ja v\u0113l\u0113\u0161anu iecirk\u0146u darbu vair\u0101k\u0101s Eiropas pils\u0113t\u0101s, un kiberuzbrukumi. Nevalstisk\u0101 organiz\u0101cija &#8220;Promo-Lex&#8221;, kas sekoja l\u012bdzi v\u0113l\u0113\u0161anu norisei, p\u0101ris stundas pirms v\u0113l\u0113\u0161anu iecirk\u0146u sl\u0113g\u0161anas zi\u0146oja par vair\u0101k nek\u0101 300 apstiprin\u0101tiem incidentiem, s\u0101kot ar nepiedero\u0161\u0101m person\u0101m v\u0113l\u0113\u0161anu iecirk\u0146os un beidzot ar cilv\u0113kiem, kas fotograf\u0113ja vai film\u0113ja savus v\u0113l\u0113\u0161anu bi\u013cetenus.<\/p>\n<p>Policija neilgi pirms balso\u0161anas beig\u0101m pazi\u0146oja, ka aiztur\u0113jusi tr\u012bs cilv\u0113kus, kuri pl\u0101noja izrais\u012bt haosu un nemierus p\u0113c v\u0113l\u0113\u0161an\u0101m. Pie vi\u0146iem tika atrasta pirotehnika un viegli uzliesmoju\u0161i materi\u0101li.<\/p>\n<p>Zi\u0146a papildin\u0101ta plkst. 8.12.<\/p>\n<p><img decoding=\"async\" src=\"https:\/\/www.europesays.com\/lv\/wp-content\/uploads\/2025\/09\/40d50dc6a87811af502c89b4311b1a9a.jpg\" title=\"Balsu skait\u012b\u0161ana Moldovas parlamenta v\u0113l\u0113\u0161an\u0101s. Foto: REUTERS\/Stringer\" alt=\"Balsu skait\u012b\u0161ana Moldovas parlamenta v\u0113l\u0113\u0161an\u0101s. Foto: REUTERS\/Stringer\"\/><\/p>\n<p class=\"article-img-desc\">Balsu skait\u012b\u0161ana Moldovas parlamenta v\u0113l\u0113\u0161an\u0101s. Foto: REUTERS\/Stringer<\/p>\n","protected":false},"excerpt":{"rendered":"Moldov\u0101 sv\u0113tdien notiku\u0161aj\u0101s parlamenta v\u0113l\u0113\u0161an\u0101s uzvar\u0113jusi valdo\u0161\u0101 prorietumniecisk\u0101 R\u012bc\u012bbas un solidarit\u0101tes partija (PAS), liecina pirmdien apkopotie ofici\u0101lie rezult\u0101ti.&hellip;\n","protected":false},"author":2,"featured_media":7518,"comment_status":"","ping_status":"","sticky":false,"template":"","format":"standard","meta":{"footnotes":""},"categories":[5],"tags":[129,3184,1209,2337,23,28,29,32,33,22,30,31,35,39,38,36,37,34,40,20,26,27,2338,1210,3185,2339,1211,3186,24,25,21],"class_list":{"0":"post-7517","1":"post","2":"type-post","3":"status-publish","4":"format-standard","5":"has-post-thumbnail","7":"category-aktualitates","8":"tag-__typenameadvicekeyword","9":"tag-id1308","10":"tag-id824","11":"tag-id882","12":"tag-aktualitates","13":"tag-breaking-news","14":"tag-breakingnews","15":"tag-featured-news","16":"tag-featurednews","17":"tag-headlines","18":"tag-latest-news","19":"tag-latestnews","20":"tag-latvia","21":"tag-latvian","22":"tag-latviesu","23":"tag-latviesu-valoda","24":"tag-latviesuvaloda","25":"tag-latvija","26":"tag-lv","27":"tag-news","28":"tag-popularakas-zinas","29":"tag-popularakaszinas","30":"tag-slugmoldova","31":"tag-slugpolitika","32":"tag-slugvelesanas","33":"tag-titlemoldova","34":"tag-titlepolitika","35":"tag-titlevelesanas","36":"tag-top-stories","37":"tag-topstories","38":"tag-zinas"},"share_on_mastodon":{"url":"","error":""},"_links":{"self":[{"href":"https:\/\/www.europesays.com\/lv\/wp-json\/wp\/v2\/posts\/7517","targetHints":{"allow":["GET"]}}],"collection":[{"href":"https:\/\/www.europesays.com\/lv\/wp-json\/wp\/v2\/posts"}],"about":[{"href":"https:\/\/www.europesays.com\/lv\/wp-json\/wp\/v2\/types\/post"}],"author":[{"embeddable":true,"href":"https:\/\/www.europesays.com\/lv\/wp-json\/wp\/v2\/users\/2"}],"replies":[{"embeddable":true,"href":"https:\/\/www.europesays.com\/lv\/wp-json\/wp\/v2\/comments?post=7517"}],"version-history":[{"count":0,"href":"https:\/\/www.europesays.com\/lv\/wp-json\/wp\/v2\/posts\/7517\/revisions"}],"wp:featuredmedia":[{"embeddable":true,"href":"https:\/\/www.europesays.com\/lv\/wp-json\/wp\/v2\/media\/7518"}],"wp:attachment":[{"href":"https:\/\/www.europesays.com\/lv\/wp-json\/wp\/v2\/media?parent=7517"}],"wp:term":[{"taxonomy":"category","embeddable":true,"href":"https:\/\/www.europesays.com\/lv\/wp-json\/wp\/v2\/categories?post=7517"},{"taxonomy":"post_tag","embeddable":true,"href":"https:\/\/www.europesays.com\/lv\/wp-json\/wp\/v2\/tags?post=7517"}],"curies":[{"name":"wp","href":"https:\/\/api.w.org\/{rel}","templated":true}]}}