{"id":75213,"date":"2025-12-15T09:46:09","date_gmt":"2025-12-15T09:46:09","guid":{"rendered":"https:\/\/www.europesays.com\/lv\/75213\/"},"modified":"2025-12-15T09:46:09","modified_gmt":"2025-12-15T09:46:09","slug":"australijas-premjers-ierosina-stingrakus-ierocu-likumus","status":"publish","type":"post","link":"https:\/\/www.europesays.com\/lv\/75213\/","title":{"rendered":"Austr\u0101lijas premjers ierosina stingr\u0101kus iero\u010du likumus"},"content":{"rendered":"<p>Jau v\u0113st\u012bts, ka Bondi pludmal\u0113 sv\u0113tdien divi uzbruc\u0113ji ap\u0161aud\u012bja ebreju Hanukas sv\u0113tku pas\u0101kumu, nogalinot 15 un ievainojot 41 cilv\u0113ku.<\/p>\n<p>Uzbruc\u0113ji bija t\u0113vs ar d\u0113lu. Policija noskaidrojusi, ka 50 gadus vecajam t\u0113vam bija licence se\u0161iem \u0161aujamiero\u010diem, kas, p\u0113c visa sprie\u017eot, tika izmantoti ap\u0161aud\u0113.<\/p>\n<p>Alban\u012bzs pazi\u0146oja, ka nepiecie\u0161ami stingr\u0101ki iero\u010du likumi, tostarp j\u0101ierobe\u017eo \u0161aujamiero\u010du skaits, kas var pieder\u0113t vienai personai.<\/p>\n<p>&#8220;Vald\u012bba ir gatava veikt visus nepiecie\u0161amos pas\u0101kumus. Tas ietver ar\u012b nepiecie\u0161am\u012bbu p\u0113c stingr\u0101kiem iero\u010du likumiem,&#8221; \u017eurn\u0101listiem pav\u0113st\u012bja premjerministrs. Vi\u0146\u0161 pazi\u0146oja, ka pirmdienas p\u0113cpusdien\u0101 ar reform\u0101m iepaz\u012bstin\u0101s Nacion\u0101l\u0101 kabineta san\u0101ksm\u0113, kur\u0101 piedal\u012bsies ar\u012b provin\u010du premjerministri.<\/p>\n<p>&#8220;Cilv\u0113ki var radikaliz\u0113ties ilg\u0101k\u0101 laika posm\u0101. Licenc\u0113m nevajadz\u0113tu b\u016bt beztermi\u0146a,&#8221; vi\u0146\u0161 piebilda.<\/p>\n<p>Kop\u0161 1996. gada, kad p\u0113c Portarturas slakti\u0146a, kur\u0101 tika nogalin\u0101ti 35 cilv\u0113ki, vald\u012bba ieviesa stingrus \u0161aujamiero\u010du kontroles noteikumus, Austr\u0101lij\u0101 masveida \u0161au\u0161anas notiek reti.<\/p>\n<p>\u0160ie pas\u0101kumi ilgu laiku kalpoja k\u0101 paraugs cit\u0101m valst\u012bm.<\/p>\n<p>Alban\u012bzs nor\u0101d\u012bja, ka pien\u0101cis laiks apsv\u0113rt, vai Austr\u0101lijas likumus v\u0113lreiz nevajag reform\u0113t un padar\u012bt v\u0113l stingr\u0101kus. &#8220;Es noteikti to atbalstu,&#8221; vi\u0146\u0161 piebilda.<\/p>\n","protected":false},"excerpt":{"rendered":"Jau v\u0113st\u012bts, ka Bondi pludmal\u0113 sv\u0113tdien divi uzbruc\u0113ji ap\u0161aud\u012bja ebreju Hanukas sv\u0113tku pas\u0101kumu, nogalinot 15 un ievainojot 41&hellip;\n","protected":false},"author":2,"featured_media":75214,"comment_status":"","ping_status":"","sticky":false,"template":"","format":"standard","meta":{"footnotes":""},"categories":[14],"tags":[23,3035,57,502,28,29,32,33,22,30,31,35,39,38,36,37,34,40,20,26,27,24,25,54,55,56,21,58],"class_list":{"0":"post-75213","1":"post","2":"type-post","3":"status-publish","4":"format-standard","5":"has-post-thumbnail","7":"category-zinas-no-arvalstim","8":"tag-aktualitates","9":"tag-apsaude","10":"tag-arvalstim","11":"tag-australija","12":"tag-breaking-news","13":"tag-breakingnews","14":"tag-featured-news","15":"tag-featurednews","16":"tag-headlines","17":"tag-latest-news","18":"tag-latestnews","19":"tag-latvia","20":"tag-latvian","21":"tag-latviesu","22":"tag-latviesu-valoda","23":"tag-latviesuvaloda","24":"tag-latvija","25":"tag-lv","26":"tag-news","27":"tag-popularakas-zinas","28":"tag-popularakaszinas","29":"tag-top-stories","30":"tag-topstories","31":"tag-world","32":"tag-world-news","33":"tag-worldnews","34":"tag-zinas","35":"tag-zinas-no-arvalstim"},"share_on_mastodon":{"url":"https:\/\/pubeurope.com\/@lv\/115722950022111070","error":""},"_links":{"self":[{"href":"https:\/\/www.europesays.com\/lv\/wp-json\/wp\/v2\/posts\/75213","targetHints":{"allow":["GET"]}}],"collection":[{"href":"https:\/\/www.europesays.com\/lv\/wp-json\/wp\/v2\/posts"}],"about":[{"href":"https:\/\/www.europesays.com\/lv\/wp-json\/wp\/v2\/types\/post"}],"author":[{"embeddable":true,"href":"https:\/\/www.europesays.com\/lv\/wp-json\/wp\/v2\/users\/2"}],"replies":[{"embeddable":true,"href":"https:\/\/www.europesays.com\/lv\/wp-json\/wp\/v2\/comments?post=75213"}],"version-history":[{"count":0,"href":"https:\/\/www.europesays.com\/lv\/wp-json\/wp\/v2\/posts\/75213\/revisions"}],"wp:featuredmedia":[{"embeddable":true,"href":"https:\/\/www.europesays.com\/lv\/wp-json\/wp\/v2\/media\/75214"}],"wp:attachment":[{"href":"https:\/\/www.europesays.com\/lv\/wp-json\/wp\/v2\/media?parent=75213"}],"wp:term":[{"taxonomy":"category","embeddable":true,"href":"https:\/\/www.europesays.com\/lv\/wp-json\/wp\/v2\/categories?post=75213"},{"taxonomy":"post_tag","embeddable":true,"href":"https:\/\/www.europesays.com\/lv\/wp-json\/wp\/v2\/tags?post=75213"}],"curies":[{"name":"wp","href":"https:\/\/api.w.org\/{rel}","templated":true}]}}