{"id":75226,"date":"2025-12-15T09:54:08","date_gmt":"2025-12-15T09:54:08","guid":{"rendered":"https:\/\/www.europesays.com\/lv\/75226\/"},"modified":"2025-12-15T09:54:08","modified_gmt":"2025-12-15T09:54:08","slug":"rakus-ik-gadu-agrinu-grutniecibas-zaudejumu-piedzivo-videji-300-sievietes","status":"publish","type":"post","link":"https:\/\/www.europesays.com\/lv\/75226\/","title":{"rendered":"RAKUS ik gadu agr\u012bnu gr\u016btniec\u012bbas zaud\u0113jumu piedz\u012bvo vid\u0113ji 300 sievietes"},"content":{"rendered":"<p>Kl\u012bnikas ginekologi kop\u0101 ar pacientu pieredzes komandu izveidoju\u0161i jaunus informat\u012bvus materi\u0101lus par apr\u016bpi un psihoemocion\u0101lo atbalstu p\u0113c agr\u012bna gr\u016btniec\u012bbas zaud\u0113juma. Tie paredz\u0113ti gan pacient\u0113m, gan \u0101rstniec\u012bbas person\u0101m. Materi\u0101li izstr\u0101d\u0101ti, lai uzlabotu \u0161o sievie\u0161u apr\u016bpi, k\u0101 ar\u012b sniegtu skaidru, uz pier\u0101d\u012bjumiem balst\u012btu un emp\u0101tisku atbalstu, skaidro slimn\u012bc\u0101. Tie ir pieejami slimn\u012bcas t\u012bmek\u013cvietn\u0113.<\/p>\n<p><a href=\"https:\/\/www.tvnet.lv\/term\/570946\/rakus\" class=\"topicLink\" target=\"_blank\" rel=\"nofollow noopener\">RAKUS<\/a> ginekolo\u0123ijas un dzemdniec\u012bbas galven\u0101 speci\u0101liste, profesore Dace Rezeberga skaidro, ka agr\u012bna gr\u016btniec\u012bbas neizn\u0113s\u0101\u0161ana skar l\u012bdz pat 10% gr\u016btnie\u010du.<\/p>\n<p>Slimn\u012bc\u0101 skaidro, ka \u0161\u0101du informat\u012bvu materi\u0101lu izstr\u0101de un publiska pieejam\u012bba ir b\u016btiska universit\u0101tes slimn\u012bcas atbild\u012bbas da\u013ca, jo nodro\u0161ina vienotu, uz pier\u0101d\u012bjumiem balst\u012btu praksi, stiprina speci\u0101listu sadarb\u012bbu un \u013cauj zin\u0101\u0161an\u0101m non\u0101kt gan l\u012bdz pacient\u0113m, gan l\u012bdz vesel\u012bbas apr\u016bpes profesion\u0101\u013ciem vis\u0101 valst\u012b.<\/p>\n<p>Austrumu slimn\u012bcas pacientu pieredzes vad\u012bt\u0101ja Baiba Iskrova nor\u0101da, ka slimn\u012bcai ir svar\u012bga \u0161o pacien\u0161u pieredze, kas tiekot sistem\u0101tiski monitor\u0113ta. &#8220;Ne maz\u0101k k\u0101 \u0101rst\u0113\u0161anas taktika noz\u012bm\u012bgi ir tas, k\u0101 \u0161aj\u0101 laik\u0101 j\u016btas paciente un k\u0101du atbalstu vi\u0146a sa\u0146em, &#8211; no t\u0101 liel\u0101 m\u0113r\u0101 ir atkar\u012bga vi\u0146as turpm\u0101k\u0101 atvese\u013co\u0161an\u0101s un emocion\u0101lais l\u012bdzsvars,&#8221; skaidro Iskrova.<\/p>\n","protected":false},"excerpt":{"rendered":"Kl\u012bnikas ginekologi kop\u0101 ar pacientu pieredzes komandu izveidoju\u0161i jaunus informat\u012bvus materi\u0101lus par apr\u016bpi un psihoemocion\u0101lo atbalstu p\u0113c agr\u012bna&hellip;\n","protected":false},"author":2,"featured_media":75227,"comment_status":"","ping_status":"","sticky":false,"template":"","format":"standard","meta":{"footnotes":""},"categories":[5],"tags":[23,28,29,32,33,936,22,30,31,35,39,38,36,37,34,40,20,26,27,14035,24,25,21],"class_list":{"0":"post-75226","1":"post","2":"type-post","3":"status-publish","4":"format-standard","5":"has-post-thumbnail","7":"category-aktualitates","8":"tag-aktualitates","9":"tag-breaking-news","10":"tag-breakingnews","11":"tag-featured-news","12":"tag-featurednews","13":"tag-grutnieciba","14":"tag-headlines","15":"tag-latest-news","16":"tag-latestnews","17":"tag-latvia","18":"tag-latvian","19":"tag-latviesu","20":"tag-latviesu-valoda","21":"tag-latviesuvaloda","22":"tag-latvija","23":"tag-lv","24":"tag-news","25":"tag-popularakas-zinas","26":"tag-popularakaszinas","27":"tag-rakus","28":"tag-top-stories","29":"tag-topstories","30":"tag-zinas"},"share_on_mastodon":{"url":"https:\/\/pubeurope.com\/@lv\/115722981840121038","error":""},"_links":{"self":[{"href":"https:\/\/www.europesays.com\/lv\/wp-json\/wp\/v2\/posts\/75226","targetHints":{"allow":["GET"]}}],"collection":[{"href":"https:\/\/www.europesays.com\/lv\/wp-json\/wp\/v2\/posts"}],"about":[{"href":"https:\/\/www.europesays.com\/lv\/wp-json\/wp\/v2\/types\/post"}],"author":[{"embeddable":true,"href":"https:\/\/www.europesays.com\/lv\/wp-json\/wp\/v2\/users\/2"}],"replies":[{"embeddable":true,"href":"https:\/\/www.europesays.com\/lv\/wp-json\/wp\/v2\/comments?post=75226"}],"version-history":[{"count":0,"href":"https:\/\/www.europesays.com\/lv\/wp-json\/wp\/v2\/posts\/75226\/revisions"}],"wp:featuredmedia":[{"embeddable":true,"href":"https:\/\/www.europesays.com\/lv\/wp-json\/wp\/v2\/media\/75227"}],"wp:attachment":[{"href":"https:\/\/www.europesays.com\/lv\/wp-json\/wp\/v2\/media?parent=75226"}],"wp:term":[{"taxonomy":"category","embeddable":true,"href":"https:\/\/www.europesays.com\/lv\/wp-json\/wp\/v2\/categories?post=75226"},{"taxonomy":"post_tag","embeddable":true,"href":"https:\/\/www.europesays.com\/lv\/wp-json\/wp\/v2\/tags?post=75226"}],"curies":[{"name":"wp","href":"https:\/\/api.w.org\/{rel}","templated":true}]}}