{"id":75250,"date":"2025-12-15T10:07:07","date_gmt":"2025-12-15T10:07:07","guid":{"rendered":"https:\/\/www.europesays.com\/lv\/75250\/"},"modified":"2025-12-15T10:07:07","modified_gmt":"2025-12-15T10:07:07","slug":"festivala-eiropas-ziemassvetki-koncertprogramma-verdi-strauss-suberts-un-latviesi-sejas-lv","status":"publish","type":"post","link":"https:\/\/www.europesays.com\/lv\/75250\/","title":{"rendered":"Festiv\u0101l\u0101 &quot;Eiropas Ziemassv\u0113tki&quot; \u2013 koncertprogramma &quot;Verdi, \u0160trauss, \u0160\u016bberts un latvie\u0161i&quot; &#8211; Sejas.lv"},"content":{"rendered":"<ol>\n<li><a href=\"https:\/\/news.google.com\/rss\/articles\/CBMisgFBVV95cUxPZXMwVTB4WDlSMDVtV2VNdm9wMERXQnFZQXh5VmkzcGJkUlpMQ0FFVmUyYnFlVV9lTG9Gd3Ftdm5LdVhqUURrb2FwRm5ULXJvbkNyMFlEVk1wQjdmajJiZlV4b3JoaUd3Y0IwMXZ2UndhLXplNEdndkkwUGZjeVYtQVRfdHl6NUQ0T1JEV1JpbmtSdUY2Q1JKd2FRNDVXeVdPV05kbk1sanVreHR6b0dMOFRB?oc=5\" target=\"_blank\" rel=\"nofollow noopener\">Festiv\u0101l\u0101 &#8220;Eiropas Ziemassv\u0113tki&#8221; \u2013 koncertprogramma &#8220;Verdi, \u0160trauss, \u0160\u016bberts un latvie\u0161i&#8221;<\/a>&nbsp;&nbsp;Sejas.lv<\/li>\n<li><a href=\"https:\/\/news.google.com\/rss\/articles\/CBMiwAFBVV95cUxQSHhmdkFVdXcxZ3lIYUkyVU1veE5mUUFpNXBtNDRKclVEM1FsX0kyRkZ6QWttRHVHVzZrN1BuVlVNb3E1MWdGUnMxd2xlUnE4MV9UaG15RUJJay1fbEFLN3ZxU0VINDVBallYQVU0UnBYREYwX1F6RVlyM3hVd0tsMFVJTWZhWi1sS09LT2tGdVQ0eUNuTmJKbG1LRHZLeUtSd3dVaVVydHBYM3hsREJiTjIydjBZSl9OejZyUmZ6UEY?oc=5\" target=\"_blank\" rel=\"nofollow noopener\">Festiv\u0101ls &#8220;Eiropas Ziemassv\u0113tki&#8221; R\u012bg\u0101 pied\u0101v\u0101 pla\u0161u un daudzveid\u012bgu koncertu ciklu<\/a>&nbsp;&nbsp;Lente.lv<\/li>\n<li><a href=\"https:\/\/news.google.com\/rss\/articles\/CBMipgFBVV95cUxPUzkydk5GUTFkUUlSRG9xMlZWdzd4aFNsMk9DWjl6SXFBWEVWdnQtWmJ5VDBfRHN0eTlaU1RxLS13SkcyOWlfdVlseHJtWXN6c0ZlYzR2eWhCNUllb016S1hIb1oyeUYxS29GTm1VMTFVVFB4SVdvdUJwTExmdU5OdnRjN1dEb1FIQ0hMZFVLaUtwUjFyM0o3V1N6ZFYwR29mdERBUW53?oc=5\" target=\"_blank\" rel=\"nofollow noopener\">Festiv\u0101ls &#8220;Eiropas Ziemassv\u0113tki\u201d aicina uz pla\u0161u koncertu ciklu R\u012bg\u0101<\/a>&nbsp;&nbsp;Jauns.lv<\/li>\n<li><a href=\"https:\/\/news.google.com\/rss\/articles\/CBMixgFBVV95cUxOT25yWHlidkdPX29NWUdXQmY1VUNCcGFGMk5Cb0NPMk80b202bjdzN1ZYSG9uMjBxaXhlclZRLWpaa0d2UU1RSTJOSFppdUhaZmkta0c4NXpqLWVfNFkyY2hVczg2dTRibGRKeHVxOXNDVk16Z3VNbHIyTmJyb2hTSGI5TFBSQXEzT1k4WGgxbE9KSUNGTUlSMjVxZzFWd05DbWQ1Tl9rRU9HQ1loQzBhbUZ6d0x5SGVqSmJRWXNmOU5TeVJ2d2c?oc=5\" target=\"_blank\" rel=\"nofollow noopener\">Latvijas d\u017eeza zvaigznes \u2013 festiv\u0101l\u0101 &#8220;Eiropas Ziemassv\u0113tki&#8221;<\/a>&nbsp;&nbsp;Lasi.lv<\/li>\n<li><a href=\"https:\/\/news.google.com\/rss\/articles\/CBMi5wFBVV95cUxQTnZFc0xrWEJ1T2JsV3plRk1QNDZKY1A2VVR0NldRMXpnR1hMVzJJS0x0ZlZCRENWTWR3VExWNnZ2Z2lQUGVNaFRIck9FWGN2eHVfd0dlWV90MEcwQnBTdlJaSnZrdnNaWE8yMFg0bWNCZnlQSmNNRW00SkU2MHlNRVJPWWpNVlc2VEpfaHA5dFdfOTNvTjZQZUFJNzlWNlhOOHZuXzl0dGdTY2w3ZlF2RkFpZHRPRVdsdUw3MlRPYXE3azJEX3dHTWhDeVRpa2Y4c0FPSWtDYVFTdnZzcjE3d25GNFFJUW8?oc=5\" target=\"_blank\" rel=\"nofollow noopener\">Ziemassv\u0113tku mirdzums d\u017eez\u0101 un klasik\u0101. Festiv\u0101ls Eiropas Ziemassv\u0113tki izskan\u0113s Sp\u012b\u0137eros, LU aul\u0101 un cirk\u0101<\/a>&nbsp;&nbsp;Diena<\/li>\n<\/ol>\n","protected":false},"excerpt":{"rendered":"Festiv\u0101l\u0101 &#8220;Eiropas Ziemassv\u0113tki&#8221; \u2013 koncertprogramma &#8220;Verdi, \u0160trauss, \u0160\u016bberts un latvie\u0161i&#8221;&nbsp;&nbsp;Sejas.lv Festiv\u0101ls &#8220;Eiropas Ziemassv\u0113tki&#8221; R\u012bg\u0101 pied\u0101v\u0101 pla\u0161u un daudzveid\u012bgu&hellip;\n","protected":false},"author":2,"featured_media":75251,"comment_status":"","ping_status":"","sticky":false,"template":"","format":"standard","meta":{"footnotes":""},"categories":[19],"tags":[15564,17414,6881,89,12900,90,5763,4325,35,39,38,36,37,34,4484,12650,1843,40,19116,19117,2672,9945,18841,5917,4482,6414],"class_list":{"0":"post-75250","1":"post","2":"type-post","3":"status-publish","4":"format-standard","5":"has-post-thumbnail","7":"category-izklaide","8":"tag-artis-jancevskis","9":"tag-brigita-reisone","10":"tag-edgars-osleja","11":"tag-entertainment","12":"tag-imants-ziedonis","13":"tag-izklaide","14":"tag-kamermuzika","15":"tag-karlis-lacis","16":"tag-latvia","17":"tag-latvian","18":"tag-latviesu","19":"tag-latviesu-valoda","20":"tag-latviesuvaloda","21":"tag-latvija","22":"tag-latvijas-koncerti","23":"tag-latvijas-radio-bigbends","24":"tag-latvijas-radio-koris","25":"tag-lv","26":"tag-nyx-trio","27":"tag-radio-swh-dzeza-klubs","28":"tag-raimonds-pauls","29":"tag-ralfs-eilands","30":"tag-rigas-saksofonu-kvartets","31":"tag-sinfonietta-riga","32":"tag-spikeru-koncertzale","33":"tag-ziemassvetku-koncerts"},"share_on_mastodon":{"url":"","error":"Validation failed: Text character limit of 500 exceeded"},"_links":{"self":[{"href":"https:\/\/www.europesays.com\/lv\/wp-json\/wp\/v2\/posts\/75250","targetHints":{"allow":["GET"]}}],"collection":[{"href":"https:\/\/www.europesays.com\/lv\/wp-json\/wp\/v2\/posts"}],"about":[{"href":"https:\/\/www.europesays.com\/lv\/wp-json\/wp\/v2\/types\/post"}],"author":[{"embeddable":true,"href":"https:\/\/www.europesays.com\/lv\/wp-json\/wp\/v2\/users\/2"}],"replies":[{"embeddable":true,"href":"https:\/\/www.europesays.com\/lv\/wp-json\/wp\/v2\/comments?post=75250"}],"version-history":[{"count":0,"href":"https:\/\/www.europesays.com\/lv\/wp-json\/wp\/v2\/posts\/75250\/revisions"}],"wp:featuredmedia":[{"embeddable":true,"href":"https:\/\/www.europesays.com\/lv\/wp-json\/wp\/v2\/media\/75251"}],"wp:attachment":[{"href":"https:\/\/www.europesays.com\/lv\/wp-json\/wp\/v2\/media?parent=75250"}],"wp:term":[{"taxonomy":"category","embeddable":true,"href":"https:\/\/www.europesays.com\/lv\/wp-json\/wp\/v2\/categories?post=75250"},{"taxonomy":"post_tag","embeddable":true,"href":"https:\/\/www.europesays.com\/lv\/wp-json\/wp\/v2\/tags?post=75250"}],"curies":[{"name":"wp","href":"https:\/\/api.w.org\/{rel}","templated":true}]}}