{"id":75297,"date":"2025-12-15T10:48:19","date_gmt":"2025-12-15T10:48:19","guid":{"rendered":"https:\/\/www.europesays.com\/lv\/75297\/"},"modified":"2025-12-15T10:48:19","modified_gmt":"2025-12-15T10:48:19","slug":"sova-pardziedi-mani-skatitaju-balsojuma-uzvar-ralfs-eilands","status":"publish","type":"post","link":"https:\/\/www.europesays.com\/lv\/75297\/","title":{"rendered":"\u0160ova &#8220;P\u0101rdziedi mani!&#8221; skat\u012bt\u0101ju balsojum\u0101 uzvar Ralfs Eilands"},"content":{"rendered":"<p>Kopv\u0113rt\u0113juma otraj\u0101 viet\u0101 ierindoj\u0101s dzied\u0101t\u0101ja Emilija, kura p\u0101rsteidza ar Maikla D\u017eeksona dziesmas &#8220;They Don\u2019t Care About Us&#8221; izpild\u012bjumu un vizu\u0101laj\u0101m p\u0101rv\u0113rt\u012bb\u0101m. Tre\u0161o vietu ieguva Antra Stafecka, kura ar Enijas Lenoksas &#8220;No More I Love You\u2019s&#8221; uzb\u016bra visnota\u013c pasakainu noska\u0146u.<\/p>\n<p>T\u0101l\u0101k\u0101s vietas sadal\u012bj\u0101s \u0161\u0101di:<\/p>\n<ul>\n<li data-list-item-id=\"e836c0fbd07e0d58f2a8e3dde1fb3737b\">4. vieta: Operdzied\u0101t\u0101js J\u0101nis Apeinis ar emocion\u0101lo &#8220;Uz krustcel\u0113m&#8221;.<\/li>\n<li data-list-item-id=\"e2288c324975eee29fc75b9491b6cade9\">5. vieta: Alise Haijima ar D\u017eona Lenona miera himnu &#8220;Imagine&#8221;.<\/li>\n<li data-list-item-id=\"e92ee2c2451be4af111b2108481ad815e\">6. vieta: Etnom\u016bzi\u0137is Art\u016brs U\u0161k\u0101ns ar dziesmu &#8220;San Francisko&#8221;.<\/li>\n<li data-list-item-id=\"ec07e484de417b4b534e0ab797e675f02\">7. vieta: Reperis rolands \u010de, kur\u0161 demonstr\u0113ja dumpiniecisku garu ar &#8220;Nirvana&#8221; hitu &#8220;Smells Like Teen Spirit&#8221;.<\/li>\n<li data-list-item-id=\"eea53cbf7bbac6c1f754eae579dfe0a4b\">8. vieta: Raimonda Vazdika ar grupas &#8220;P\u0113rkons&#8221; dziesmas &#8220;Bal\u0101de par gulbi&#8221; interpret\u0101ciju.<\/li>\n<\/ul>\n<p>Dal\u012bbnieku sniegumu v\u0113rt\u0113ja past\u0101v\u012bgie eksperti Marija Naumova un Andris Freidenfelds, kuriem \u0161oreiz pievienoj\u0101s &#8220;Astro\u2019n\u2019out&#8221; soliste M\u0101ra Upmane-Hol\u0161teine. Lai gan vair\u0101kiem dal\u012bbniekiem kopv\u0113rt\u0113juma punktu skaits bija vien\u0101ds, vietu sadal\u012bjumu iz\u0161\u0137\u012bra skat\u012bt\u0101ju balsojums, kas \u0161\u0101d\u0101s situ\u0101cij\u0101s ir noteico\u0161ais.<\/p>\n<p>\u0160ovs &#8220;P\u0101rdziedi mani!&#8221; ir unik\u0101ls ar to, ka neviens dal\u012bbnieks netiek izbalsots, \u013caujot m\u0101ksliniekiem sevi pier\u0101d\u012bt da\u017e\u0101dos \u017eanros l\u012bdz pat fin\u0101lam 17. janv\u0101r\u012b. Jau n\u0101kamo sestdien, 20. decembr\u012b, dal\u012bbniekus sagaida, iesp\u0113jams, liel\u0101kais izaicin\u0101jums \u2013 operas \u017eanrs.<\/p>\n","protected":false},"excerpt":{"rendered":"Kopv\u0113rt\u0113juma otraj\u0101 viet\u0101 ierindoj\u0101s dzied\u0101t\u0101ja Emilija, kura p\u0101rsteidza ar Maikla D\u017eeksona dziesmas &#8220;They Don\u2019t Care About Us&#8221; izpild\u012bjumu&hellip;\n","protected":false},"author":2,"featured_media":75298,"comment_status":"","ping_status":"","sticky":false,"template":"","format":"standard","meta":{"footnotes":""},"categories":[5],"tags":[10209,23,28,29,32,33,22,30,31,35,39,38,36,37,34,40,20,26,27,9945,24,25,21],"class_list":{"0":"post-75297","1":"post","2":"type-post","3":"status-publish","4":"format-standard","5":"has-post-thumbnail","7":"category-aktualitates","8":"tag-pardziedi-mani","9":"tag-aktualitates","10":"tag-breaking-news","11":"tag-breakingnews","12":"tag-featured-news","13":"tag-featurednews","14":"tag-headlines","15":"tag-latest-news","16":"tag-latestnews","17":"tag-latvia","18":"tag-latvian","19":"tag-latviesu","20":"tag-latviesu-valoda","21":"tag-latviesuvaloda","22":"tag-latvija","23":"tag-lv","24":"tag-news","25":"tag-popularakas-zinas","26":"tag-popularakaszinas","27":"tag-ralfs-eilands","28":"tag-top-stories","29":"tag-topstories","30":"tag-zinas"},"share_on_mastodon":{"url":"https:\/\/pubeurope.com\/@lv\/115723194023152800","error":""},"_links":{"self":[{"href":"https:\/\/www.europesays.com\/lv\/wp-json\/wp\/v2\/posts\/75297","targetHints":{"allow":["GET"]}}],"collection":[{"href":"https:\/\/www.europesays.com\/lv\/wp-json\/wp\/v2\/posts"}],"about":[{"href":"https:\/\/www.europesays.com\/lv\/wp-json\/wp\/v2\/types\/post"}],"author":[{"embeddable":true,"href":"https:\/\/www.europesays.com\/lv\/wp-json\/wp\/v2\/users\/2"}],"replies":[{"embeddable":true,"href":"https:\/\/www.europesays.com\/lv\/wp-json\/wp\/v2\/comments?post=75297"}],"version-history":[{"count":0,"href":"https:\/\/www.europesays.com\/lv\/wp-json\/wp\/v2\/posts\/75297\/revisions"}],"wp:featuredmedia":[{"embeddable":true,"href":"https:\/\/www.europesays.com\/lv\/wp-json\/wp\/v2\/media\/75298"}],"wp:attachment":[{"href":"https:\/\/www.europesays.com\/lv\/wp-json\/wp\/v2\/media?parent=75297"}],"wp:term":[{"taxonomy":"category","embeddable":true,"href":"https:\/\/www.europesays.com\/lv\/wp-json\/wp\/v2\/categories?post=75297"},{"taxonomy":"post_tag","embeddable":true,"href":"https:\/\/www.europesays.com\/lv\/wp-json\/wp\/v2\/tags?post=75297"}],"curies":[{"name":"wp","href":"https:\/\/api.w.org\/{rel}","templated":true}]}}