{"id":75315,"date":"2025-12-15T11:05:11","date_gmt":"2025-12-15T11:05:11","guid":{"rendered":"https:\/\/www.europesays.com\/lv\/75315\/"},"modified":"2025-12-15T11:05:11","modified_gmt":"2025-12-15T11:05:11","slug":"alekseja-roslikova-lieta-par-naida-kurinasanu-nonak-rigas-pilsetas-tiesa-lente-lv","status":"publish","type":"post","link":"https:\/\/www.europesays.com\/lv\/75315\/","title":{"rendered":"Alekseja Ros\u013cikova lieta par naida kurin\u0101\u0161anu non\u0101k R\u012bgas pils\u0113tas ties\u0101\u00a0\u2014\u00a0Lente.lv"},"content":{"rendered":"<p>Ros\u013cikova lieta par nacion\u0101l\u0101 naida kurin\u0101\u0161anu non\u0101k ties\u0101<\/p>\n<p>Prokurat\u016bra ir nodevusi R\u012bgas pils\u0113tas tiesai krimin\u0101llietu, kas ierosin\u0101ta pret R\u012bgas domes deput\u0101tu, partijas &#8220;Stabilit\u0101tei!&#8221; l\u012bderi un biju\u0161o Saeimas deput\u0101tu Alekseju Ros\u013cikovu. Vi\u0146am izvirz\u012btas aps\u016bdz\u012bbas par nacion\u0101l\u0101 un etnisk\u0101 naida izrais\u012b\u0161anu. \u0160is pav\u0113rsiens ir iev\u0113rojams notikums Latvijas politiskaj\u0101 un tiesu sist\u0113mas ainav\u0101, piev\u0113r\u0161ot pla\u0161u sabiedr\u012bbas uzman\u012bbu.<\/p>\n<p>Detekt\u012bvst\u0101sts tiesu gaite\u0146os<\/p>\n<p>Lieta, kas nu non\u0101kusi tiesas rok\u0101s, ir rezult\u0101ts r\u016bp\u012bgai izmekl\u0113\u0161anai, kuras laik\u0101 tika v\u0101kti pier\u0101d\u012bjumi un analiz\u0113ti Ros\u013cikova izteikumi un darb\u012bbas. Aps\u016bdz\u012bbas b\u016bt\u012bba ir saist\u012bta ar vi\u0146a publiskajiem izteikumiem, kas, p\u0113c izmekl\u0113t\u0101ju dom\u0101m, var\u0113tu b\u016bt veicin\u0101ju\u0161i naidu un neieciet\u012bbu starp da\u017e\u0101d\u0101m taut\u012bbu grup\u0101m Latvij\u0101. Tas ir nopietns jaut\u0101jums, kas skar sabiedr\u012bbas salied\u0113t\u012bbu un tiesisko valsts pamatu.<\/p>\n<p>K\u0101 zin\u0101ms, nacion\u0101l\u0101 naida kurin\u0101\u0161ana ir \u013coti delik\u0101ta un b\u012bstama t\u0113ma, kas var rad\u012bt nopietnas sekas sabiedr\u012bb\u0101. L\u012bdz\u012bgas lietas ir skarbas gan aps\u016bdz\u0113tajiem, gan cietu\u0161ajiem, un t\u0101s vienm\u0113r izsauc sp\u0113c\u012bgas emocijas. \u0160oreiz uz aps\u016bdz\u0113to sola s\u0113\u017eas politi\u0137is, kas pie\u0161\u0137ir lietai papildu svaru un rezonansi.<\/p>\n<p>Politisk\u0101 karjera un juridisk\u0101s peripetijas<\/p>\n<p>Aleksejs Ros\u013cikovs ir paz\u012bstama fig\u016bra Latvijas politik\u0101, ie\u0146emot vado\u0161us amatus gan R\u012bgas dom\u0113, gan partij\u0101 &#8220;Stabilit\u0101tei!&#8221;. Vi\u0146a politisk\u0101 darb\u012bba alla\u017e ir bijusi uzman\u012bbas centr\u0101, un \u0161\u012b lieta, bez \u0161aub\u0101m, liks vi\u0146am saskarties ar nopietniem juridiskajiem izaicin\u0101jumiem. T\u0101 ir situ\u0101cija, kas prasa gan politisko, gan juridisko gudr\u012bbu.<\/p>\n<p>Gad\u012bjumi, kad politi\u0137i non\u0101k tiesas priek\u0161\u0101, vienm\u0113r tiek pla\u0161i koment\u0113ti. Tie raisa diskusijas par politisk\u0101s atbild\u012bbas robe\u017e\u0101m un likuma varu. Ir svar\u012bgi, lai \u0161\u0101dos gad\u012bjumos tiesu sist\u0113ma darbotos neatkar\u012bgi un objekt\u012bvi, nodro\u0161inot taisn\u012bgu izmekl\u0113\u0161anu un spriedumu.<\/p>\n<p>Ko paredz likums?<\/p>\n<p>Latvijas likumdo\u0161ana paredz bargus sodus par nacion\u0101l\u0101 un etnisk\u0101 naida kurin\u0101\u0161anu. \u0160\u0101di noziegumi tiek uzskat\u012bti par nopietniem un v\u0113rstiem pret sabiedr\u012bbas dro\u0161\u012bbu un mieru. Likuma m\u0113r\u0137is ir pasarg\u0101t ikvienu Latvijas iedz\u012bvot\u0101ju no diskrimin\u0101cijas un naida izpausm\u0113m, nodro\u0161inot mier\u012bgu un cie\u0146pilnu l\u012bdz\u0101spast\u0101v\u0113\u0161anu.<\/p>\n<p>\u0160obr\u012bd lieta ir tiesas procesa s\u0101kumposm\u0101, un ir p\u0101ragri spriest par t\u0101s izn\u0101kumu. Tom\u0113r fakts, ka lieta non\u0101kusi ties\u0101, jau pats par sevi ir iev\u0113rojams notikums, kas liks p\u0101rdom\u0101t daudzus jaut\u0101jumus par v\u0101rda br\u012bv\u012bbas robe\u017e\u0101m un atbild\u012bbu par saviem izteikumiem. Sabiedr\u012bbai ir ties\u012bbas sagaid\u012bt god\u012bgu un caursp\u012bd\u012bgu tiesas procesu.<\/p>\n<p>Sabiedr\u012bbas reakcija un turpm\u0101kie so\u013ci<\/p>\n<p>Zi\u0146a par Ros\u013cikova lietas non\u0101k\u0161anu ties\u0101 ir izrais\u012bjusi pla\u0161u rezonansi sabiedr\u012bb\u0101 un medijos. Cilv\u0113ki ar interesi un, iesp\u0113jams, ar\u012b ar satraukumu seko l\u012bdzi notikumiem. Daudzi pau\u017e cer\u012bbu, ka tiesa pie\u0146ems taisn\u012bgu spriedumu, kas kalpos par br\u012bdin\u0101jumu citiem un nostiprin\u0101s tiesisk\u0101s valsts principus.<\/p>\n<p>Turpm\u0101kajos m\u0113ne\u0161os sagaid\u0101ms akt\u012bvs tiesas process, kur\u0101 tiks izskat\u012bti visi pier\u0101d\u012bjumi un pieteikti argumenti. Ros\u013cikova un vi\u0146a aizst\u0101v\u012bbas komandas uzdevums b\u016bs pier\u0101d\u012bt vi\u0146a nevain\u012bgumu vai mazin\u0101t aps\u016bdz\u012bbas smagumu. Prokurat\u016brai savuk\u0101rt b\u016bs j\u0101pier\u0101da aps\u016bdz\u012bbu pamatot\u012bba. Gaid\u0101m ar nepaciet\u012bbu, k\u0101 att\u012bst\u012bsies \u0161is sare\u017e\u0123\u012btais un noz\u012bm\u012bgais gad\u012bjums.<\/p>\n","protected":false},"excerpt":{"rendered":"Ros\u013cikova lieta par nacion\u0101l\u0101 naida kurin\u0101\u0161anu non\u0101k ties\u0101 Prokurat\u016bra ir nodevusi R\u012bgas pils\u0113tas tiesai krimin\u0101llietu, kas ierosin\u0101ta pret&hellip;\n","protected":false},"author":2,"featured_media":75316,"comment_status":"","ping_status":"","sticky":false,"template":"","format":"standard","meta":{"footnotes":""},"categories":[12],"tags":[23,6576,28,29,32,33,22,573,30,31,35,39,38,36,37,34,40,19132,20,19133,26,27,16058,24,25,21],"class_list":{"0":"post-75315","1":"post","2":"type-post","3":"status-publish","4":"format-standard","5":"has-post-thumbnail","7":"category-latvija","8":"tag-aktualitates","9":"tag-aleksejs-roslikovs","10":"tag-breaking-news","11":"tag-breakingnews","12":"tag-featured-news","13":"tag-featurednews","14":"tag-headlines","15":"tag-kriminallieta","16":"tag-latest-news","17":"tag-latestnews","18":"tag-latvia","19":"tag-latvian","20":"tag-latviesu","21":"tag-latviesu-valoda","22":"tag-latviesuvaloda","23":"tag-latvija","24":"tag-lv","25":"tag-nacionala-naida-kurinasana","26":"tag-news","27":"tag-politiska-atbildiba","28":"tag-popularakas-zinas","29":"tag-popularakaszinas","30":"tag-rigas-pilsetas-tiesa","31":"tag-top-stories","32":"tag-topstories","33":"tag-zinas"},"share_on_mastodon":{"url":"https:\/\/pubeurope.com\/@lv\/115723260596218897","error":""},"_links":{"self":[{"href":"https:\/\/www.europesays.com\/lv\/wp-json\/wp\/v2\/posts\/75315","targetHints":{"allow":["GET"]}}],"collection":[{"href":"https:\/\/www.europesays.com\/lv\/wp-json\/wp\/v2\/posts"}],"about":[{"href":"https:\/\/www.europesays.com\/lv\/wp-json\/wp\/v2\/types\/post"}],"author":[{"embeddable":true,"href":"https:\/\/www.europesays.com\/lv\/wp-json\/wp\/v2\/users\/2"}],"replies":[{"embeddable":true,"href":"https:\/\/www.europesays.com\/lv\/wp-json\/wp\/v2\/comments?post=75315"}],"version-history":[{"count":0,"href":"https:\/\/www.europesays.com\/lv\/wp-json\/wp\/v2\/posts\/75315\/revisions"}],"wp:featuredmedia":[{"embeddable":true,"href":"https:\/\/www.europesays.com\/lv\/wp-json\/wp\/v2\/media\/75316"}],"wp:attachment":[{"href":"https:\/\/www.europesays.com\/lv\/wp-json\/wp\/v2\/media?parent=75315"}],"wp:term":[{"taxonomy":"category","embeddable":true,"href":"https:\/\/www.europesays.com\/lv\/wp-json\/wp\/v2\/categories?post=75315"},{"taxonomy":"post_tag","embeddable":true,"href":"https:\/\/www.europesays.com\/lv\/wp-json\/wp\/v2\/tags?post=75315"}],"curies":[{"name":"wp","href":"https:\/\/api.w.org\/{rel}","templated":true}]}}