{"id":75431,"date":"2025-12-15T12:36:15","date_gmt":"2025-12-15T12:36:15","guid":{"rendered":"https:\/\/www.europesays.com\/lv\/75431\/"},"modified":"2025-12-15T12:36:15","modified_gmt":"2025-12-15T12:36:15","slug":"madara-cosmetics-ieiet-jauna-biznesa-segmenta-dienas-bizness","status":"publish","type":"post","link":"https:\/\/www.europesays.com\/lv\/75431\/","title":{"rendered":"MADARA Cosmetics ieiet jaun\u0101 biznesa segment\u0101 :: Dienas Bizness"},"content":{"rendered":"<p class=\"text-font font-size--text-xlarge margin-3--bottom font-weight--bold padding-1--top\">AS MADARA Cosmetics uzs\u0101k darb\u012bbu jaun\u0101 biznesa segment\u0101, pied\u0101v\u0101jot piel\u0101gotus pakalpojumus viesm\u012bl\u012bbas nozarei.<\/p>\n<p class=\"text-font font-size--text-xlarge margin-3--bottom\">Jaunais pakalpojums apvieno dab\u012bgus \u0137erme\u0146a un matu kop\u0161anas produktus ar \u0113rti lietojamu tie\u0161saistes pas\u016bt\u012b\u0161anas sist\u0113mu, nodro\u0161inot viesn\u012bc\u0101m, \u012bres dz\u012bvok\u013cu \u012bpa\u0161niekiem, restor\u0101niem un kafejn\u012bc\u0101m iesp\u0113ju p\u0101rvald\u012bt kr\u0101jumus vienk\u0101r\u0161i, ekonomiski un videi draudz\u012bgi. Pakalpojums \u0161obr\u012bd b\u016bs pieejams Latvij\u0101 un citos M\u00c1DARA eksporta tirgos Eirop\u0101 un pak\u0101peniski tiks ieviests ar\u012b citviet pasaul\u0113 k\u0101 da\u013ca no uz\u0146\u0113muma strat\u0113\u0123ijas stiprin\u0101t eksporta apjomus un att\u012bst\u012bt ilgtsp\u0113j\u012bgu biznesa modeli.<\/p>\n<p class=\"text-font font-size--text-xlarge margin-3--bottom\">Jaunais pakalpojums ietver iesp\u0113ju pas\u016bt\u012bt un atk\u0101rtoti uzpild\u012bt produktus, iev\u0113rojami samazinot vienreizlietojamo iepakojumu daudzumu. N\u0101kotn\u0113 M\u00c1DARA pl\u0101no papildin\u0101t risin\u0101jumu ar apjomu prognoz\u0113\u0161anas r\u012bkiem un abonementa sist\u0113mu, kas viesm\u012bl\u012bbas uz\u0146\u0113mumiem \u013caus v\u0113l efekt\u012bv\u0101k p\u0101rvald\u012bt resursus. Balstoties uz gandr\u012bz 20 gadu pieredzi dab\u012bg\u0101s kosm\u0113tikas izstr\u0101d\u0113, \u0146emot v\u0113r\u0101 viesm\u012bl\u012bbas nozares vajadz\u012bbas un pras\u012bbas, M\u00c1DARA pied\u0101v\u0101s produktus no \u012bpa\u0161i izstr\u0101d\u0101tas l\u012bnijas Wild Woods. Taj\u0101 ietilpst \u0161amp\u016bns, kondicionieris, \u0137erme\u0146a mazg\u0101\u0161anas l\u012bdzeklis un kr\u0113ms ar b\u0113rzu ekstraktu un unik\u0101liem p\u013cavas augu ekstraktiem. Visi produkti ir izstr\u0101d\u0101ti no dab\u012bg\u0101m sast\u0101vda\u013c\u0101m, pild\u012bti p\u0101rstr\u0101d\u0101tas plastmasas iepakojumos, k\u0101 ar\u012b b\u016bs pieejamas 1l uzpildes pudel\u0113s, kas atvieglo lieto\u0161anu un samazina atkritumu daudzumu.<\/p>\n<p class=\"text-font font-size--text-xlarge margin-3--bottom\">\u201cM\u00c1DARA ieie\u0161ana viesm\u012bl\u012bbas tirgus segment\u0101 ir tie\u0161s atbildes solis uz ilgsto\u0161u piepras\u012bjumu p\u0113c kvalitat\u012bviem, ilgtsp\u0113j\u012bgiem viesm\u012bl\u012bbas nozarei piel\u0101gotiem produktiem. Uzdevums bija rad\u012bt est\u0113tiski pievilc\u012bgu, videi draudz\u012bgu un cenas zi\u0146\u0101 konkur\u0113tsp\u0113j\u012bgu pied\u0101v\u0101jumu. Atk\u0101rtotas uzpild\u012b\u0161anas risin\u0101jums un tie\u0161saistes pas\u016bt\u012b\u0161ana veido tikai s\u0101kuma posmu pilna servisa sist\u0113mai, kuras m\u0113r\u0137is ir atvieglot viesm\u012bl\u012bbas uz\u0146\u0113mumu ikdienas procesus un vienlaikus samazin\u0101t atkritumu apjomu,\u201d skaidro AS MADARA Cosmetics izpilddirektore Gunta \u0160ulte.<\/p>\n<p class=\"text-font font-size--text-xlarge margin-3--bottom\">Savuk\u0101rt Baiba Urt\u0101ne, Carillon Aparthotel direktore st\u0101sta par pieredzi ar jauno M\u00c1DARA produktu l\u012bniju: \u201c Izv\u0113loties kosm\u0113tiku Carillon Aparthotel apartamentiem, mums bija svar\u012bgi atrast partneri, kura v\u0113rt\u012bbas un kvalit\u0101tes standarti rezon\u0113 ar Keystone Collection viesn\u012bcu \u0137\u0113des identit\u0101ti. Ar M\u00c1DARA m\u016bs vieno kop\u012bga filozofija un uzsvars uz kvalit\u0101ti, r\u016bp\u0113m un autentiskumu. Turkl\u0101t M\u00c1DARA produktiem piem\u012bt est\u0113tisks, m\u016bsdien\u012bgs dizains, kas lieliski iederas p\u0101rdom\u0101taj\u0101 Carillon Aparthotel interjer\u0101 un papildina viesu pieredzi\u201d.<\/p>\n<p class=\"text-font font-size--text-xlarge margin-3--bottom\">2025.gada 3. ceturksn\u012b AS MADARA Cosmetics sasniedza 11 % apgroz\u012bjuma pieaugumu, apgroz\u012bjumam sasniedzot 5,5 miljonus EUR. Devi\u0146u m\u0113ne\u0161u period\u0101 uz\u0146\u0113muma konsolid\u0113tais neaudit\u0113tais apgroz\u012bjums bija 16,8 miljoni EUR, kas ir 10 % pieaugums sal\u012bdzin\u0101jum\u0101 ar attiec\u012bgo periodu 2024. gad\u0101.<\/p>\n<p class=\"text-font font-size--text-xlarge margin-3--bottom\">Uz\u0146\u0113mums saglab\u0101 noteikto minim\u0101l\u0101s izaugsmes m\u0113r\u0137i \u2013 10 % 2025. gad\u0101, prognoz\u0113jot aptuveni 23,67 miljonu EUR gada apgroz\u012bjumu.<\/p>\n<p class=\"text-font font-size--text-xlarge margin-3--bottom\">Dibin\u0101ts 2006. gad\u0101, AS MADARA Cosmetics ir liel\u0101kais kosm\u0113tikas ra\u017eot\u0101js Latvij\u0101. Uz\u0146\u0113mums izstr\u0101d\u0101 un ra\u017eo ECOCERT\/COSMOS sertific\u0113tu dab\u012bgu \u0101das kop\u0161anas un dekorat\u012bvo kosm\u0113tiku, eksport\u0113jot to uz vair\u0101k nek\u0101 35 valst\u012bm vis\u0101 pasaul\u0113.<\/p>\n","protected":false},"excerpt":{"rendered":"AS MADARA Cosmetics uzs\u0101k darb\u012bbu jaun\u0101 biznesa segment\u0101, pied\u0101v\u0101jot piel\u0101gotus pakalpojumus viesm\u012bl\u012bbas nozarei. Jaunais pakalpojums apvieno dab\u012bgus \u0137erme\u0146a&hellip;\n","protected":false},"author":2,"featured_media":75432,"comment_status":"","ping_status":"","sticky":false,"template":"","format":"standard","meta":{"footnotes":""},"categories":[5],"tags":[23,869,77,870,28,29,867,32,33,22,30,31,35,39,38,36,37,34,871,868,40,20,26,27,24,25,21],"class_list":{"0":"post-75431","1":"post","2":"type-post","3":"status-publish","4":"format-standard","5":"has-post-thumbnail","7":"category-aktualitates","8":"tag-aktualitates","9":"tag-biznesa-zinas","10":"tag-bizness","11":"tag-bizness-latvija","12":"tag-breaking-news","13":"tag-breakingnews","14":"tag-dienas-zinas","15":"tag-featured-news","16":"tag-featurednews","17":"tag-headlines","18":"tag-latest-news","19":"tag-latestnews","20":"tag-latvia","21":"tag-latvian","22":"tag-latviesu","23":"tag-latviesu-valoda","24":"tag-latviesuvaloda","25":"tag-latvija","26":"tag-latvijas-biznesa-zinas","27":"tag-latvijas-zinas","28":"tag-lv","29":"tag-news","30":"tag-popularakas-zinas","31":"tag-popularakaszinas","32":"tag-top-stories","33":"tag-topstories","34":"tag-zinas"},"share_on_mastodon":{"url":"https:\/\/pubeurope.com\/@lv\/115723618507083167","error":""},"_links":{"self":[{"href":"https:\/\/www.europesays.com\/lv\/wp-json\/wp\/v2\/posts\/75431","targetHints":{"allow":["GET"]}}],"collection":[{"href":"https:\/\/www.europesays.com\/lv\/wp-json\/wp\/v2\/posts"}],"about":[{"href":"https:\/\/www.europesays.com\/lv\/wp-json\/wp\/v2\/types\/post"}],"author":[{"embeddable":true,"href":"https:\/\/www.europesays.com\/lv\/wp-json\/wp\/v2\/users\/2"}],"replies":[{"embeddable":true,"href":"https:\/\/www.europesays.com\/lv\/wp-json\/wp\/v2\/comments?post=75431"}],"version-history":[{"count":0,"href":"https:\/\/www.europesays.com\/lv\/wp-json\/wp\/v2\/posts\/75431\/revisions"}],"wp:featuredmedia":[{"embeddable":true,"href":"https:\/\/www.europesays.com\/lv\/wp-json\/wp\/v2\/media\/75432"}],"wp:attachment":[{"href":"https:\/\/www.europesays.com\/lv\/wp-json\/wp\/v2\/media?parent=75431"}],"wp:term":[{"taxonomy":"category","embeddable":true,"href":"https:\/\/www.europesays.com\/lv\/wp-json\/wp\/v2\/categories?post=75431"},{"taxonomy":"post_tag","embeddable":true,"href":"https:\/\/www.europesays.com\/lv\/wp-json\/wp\/v2\/tags?post=75431"}],"curies":[{"name":"wp","href":"https:\/\/api.w.org\/{rel}","templated":true}]}}