{"id":75435,"date":"2025-12-15T12:40:07","date_gmt":"2025-12-15T12:40:07","guid":{"rendered":"https:\/\/www.europesays.com\/lv\/75435\/"},"modified":"2025-12-15T12:40:07","modified_gmt":"2025-12-15T12:40:07","slug":"ka-nogazas-krievu-militarais-gaisa-kugis-an-22","status":"publish","type":"post","link":"https:\/\/www.europesays.com\/lv\/75435\/","title":{"rendered":"K\u0101 nog\u0101z\u0101s krievu milit\u0101rais gaisa ku\u0123is &#8220;An-22&#8221;"},"content":{"rendered":"<p class=\"lead\">\n                                9. decembr\u012b Krievijas Ivanovas apgabal\u0101 avar\u0113ja Krievijas bru\u0146otajiem sp\u0113kiem piedero\u0161s milit\u0101rais transportlidapar\u0101ts An-22, zi\u0146oja izdevums &#8220;Kyiv Post&#8221;.\n                            <\/p>\n<p>Negad\u012bjuma viet\u0101 atrastas lidma\u0161\u012bnas atl\u016bzas. Uz borta atrad\u0101s septi\u0146i cilv\u0113ki, visi g\u0101ju\u0161i boj\u0101. K\u0101 v\u0113sta medijs &#8220;Meduza&#8221;, lidapar\u0101ts ekspluat\u0101cij\u0101 bijis vair\u0101k nek\u0101 50 gadus un av\u0101rija, iesp\u0113jams, saist\u012bta ar t\u0101 slikto tehnisko st\u0101vokli.<\/p>\n<p>An-22 ir Kijiv\u0101 1965. gad\u0101 b\u016bv\u0113ts turbopropelleru smagais transporta lidapar\u0101ts, kas<\/p>\n<blockquote>\n<p>tiek uzskat\u012bts par smag\u0101ko \u0161\u0101da tipa gaisa ku\u0123i pasaul\u0113.<\/p>\n<\/blockquote>\n<p>\u00a0Tas paredz\u0113ts l\u012bdz 60 tonnu kravas, k\u0101 ar\u012b liela skaita karav\u012bru p\u0101rvad\u0101\u0161anai.<\/p>\n<p>Biju\u0161ais Ukrainas iek\u0161lietu ministra padomnieks Antons Gera\u0161\u010denko nor\u0101d\u012bjis, ka Krievijas medijos izplat\u012bts video, kur\u0101 it k\u0101 redzama \u0161\u012bs lidma\u0161\u012bnas av\u0101rija:<\/p>\n<p>&#8220;Krievijas medijos par\u0101d\u012bjies video, kur\u0101 it k\u0101 redzama Krievijas lidma\u0161\u012bnas An-22 av\u0101rija. Gais\u0101 redzams, ka lidapar\u0101ts s\u0101k sadal\u012bties.<\/p>\n<blockquote>\n<p>Zi\u0146ots, ka lidma\u0161\u012bna bija nesen atjaunota un veica izm\u0113\u0123in\u0101juma lidojumu.&#8221;<\/p>\n<\/blockquote>\n<p>Video public\u0113ju\u0161i ar\u012b vair\u0101ki Ukrainas mediji, tostarp a\u0123ent\u016bra &#8220;UNIAN&#8221;, k\u0101 ar\u012b port\u0101li &#8220;TSN&#8221; un &#8220;Novoye Vremya&#8221;.\u00a0<\/p>\n<p> Aptauja <\/p>\n<p> Katr\u0101 lidma\u0161\u012bn\u0101 ir k\u0101das deta\u013cas, kas ra\u017eotas ar 3D printeri. Vai j\u016bs nebaid\u0101ties lidot ar lidma\u0161\u012bnu, zinot, ka t\u0101s nav ori\u0123in\u0101l\u0101s deta\u013cas, bet izdruk\u0101tas ar printeri? <\/p>\n<p class=\"paragraph-muted\">Izv\u0113lies savu soct\u012bklu platformu, lai sekotu LASI.LV: <a href=\"https:\/\/www.facebook.com\/portals.lasi.lv\" target=\"_blank\" rel=\"noopener noreferrer nofollow\">Facebook<\/a>, <a href=\"https:\/\/twitter.com\/lasilvportals\" target=\"_blank\" rel=\"noopener noreferrer nofollow\">X<\/a>, <a href=\"https:\/\/bsky.app\/profile\/lasilv.bsky.social\" target=\"_blank\" rel=\"noopener noreferrer nofollow\">Bluesky<\/a>, <a href=\"https:\/\/www.draugiem.lv\/lasilv\/?pg=4\" target=\"_blank\" rel=\"noopener noreferrer nofollow\">Draugiem<\/a> vai ar\u012b <a href=\"https:\/\/www.instagram.com\/lasilv_zinas\/\" target=\"_blank\" rel=\"noopener noreferrer nofollow\">Instagram<\/a>. Pievienojies m\u016bsu las\u012bt\u0101ju pulkam, lai sa\u0146emtu \u012bpa\u0161i tev atlas\u012btu noder\u012bgu, praktisku un aktu\u0101lu saturu.\u00a0<\/p>\n<p><a href=\"https:\/\/lasi.lv\/abonesana\" rel=\"nofollow noopener\" target=\"_blank\">Abon\u0113<\/a>\u00a0LASI.LV gadam\u00a0vai k\u0101du no\u00a0&#8220;Latvijas Mediju&#8221; periodiskajiem izdevumiem 2026. gadam, un laim\u0113 1500 eiro vai Philips kafijas autom\u0101tu. Loterijas at\u013caujas nr. 8744.<\/p>\n<p><img decoding=\"async\" src=\"https:\/\/www.europesays.com\/lv\/wp-content\/uploads\/2025\/12\/1765444512_87_2025100311425268df8c8c1572e.jpg\" alt=\"\" loading=\"lazy\"\/><\/p>\n<p style=\"margin-left:auto;\">Pieraksties LASI.LV redaktora v\u0113stkopai <a href=\"https:\/\/lasi.lv\/vestkopa\/lasi-lv-galvena-redaktora-vestkopa\" rel=\"nofollow noopener\" target=\"_blank\">\u0161eit<\/a>.<\/p>\n<p>Pieraksties v\u0113stkopai un divas reizes ned\u0113\u013c\u0101 sa\u0146em padzi\u013cin\u0101tu LASI.LV galven\u0101 redaktora aktu\u0101lo zi\u0146u, kompetentu viedok\u013cu un interesant\u0101ko interviju apkopojumu.<\/p>\n<p>Ko tu sa\u0146emsi:<\/p>\n<ul>\n<li>Daudzveid\u012bgus koment\u0101rus un kompetentus Latvijas Mediju \u017eurn\u0101listu un autoru viedok\u013cus par aktu\u0101lo<\/li>\n<li>Ekspertu koment\u0101rus par da\u017e\u0101diem praktiskiem, noder\u012bgiem tematiem<\/li>\n<li>Aizraujo\u0161us materi\u0101lus par v\u0113sturi, psiholo\u0123iju, kult\u016bru<\/li>\n<li>Gata \u0160\u013c\u016bkas karikat\u016bru<\/li>\n<li>Tav\u0101 e-pasta kast\u012bt\u0113 katru ceturtdienu<\/li>\n<\/ul>\n<p style=\"margin-left:auto;\">\u00a0<\/p>\n<p><script async src=\"https:\/\/platform.twitter.com\/widgets.js\" charset=\"utf-8\"><\/script><script async src=\"\/\/www.instagram.com\/embed.js\"><\/script><\/p>\n","protected":false},"excerpt":{"rendered":"9. decembr\u012b Krievijas Ivanovas apgabal\u0101 avar\u0113ja Krievijas bru\u0146otajiem sp\u0113kiem piedero\u0161s milit\u0101rais transportlidapar\u0101ts An-22, zi\u0146oja izdevums &#8220;Kyiv Post&#8221;. Negad\u012bjuma&hellip;\n","protected":false},"author":2,"featured_media":75436,"comment_status":"","ping_status":"","sticky":false,"template":"","format":"standard","meta":{"footnotes":""},"categories":[14],"tags":[23,57,28,29,32,33,22,30,31,35,39,38,36,37,34,40,20,26,27,24,25,54,55,56,21,58],"class_list":{"0":"post-75435","1":"post","2":"type-post","3":"status-publish","4":"format-standard","5":"has-post-thumbnail","7":"category-zinas-no-arvalstim","8":"tag-aktualitates","9":"tag-arvalstim","10":"tag-breaking-news","11":"tag-breakingnews","12":"tag-featured-news","13":"tag-featurednews","14":"tag-headlines","15":"tag-latest-news","16":"tag-latestnews","17":"tag-latvia","18":"tag-latvian","19":"tag-latviesu","20":"tag-latviesu-valoda","21":"tag-latviesuvaloda","22":"tag-latvija","23":"tag-lv","24":"tag-news","25":"tag-popularakas-zinas","26":"tag-popularakaszinas","27":"tag-top-stories","28":"tag-topstories","29":"tag-world","30":"tag-world-news","31":"tag-worldnews","32":"tag-zinas","33":"tag-zinas-no-arvalstim"},"share_on_mastodon":{"url":"https:\/\/pubeurope.com\/@lv\/115723634360554419","error":""},"_links":{"self":[{"href":"https:\/\/www.europesays.com\/lv\/wp-json\/wp\/v2\/posts\/75435","targetHints":{"allow":["GET"]}}],"collection":[{"href":"https:\/\/www.europesays.com\/lv\/wp-json\/wp\/v2\/posts"}],"about":[{"href":"https:\/\/www.europesays.com\/lv\/wp-json\/wp\/v2\/types\/post"}],"author":[{"embeddable":true,"href":"https:\/\/www.europesays.com\/lv\/wp-json\/wp\/v2\/users\/2"}],"replies":[{"embeddable":true,"href":"https:\/\/www.europesays.com\/lv\/wp-json\/wp\/v2\/comments?post=75435"}],"version-history":[{"count":0,"href":"https:\/\/www.europesays.com\/lv\/wp-json\/wp\/v2\/posts\/75435\/revisions"}],"wp:featuredmedia":[{"embeddable":true,"href":"https:\/\/www.europesays.com\/lv\/wp-json\/wp\/v2\/media\/75436"}],"wp:attachment":[{"href":"https:\/\/www.europesays.com\/lv\/wp-json\/wp\/v2\/media?parent=75435"}],"wp:term":[{"taxonomy":"category","embeddable":true,"href":"https:\/\/www.europesays.com\/lv\/wp-json\/wp\/v2\/categories?post=75435"},{"taxonomy":"post_tag","embeddable":true,"href":"https:\/\/www.europesays.com\/lv\/wp-json\/wp\/v2\/tags?post=75435"}],"curies":[{"name":"wp","href":"https:\/\/api.w.org\/{rel}","templated":true}]}}