{"id":75485,"date":"2025-12-15T13:24:08","date_gmt":"2025-12-15T13:24:08","guid":{"rendered":"https:\/\/www.europesays.com\/lv\/75485\/"},"modified":"2025-12-15T13:24:08","modified_gmt":"2025-12-15T13:24:08","slug":"kriminalvajasanas-uzsaksanai-nodots-kriminalprocess-par-slepkavibas-meginajumu-aizkraukle","status":"publish","type":"post","link":"https:\/\/www.europesays.com\/lv\/75485\/","title":{"rendered":"Krimin\u0101lvaj\u0101\u0161anas uzs\u0101k\u0161anai nodots krimin\u0101lprocess par slepkav\u012bbas m\u0113\u0123in\u0101jumu Aizkraukl\u0113"},"content":{"rendered":"<p class=\"text-align-justify\">Valsts policij\u0101 \u0161\u012b gada 22. novembr\u012b \u00a0sa\u0146emta inform\u0101cija par to, ka Aizkraukl\u0113 k\u0101ds v\u012brietis izr\u0101d\u012bjis agresiju pret savu dz\u012bvesbiedri, fiziski iespaidojot un m\u0113\u0123inot vi\u0146u izvarot. Taj\u0101 pa\u0161\u0101 dien\u0101, veicot s\u0101kotn\u0113j\u0101s procesu\u0101l\u0101s darb\u012bbas un izv\u0113rt\u0113jot visu inform\u0101ciju, kas tika ieg\u016bta, iesp\u0113jam\u0101 vain\u012bg\u0101 persona tika aiztur\u0113ta. Par notiku\u0161o Valsts policij\u0101 tika uzs\u0101kts krimin\u0101lprocess p\u0113c Krimin\u0101llikuma 116. panta, 159. panta 1. da\u013cas un 174.1 panta. \u0160\u012b gada 9. decembr\u012b lieta tika nodota prokurat\u016brai krimin\u0101lvaj\u0101\u0161anas uzs\u0101k\u0161anai. \u00a0<\/p>\n<p class=\"text-align-justify\">2025. gada 22. novembr\u012b Valsts policijas Zemgales re\u0123iona p\u0101rvaldes Austrumzemgales iecirkn\u012b Aizkraukl\u0113 v\u0113rs\u0101s k\u0101da 1986. gad\u0101 dzimusi sieviete par to, ka vi\u0146as dz\u012bvesbiedrs pret vi\u0146as gribu m\u0113\u0123in\u0101jis vi\u0146u izvarot, nodar\u012bjis da\u017e\u0101dus miesas boj\u0101jumus, k\u0101 ar\u012b \u017e\u0146audzis un m\u0113\u0123in\u0101jis nosmac\u0113t ar spilvenu.<\/p>\n<p class=\"text-align-justify\">Valsts policij\u0101 tika uzs\u0101kts krimin\u0101lprocess, un nekav\u0113joties tika skaidroti visi notiku\u0161\u0101 apst\u0101k\u013ci, k\u0101 ar\u012b aiztur\u0113ta iesp\u0113jam\u0101 vain\u012bg\u0101 persona \u2013 1985. gad\u0101 dzimis v\u012brietis. Personai tika piem\u0113rots dro\u0161\u012bbas l\u012bdzeklis &#8211; apcietin\u0101jums. L\u012bdz \u0161im persona iepriek\u0161 nebija non\u0101kusi policijas redzeslok\u0101. \u00a0<\/p>\n<p class=\"text-align-justify\">Par notiku\u0161o tika uzs\u0101kts krimin\u0101lprocess p\u0113c Krimin\u0101llikuma 116. panta par citas personas t\u012b\u0161u prettiesisku non\u0101v\u0113\u0161anas(slepkav\u012bbas) m\u0113\u0123in\u0101jumu. Par \u0161\u0101du nodar\u012bjumu soda ar m\u016b\u017ea ieslodz\u012bjumu vai ar br\u012bv\u012bbas at\u0146em\u0161anu uz laiku no pieciem l\u012bdz divdesmit gadiem un ar prob\u0101cijas uzraudz\u012bbu uz laiku l\u012bdz trim gadiem.\u00a0<\/p>\n<p class=\"text-align-justify\">T\u0101pat uzs\u0101kts krimin\u0101lprocess p\u0113c Krimin\u0101llikuma 159. panta 1. da\u013cas par dzimumakta, izmantojot cietu\u0161\u0101 bezpal\u012bdz\u012bbas st\u0101vokli vai par dzimumakta pret cietu\u0161\u0101 gribu, lietojot vardarb\u012bbu, draudus vai izmantojot uztic\u012bbu, autorit\u0101ti vai cit\u0101du ietekmi uz cietu\u0161o (izvaro\u0161anas) m\u0113\u0123in\u0101jumu. Par \u0161\u0101du nodar\u012bjumu soda ar br\u012bv\u012bbas at\u0146em\u0161anu uz laiku no \u010detriem l\u012bdz desmit gadiem un ar prob\u0101cijas uzraudz\u012bbu uz laiku l\u012bdz pieciem gadiem.\u00a0<\/p>\n<p class=\"text-align-justify\">K\u0101 ar\u012b, uzs\u0101kts krimin\u0101lprocess p\u0113c Krimin\u0101llikuma 174.1 panta par cietsird\u012bgu vai vardarb\u012bgu apie\u0161anos ar personu, ar kuru noziedz\u012bg\u0101 nodar\u012bjuma izdar\u012bt\u0101js ir pirmaj\u0101 vai otraj\u0101 radniec\u012bbas pak\u0101p\u0113, vai pret laul\u0101to vai biju\u0161o laul\u0101to, vai pret personu, ar kuru noziedz\u012bg\u0101 nodar\u012bjuma izdar\u012bt\u0101js ir vai ir bijis past\u0101v\u012bg\u0101s int\u012bm\u0101s attiec\u012bb\u0101s, vai pret personu, ar kuru noziedz\u012bg\u0101 nodar\u012bjuma izdar\u012bt\u0101jam ir kop\u012bga (nedal\u012bta) saimniec\u012bba, ja ar to min\u0113tajai personai nodar\u012btas fiziskas vai psihiskas cie\u0161anas un ja \u0161\u012bm darb\u012bb\u0101m nav biju\u0161as \u0161\u0101 likuma 125., 126. vai 130. pant\u0101 paredz\u0113t\u0101s sekas. Par \u0161\u0101du r\u012bc\u012bbu soda ar br\u012bv\u012bbas at\u0146em\u0161anu uz laiku l\u012bdz trim gadiem vai ar \u012bslaic\u012bgu br\u012bv\u012bbas at\u0146em\u0161anu, vai ar prob\u0101cijas uzraudz\u012bbu.<\/p>\n<p class=\"text-align-justify\">\u0160\u012b gada 9. decembr\u012b tika pie\u0146emts l\u0113mums par krimin\u0101lprocesa materi\u0101lu nodo\u0161anu prokurat\u016brai krimin\u0101lvaj\u0101\u0161anas uzs\u0101k\u0161anai.<\/p>\n<p class=\"text-align-justify\">Valsts policija atg\u0101dina, ka neviena persona netiek uzskat\u012bta par vain\u012bgu, kam\u0113r t\u0101s vaina noziedz\u012bga nodar\u012bjuma izdar\u012b\u0161an\u0101 netiek pier\u0101d\u012bta likum\u0101 noteiktaj\u0101 k\u0101rt\u012bb\u0101.<\/p>\n","protected":false},"excerpt":{"rendered":"Valsts policij\u0101 \u0161\u012b gada 22. novembr\u012b \u00a0sa\u0146emta inform\u0101cija par to, ka Aizkraukl\u0113 k\u0101ds v\u012brietis izr\u0101d\u012bjis agresiju pret savu&hellip;\n","protected":false},"author":2,"featured_media":75486,"comment_status":"","ping_status":"","sticky":false,"template":"","format":"standard","meta":{"footnotes":""},"categories":[5],"tags":[23,28,29,32,33,22,30,31,35,39,38,36,37,34,40,20,26,27,24,25,21],"class_list":{"0":"post-75485","1":"post","2":"type-post","3":"status-publish","4":"format-standard","5":"has-post-thumbnail","7":"category-aktualitates","8":"tag-aktualitates","9":"tag-breaking-news","10":"tag-breakingnews","11":"tag-featured-news","12":"tag-featurednews","13":"tag-headlines","14":"tag-latest-news","15":"tag-latestnews","16":"tag-latvia","17":"tag-latvian","18":"tag-latviesu","19":"tag-latviesu-valoda","20":"tag-latviesuvaloda","21":"tag-latvija","22":"tag-lv","23":"tag-news","24":"tag-popularakas-zinas","25":"tag-popularakaszinas","26":"tag-top-stories","27":"tag-topstories","28":"tag-zinas"},"share_on_mastodon":{"url":"https:\/\/pubeurope.com\/@lv\/115723807346401738","error":""},"_links":{"self":[{"href":"https:\/\/www.europesays.com\/lv\/wp-json\/wp\/v2\/posts\/75485","targetHints":{"allow":["GET"]}}],"collection":[{"href":"https:\/\/www.europesays.com\/lv\/wp-json\/wp\/v2\/posts"}],"about":[{"href":"https:\/\/www.europesays.com\/lv\/wp-json\/wp\/v2\/types\/post"}],"author":[{"embeddable":true,"href":"https:\/\/www.europesays.com\/lv\/wp-json\/wp\/v2\/users\/2"}],"replies":[{"embeddable":true,"href":"https:\/\/www.europesays.com\/lv\/wp-json\/wp\/v2\/comments?post=75485"}],"version-history":[{"count":0,"href":"https:\/\/www.europesays.com\/lv\/wp-json\/wp\/v2\/posts\/75485\/revisions"}],"wp:featuredmedia":[{"embeddable":true,"href":"https:\/\/www.europesays.com\/lv\/wp-json\/wp\/v2\/media\/75486"}],"wp:attachment":[{"href":"https:\/\/www.europesays.com\/lv\/wp-json\/wp\/v2\/media?parent=75485"}],"wp:term":[{"taxonomy":"category","embeddable":true,"href":"https:\/\/www.europesays.com\/lv\/wp-json\/wp\/v2\/categories?post=75485"},{"taxonomy":"post_tag","embeddable":true,"href":"https:\/\/www.europesays.com\/lv\/wp-json\/wp\/v2\/tags?post=75485"}],"curies":[{"name":"wp","href":"https:\/\/api.w.org\/{rel}","templated":true}]}}