{"id":75493,"date":"2025-12-15T13:30:35","date_gmt":"2025-12-15T13:30:35","guid":{"rendered":"https:\/\/www.europesays.com\/lv\/75493\/"},"modified":"2025-12-15T13:30:35","modified_gmt":"2025-12-15T13:30:35","slug":"devini-deputati-ogre-prasa-helmana-atbrivosanu-no-amata","status":"publish","type":"post","link":"https:\/\/www.europesays.com\/lv\/75493\/","title":{"rendered":"Devi\u0146i deput\u0101ti Ogr\u0113 prasa Helma\u0146a atbr\u012bvo\u0161anu no amata"},"content":{"rendered":"<p>L\u0113mumprojektu vi\u0146i prasa izskat\u012bt 18. decembra domes s\u0113d\u0113.<\/p>\n<p>Deput\u0101ti nor\u0101da, ka kop\u0161 iev\u0113l\u0113\u0161anas domes priek\u0161s\u0113d\u0113t\u0101ja amat\u0101 Helmanis amata pien\u0101kumus ir pild\u012bjis maz\u0101k nek\u0101 vienu m\u0113nesi. P\u0113c \u0161\u012b gada 18. j\u016blija vi\u0146\u0161 atradies promb\u016btn\u0113 \u2013 vispirms izmantojot kompens\u0113jo\u0161o atp\u016btu p\u0113c komand\u0113juma, p\u0113c tam atva\u013cin\u0101jum\u0101, bet kop\u0161 25. augusta \u2013 darbnesp\u0113j\u0101.<\/p>\n<p>Vienlaikus piepras\u012bjuma autori apgalvo, ka Helmanim atalgojum\u0101 par novembri ir izmaks\u0101ti vair\u0101k nek\u0101 4000 eiro un vi\u0146iem neesot saprotams, par k\u0101du amata pien\u0101kumu pild\u012b\u0161anu \u0161\u012b pr\u0113mija ir izmaks\u0101ta, ja m\u0113rs faktiski nepilda pien\u0101kumus.<\/p>\n<blockquote class=\"skaties-quote\">\n<p>\u201cPiecu m\u0113ne\u0161u laik\u0101 dome ilgsto\u0161i darbojusies bez pilnv\u0113rt\u012bga priek\u0161s\u0113d\u0113t\u0101ja. \u0160aj\u0101 period\u0101 Ogres novada pa\u0161vald\u012bbu vada tikai viens domes priek\u0161s\u0113d\u0113t\u0101ja vietnieks, kuram nav aizvietot\u0101ja,\u201d nor\u0101da deput\u0101te K\u013cavi\u0146a, piebilstot, ka likums paredz meh\u0101nismus, kas nodro\u0161ina nep\u0101rtrauktu domes un t\u0101s vad\u012bbas darbu ar\u012b gad\u012bjumos, kad amatpersonas ilgsto\u0161i nesp\u0113j pild\u012bt savus pien\u0101kumus.<\/p>\n<\/blockquote>\n<p>Deput\u0101te Lo\u010dmele ar\u012b piebilst, ka pa\u0161vald\u012bb\u0101 gausi norit darbs pie n\u0101kam\u0101 gada bud\u017eeta veido\u0161anas, un ar to saist\u012bti jaut\u0101jumi novada domes komitej\u0101s v\u0113l nav skat\u012bti. \u201cDomes priek\u0161s\u0113d\u0113t\u0101ja neiesaist\u012b\u0161an\u0101s un atkl\u0101ta amata pien\u0101kumu nepild\u012b\u0161ana rada ba\u017eas, ka bud\u017eeta veido\u0161anas process nenotiek atkl\u0101t\u0101 un caursp\u012bd\u012bg\u0101 domes darb\u0101, neiesaistot domes deput\u0101tus un iedz\u012bvot\u0101jus,\u201d pau\u017e Lo\u010dmele.<\/p>\n<blockquote class=\"skaties-quote\">\n<p>Savuk\u0101rt deput\u0101ts Kud\u013ca atg\u0101dina, ka Helmanis nav noteiktaj\u0101 termi\u0146\u0101 pieteicies speci\u0101l\u0101s at\u013caujas sa\u0146em\u0161anai darbam ar valsts nosl\u0113pumu. \u201cTas rada nopietnas ba\u017eas, ka p\u0113c iedz\u012bvot\u0101ju skaita liel\u0101k\u0101 Latvijas novada augst\u0101kajai politiskajai vad\u012bbai faktiski nav pilnv\u0113rt\u012bgu iesp\u0113ju str\u0101d\u0101t ar ierobe\u017eotas pieejam\u012bbas inform\u0101ciju. \u0160\u0101da bezatbild\u012bba apdraud iesp\u0113ju savlaic\u012bgi r\u012bkoties un aizsarg\u0101t Ogres novada iedz\u012bvot\u0101ju intereses un dro\u0161\u012bbu, \u012bpa\u0161i kr\u012bzes situ\u0101cij\u0101s,\u201d uzskata deput\u0101ts.<\/p>\n<\/blockquote>\n<p class=\"ad-desc ad-desc-main\">Saturs turpin\u0101s p\u0113c rekl\u0101mas<\/p>\n<p class=\"ad-desc ad-desc-sec\">Rekl\u0101ma<\/p>\n<p>A\u0123ent\u016bra LETA iepriek\u0161 v\u0113st\u012bja, ka Helmanis noteiktaj\u0101 termi\u0146\u0101 nav aizpild\u012bjis pielaides valsts nosl\u0113pumam sa\u0146em\u0161anai nepiecie\u0161amo anketu, par ko vi\u0146u inform\u0113jusi gan ministrija, gan Valsts dro\u0161\u012bbas dienests. Helmanis \u201cFacebook\u201d augusta beig\u0101s bija sol\u012bjis aizpild\u012bt anketu, tikl\u012bdz b\u016bs atguvis vesel\u012bbu no komand\u0113jum\u0101 Ukrain\u0101 g\u016bt\u0101s traumas. Vienlaikus vi\u0146\u0161 pauda viedokli, ka pie varas eso\u0161ie pielaidi valsts nosl\u0113pumam izmantojot, \u201clai sasniegtu savus politiskos m\u0113r\u0137us un apkarotu konkurentus\u201d.<\/p>\n<p>Vied\u0101s administr\u0101cijas un re\u0123ion\u0101l\u0101s att\u012bst\u012bbas ministrs Raimonds \u010cudars (JV) pazi\u0146oja, ka negras\u0101s l\u016bgt Vesel\u012bbas inspekcijai v\u0113rt\u0113t Helmanim izsniegt\u0101s darba nesp\u0113jas lapas pamatot\u012bbu, nor\u0101dot, ka jaut\u0101jums par Helma\u0146a vesel\u012bbu ir \u0101rsta, ne ministra zi\u0146\u0101.<\/p>\n<p class=\"tv3-fw-500\">Zi\u0146o par k\u013c\u016bdu rakst\u0101<\/p>\n<p class=\"d-md-block d-none\">Iez\u012bm\u0113 k\u013c\u016bdaino tekstu un spied Ctrl+Enter.<\/p>\n<p class=\"d-md-none d-block\">Iez\u012bm\u0113 k\u013c\u016bdaino tekstu un zi\u0146o par to!<\/p>\n","protected":false},"excerpt":{"rendered":"L\u0113mumprojektu vi\u0146i prasa izskat\u012bt 18. decembra domes s\u0113d\u0113. Deput\u0101ti nor\u0101da, ka kop\u0161 iev\u0113l\u0113\u0161anas domes priek\u0161s\u0113d\u0113t\u0101ja amat\u0101 Helmanis amata&hellip;\n","protected":false},"author":2,"featured_media":75494,"comment_status":"","ping_status":"","sticky":false,"template":"","format":"standard","meta":{"footnotes":""},"categories":[5],"tags":[23,28,29,19176,32,33,22,30,31,35,39,38,36,37,34,40,20,26,27,24,25,21],"class_list":{"0":"post-75493","1":"post","2":"type-post","3":"status-publish","4":"format-standard","5":"has-post-thumbnail","7":"category-aktualitates","8":"tag-aktualitates","9":"tag-breaking-news","10":"tag-breakingnews","11":"tag-egils-helmanisogres-novada-dome","12":"tag-featured-news","13":"tag-featurednews","14":"tag-headlines","15":"tag-latest-news","16":"tag-latestnews","17":"tag-latvia","18":"tag-latvian","19":"tag-latviesu","20":"tag-latviesu-valoda","21":"tag-latviesuvaloda","22":"tag-latvija","23":"tag-lv","24":"tag-news","25":"tag-popularakas-zinas","26":"tag-popularakaszinas","27":"tag-top-stories","28":"tag-topstories","29":"tag-zinas"},"share_on_mastodon":{"url":"https:\/\/pubeurope.com\/@lv\/115723831001469622","error":""},"_links":{"self":[{"href":"https:\/\/www.europesays.com\/lv\/wp-json\/wp\/v2\/posts\/75493","targetHints":{"allow":["GET"]}}],"collection":[{"href":"https:\/\/www.europesays.com\/lv\/wp-json\/wp\/v2\/posts"}],"about":[{"href":"https:\/\/www.europesays.com\/lv\/wp-json\/wp\/v2\/types\/post"}],"author":[{"embeddable":true,"href":"https:\/\/www.europesays.com\/lv\/wp-json\/wp\/v2\/users\/2"}],"replies":[{"embeddable":true,"href":"https:\/\/www.europesays.com\/lv\/wp-json\/wp\/v2\/comments?post=75493"}],"version-history":[{"count":0,"href":"https:\/\/www.europesays.com\/lv\/wp-json\/wp\/v2\/posts\/75493\/revisions"}],"wp:featuredmedia":[{"embeddable":true,"href":"https:\/\/www.europesays.com\/lv\/wp-json\/wp\/v2\/media\/75494"}],"wp:attachment":[{"href":"https:\/\/www.europesays.com\/lv\/wp-json\/wp\/v2\/media?parent=75493"}],"wp:term":[{"taxonomy":"category","embeddable":true,"href":"https:\/\/www.europesays.com\/lv\/wp-json\/wp\/v2\/categories?post=75493"},{"taxonomy":"post_tag","embeddable":true,"href":"https:\/\/www.europesays.com\/lv\/wp-json\/wp\/v2\/tags?post=75493"}],"curies":[{"name":"wp","href":"https:\/\/api.w.org\/{rel}","templated":true}]}}