{"id":75497,"date":"2025-12-15T13:34:12","date_gmt":"2025-12-15T13:34:12","guid":{"rendered":"https:\/\/www.europesays.com\/lv\/75497\/"},"modified":"2025-12-15T13:34:12","modified_gmt":"2025-12-15T13:34:12","slug":"krievijas-uzbrukumos-melnaja-jura-cietis-turcijas-kugis-erdogans-aicina-noverst-eskalaciju-lente-lv","status":"publish","type":"post","link":"https:\/\/www.europesays.com\/lv\/75497\/","title":{"rendered":"Krievijas uzbrukumos Melnaj\u0101 j\u016br\u0101 cietis Turcijas ku\u0123is; Erdogans aicina nov\u0113rst eskal\u0101ciju\u00a0\u2014\u00a0Lente.lv"},"content":{"rendered":"<p>Krievijas uzbrukumi Melnaj\u0101 j\u016br\u0101: Cietis Turcijai piedero\u0161s ku\u0123is, Turcijas prezidents aicina uz mieru<\/p>\n<p>P\u0113d\u0113j\u0101s ned\u0113\u013c\u0101s Melnaj\u0101 j\u016br\u0101 ir pieaudzis uzbrukumu skaits ku\u0123iem, radot ba\u017eas par re\u0123iona stabilit\u0101ti un dro\u0161\u012bbu. Nesen Krievijas gaisa triecien\u0101 tika boj\u0101ts Turcijai piedero\u0161s ku\u0123is, kas atrad\u0101s Ukrainas ost\u0101 Odesa. \u0160is incidents notika \u012bsi p\u0113c tam, kad Turcijas prezidents Red\u017eeps Tajips Erdogans uzsv\u0113ra nepiecie\u0161am\u012bbu ne\u013caut Melnajai j\u016brai k\u013c\u016bt par Krievijas un Ukrainas konfront\u0101cijas zonu.<\/p>\n<p>Erdogana aicin\u0101jums uz mieru un dro\u0161\u012bbu j\u016br\u0101<\/p>\n<p>Turcijas prezidents Red\u017eeps Tajips Erdogans ir vair\u0101kk\u0101rt paudis skaidru nost\u0101ju, ka Meln\u0101 j\u016bra nedr\u012bkst p\u0101rv\u0113rsties par kaujas lauku starp Krieviju un Ukrainu. Sestdien, 13. decembr\u012b, vi\u0146\u0161 uzsv\u0113ra, ka \u0161\u0101da situ\u0101cija nen\u0101ktu par labu nevienai no iesaist\u012btaj\u0101m pus\u0113m un ikvienam ir nepiecie\u0161ama dro\u0161a ku\u0123o\u0161ana. \u00abMelno j\u016bru nevajadz\u0113tu uzskat\u012bt par konfront\u0101cijas zonu,\u00bb \u017eurn\u0101listiem nor\u0101d\u012bja Erdogans. Vi\u0146\u0161 ar\u012b piebilda, ka Turcija ir nos\u016bt\u012bjusi br\u012bdin\u0101jumus vis\u0101m iesaist\u012btaj\u0101m pus\u0113m par \u0161\u0101d\u0101m darb\u012bb\u0101m, kas apdraud ku\u0123o\u0161anas dro\u0161\u012bbu, cilv\u0113ku dz\u012bv\u012bbas un vidi, \u012bpa\u0161i Turcijas ekskluz\u012bvaj\u0101 ekonomiskaj\u0101 zon\u0101. Erdogana birojs inform\u0113ja, ka sarun\u0101s ar Krievijas prezidentu Vladimiru Putinu Turkmenist\u0101n\u0101 notieko\u0161\u0101 samita laik\u0101, Erdogans aicin\u0101jis nosl\u0113gt \u00abierobe\u017eotu pamieru\u00bb attiec\u012bb\u0101 uz uzbrukumiem ost\u0101m un ener\u0123\u0113tikas objektiem.<\/p>\n<p>Situ\u0101cija Melnaj\u0101 j\u016br\u0101 saasin\u0101s<\/p>\n<p>P\u0113d\u0113jo ned\u0113\u013cu laik\u0101 ir notiku\u0161i vair\u0101ki uzbrukumi ku\u0123iem Melnaj\u0101 j\u016br\u0101, tostarp uzbrukumi Krievijas t\u0101 d\u0113v\u0113tajai \u00ab\u0113nu flotei\u00bb, kas tiek izmantota sankciju apie\u0161anai. Ukrainas amatpersonas ir pazi\u0146oju\u0161as, ka da\u013ca no \u0161iem uzbrukumiem veikti ar j\u016bras droniem. \u0160ie notikumi ir izrais\u012bju\u0161i satraukumu un mudin\u0101ju\u0161i Turciju izsaukt Krievijas un Ukrainas v\u0113stniekus. Krievijas prezidents Vladimirs Putins ir nosaucis uzbrukumus tankku\u0123iem par pir\u0101tismu un sol\u012bjis papla\u0161in\u0101t triecienu loku pret Ukrainas ost\u0101m un taj\u0101s piest\u0101vo\u0161ajiem ku\u0123iem k\u0101 atbildes reakciju. Savuk\u0101rt Ukraina noliedz savu saist\u012bbu ar uzbrukumiem un pie\u013cauj, ka tie var\u0113tu b\u016bt Krievijas provok\u0101cijas.<\/p>\n<p>Turcijas strat\u0113\u0123isk\u0101 loma un starptautisk\u0101s attiec\u012bbas<\/p>\n<p>Turcija, kas centusies uztur\u0113t attiec\u012bbas gan ar Maskavu, gan Kijivu, kontrol\u0113 Bosfora \u0161aurumu, kas ir \u013coti svar\u012bgs Ukrainas lab\u012bbas un Krievijas naftas p\u0101rvad\u0101jumiem uz Vidusj\u016bru. \u0160\u012b \u0123eopolitisk\u0101 atra\u0161an\u0101s vieta pie\u0161\u0137ir Ankarai \u012bpa\u0161u lomu re\u0123iona dro\u0161\u012bbas un stabilit\u0101tes nodro\u0161in\u0101\u0161an\u0101. Prezidents Erdogans izteicis cer\u012bbu, ka p\u0113c sarun\u0101m ar Putinu b\u016bs iesp\u0113ja apspriest miera pl\u0101nu ar\u012b ar ASV prezidentu. Vi\u0146\u0161 pauda p\u0101rliec\u012bbu, ka \u00abmiers nav t\u0101lu, tas ir redzams\u00bb.<\/p>\n<p>Iepriek\u0161\u0113jie incidenti un br\u012bdin\u0101jumi<\/p>\n<p>\u0160is nav pirmais incidents, kas saist\u012bts ar uzbrukumiem ku\u0123iem Melnaj\u0101 j\u016br\u0101. Jau iepriek\u0161 ir zi\u0146ots par uzbrukumiem Krievijas tankku\u0123iem, kas p\u0101rvad\u0101ja naftas produktus. Turcija ir kritiz\u0113jusi \u0161\u0101dus uzbrukumus k\u0101 draudu ku\u0123o\u0161anas dro\u0161\u012bbai. 2023. gada novembra beig\u0101s tika zi\u0146ots par diviem Krievijas tankku\u0123u \u00ab\u0113nu flotes\u00bb ku\u0123u aizdeg\u0161anos Melnaj\u0101 j\u016br\u0101 p\u0113c it k\u0101 dronu uzbrukumiem. Turcijas varasiest\u0101des evaku\u0113ja abu ku\u0123u apkalpes locek\u013cus, un tika uzsv\u0113rts, ka uzbrukumu iemesls var\u0113tu b\u016bt \u0101r\u0113js, piem\u0113ram, m\u012bna, ra\u0137ete vai drons. Krievija jau iepriek\u0161, piem\u0113ram, 2023. gada august\u0101, ir br\u012bdin\u0101ta par nepiecie\u0161am\u012bbu izvair\u012bties no spriedzes eskal\u0101cijas Melnaj\u0101 j\u016br\u0101 p\u0113c incidenta, kad Krievijas karaflotes ku\u0123is raid\u012bja br\u012bdin\u0101juma \u0161\u0101vienus uz Turcijas tirdzniec\u012bbas ku\u0123i.<\/p>\n","protected":false},"excerpt":{"rendered":"Krievijas uzbrukumi Melnaj\u0101 j\u016br\u0101: Cietis Turcijai piedero\u0161s ku\u0123is, Turcijas prezidents aicina uz mieru P\u0113d\u0113j\u0101s ned\u0113\u013c\u0101s Melnaj\u0101 j\u016br\u0101 ir&hellip;\n","protected":false},"author":2,"featured_media":75498,"comment_status":"","ping_status":"","sticky":false,"template":"","format":"standard","meta":{"footnotes":""},"categories":[14],"tags":[23,57,28,29,15352,32,33,22,234,30,31,35,39,38,36,37,34,40,16127,20,26,27,24,25,14407,276,54,55,56,21,58],"class_list":{"0":"post-75497","1":"post","2":"type-post","3":"status-publish","4":"format-standard","5":"has-post-thumbnail","7":"category-zinas-no-arvalstim","8":"tag-aktualitates","9":"tag-arvalstim","10":"tag-breaking-news","11":"tag-breakingnews","12":"tag-erdogans","13":"tag-featured-news","14":"tag-featurednews","15":"tag-headlines","16":"tag-krievija","17":"tag-latest-news","18":"tag-latestnews","19":"tag-latvia","20":"tag-latvian","21":"tag-latviesu","22":"tag-latviesu-valoda","23":"tag-latviesuvaloda","24":"tag-latvija","25":"tag-lv","26":"tag-melna-jura","27":"tag-news","28":"tag-popularakas-zinas","29":"tag-popularakaszinas","30":"tag-top-stories","31":"tag-topstories","32":"tag-turcijas-kugis","33":"tag-ukraina","34":"tag-world","35":"tag-world-news","36":"tag-worldnews","37":"tag-zinas","38":"tag-zinas-no-arvalstim"},"share_on_mastodon":{"url":"https:\/\/pubeurope.com\/@lv\/115723846518862160","error":""},"_links":{"self":[{"href":"https:\/\/www.europesays.com\/lv\/wp-json\/wp\/v2\/posts\/75497","targetHints":{"allow":["GET"]}}],"collection":[{"href":"https:\/\/www.europesays.com\/lv\/wp-json\/wp\/v2\/posts"}],"about":[{"href":"https:\/\/www.europesays.com\/lv\/wp-json\/wp\/v2\/types\/post"}],"author":[{"embeddable":true,"href":"https:\/\/www.europesays.com\/lv\/wp-json\/wp\/v2\/users\/2"}],"replies":[{"embeddable":true,"href":"https:\/\/www.europesays.com\/lv\/wp-json\/wp\/v2\/comments?post=75497"}],"version-history":[{"count":0,"href":"https:\/\/www.europesays.com\/lv\/wp-json\/wp\/v2\/posts\/75497\/revisions"}],"wp:featuredmedia":[{"embeddable":true,"href":"https:\/\/www.europesays.com\/lv\/wp-json\/wp\/v2\/media\/75498"}],"wp:attachment":[{"href":"https:\/\/www.europesays.com\/lv\/wp-json\/wp\/v2\/media?parent=75497"}],"wp:term":[{"taxonomy":"category","embeddable":true,"href":"https:\/\/www.europesays.com\/lv\/wp-json\/wp\/v2\/categories?post=75497"},{"taxonomy":"post_tag","embeddable":true,"href":"https:\/\/www.europesays.com\/lv\/wp-json\/wp\/v2\/tags?post=75497"}],"curies":[{"name":"wp","href":"https:\/\/api.w.org\/{rel}","templated":true}]}}