{"id":75513,"date":"2025-12-15T13:49:07","date_gmt":"2025-12-15T13:49:07","guid":{"rendered":"https:\/\/www.europesays.com\/lv\/75513\/"},"modified":"2025-12-15T13:49:07","modified_gmt":"2025-12-15T13:49:07","slug":"masu-sievu-zvaigzne-kodijs-dodas-atvainoties-kristinei-pirmajai-no-sievam-kura-vinu-pameta","status":"publish","type":"post","link":"https:\/\/www.europesays.com\/lv\/75513\/","title":{"rendered":"\u201cM\u0101su sievu\u201d zvaigzne Kodijs dodas atvainoties Krist\u012bnei, pirmajai no siev\u0101m, kura vi\u0146u pameta"},"content":{"rendered":"<p>V\u0113l pirms tik\u0161an\u0101s ar Krist\u012bni daudzsiev\u012bbas karalis atzina, ka ar Krist\u012bni uztic\u012bbu vi\u0146i viens otram zaud\u0113ju\u0161i v\u0113l pirms \u0161\u0137ir\u0161an\u0101s, t\u0101p\u0113c vi\u0146\u0161 negaida t\u0101du maigumu un \u017e\u0113last\u012bbu, k\u0101du sa\u0146\u0113mis no D\u017eanelas.<\/p>\n<p>2021. gada novembr\u012b Krist\u012bne bija pirm\u0101 no Kodija \u010detr\u0101m siev\u0101m, kura pazi\u0146oja, ka v\u0113las \u0161\u0137irties, t\u0101 bijusi ar\u012b p\u0113d\u0113j\u0101 reize, kad vi\u0146i sarun\u0101ju\u0161ies un t\u0101 nav bijusi pat\u012bkama saruna.<\/p>\n<p>T\u0101 k\u0101 Krist\u012bne ir se\u0161u Kodija b\u0113rnu m\u0101te, vi\u0146am ir j\u0101sp\u0113j atrast ar sievieti kopsauc\u0113js, lai saglab\u0101tu labas attiec\u012bbas ar atvas\u0113m.<\/p>\n<p>Kodijs uzaicin\u0101ja Krist\u012bni pusdien\u0101s, piebilstot, ka vi\u0146a l\u012bdzi var \u0146emt ar\u012b savu jauno v\u012bru Deividu, sakot, ka \u0161\u0101du l\u0113mumu pie\u0146\u0113mis aiz cie\u0146as.<\/p>\n<p>\u201cNo visas sirds gribu atvainoties par to, k\u0101 m\u0113s iz\u0161\u0137\u012br\u0101mies, par to, k\u0101 viss notika, ka biju dusm\u012bgs un rad\u012bju gr\u016bt\u012bbas,\u201d Krist\u012bnei noteica Kodijs.<\/p>\n<p class=\"ad-desc ad-desc-main\">Saturs turpin\u0101s p\u0113c rekl\u0101mas<\/p>\n<p class=\"ad-desc ad-desc-sec\">Rekl\u0101ma<\/p>\n<p>Sieviete pie\u0146\u0113ma atvaino\u0161anos, sakot, ka viss ir palicis pag\u0101tn\u0113, atvaino\u0161an\u0101s ir jauks \u017eests, bet vi\u0146a visu ir piedevusi un dz\u012bvo savu dz\u012bvi.<\/p>\n<p>Kodijs atzina, ka v\u0113las atvainoties biju\u0161aj\u0101m siev\u0101m, jo ir izteicies, ka nav vi\u0146as m\u012bl\u0113jis, t\u0101 nav taisn\u012bba, vi\u0146\u0161 daudz ko pateicis dusmu ietekm\u0113.<\/p>\n<p>Skaties \u0161o un citus \u0161ovus un seri\u0101lus <a href=\"https:\/\/go3.lv?utm_source=tv3.lv&amp;utm_medium=articles&amp;utm_campaign=article_suffix\" target=\"_blank\" rel=\"noopener nofollow\">Go3 telev\u012bzij\u0101<\/a>!<\/p>\n<p class=\"tv3-fw-500\">Zi\u0146o par k\u013c\u016bdu rakst\u0101<\/p>\n<p class=\"d-md-block d-none\">Iez\u012bm\u0113 k\u013c\u016bdaino tekstu un spied Ctrl+Enter.<\/p>\n<p class=\"d-md-none d-block\">Iez\u012bm\u0113 k\u013c\u016bdaino tekstu un zi\u0146o par to!<\/p>\n","protected":false},"excerpt":{"rendered":"V\u0113l pirms tik\u0161an\u0101s ar Krist\u012bni daudzsiev\u012bbas karalis atzina, ka ar Krist\u012bni uztic\u012bbu vi\u0146i viens otram zaud\u0113ju\u0161i v\u0113l pirms&hellip;\n","protected":false},"author":2,"featured_media":75514,"comment_status":"","ping_status":"","sticky":false,"template":"","format":"standard","meta":{"footnotes":""},"categories":[19],"tags":[89,19178,90,35,39,38,36,37,34,40],"class_list":{"0":"post-75513","1":"post","2":"type-post","3":"status-publish","4":"format-standard","5":"has-post-thumbnail","7":"category-izklaide","8":"tag-entertainment","9":"tag-go3kodijs-braunsmasas-sievasskaties-go3","10":"tag-izklaide","11":"tag-latvia","12":"tag-latvian","13":"tag-latviesu","14":"tag-latviesu-valoda","15":"tag-latviesuvaloda","16":"tag-latvija","17":"tag-lv"},"share_on_mastodon":{"url":"https:\/\/pubeurope.com\/@lv\/115723905629430311","error":""},"_links":{"self":[{"href":"https:\/\/www.europesays.com\/lv\/wp-json\/wp\/v2\/posts\/75513","targetHints":{"allow":["GET"]}}],"collection":[{"href":"https:\/\/www.europesays.com\/lv\/wp-json\/wp\/v2\/posts"}],"about":[{"href":"https:\/\/www.europesays.com\/lv\/wp-json\/wp\/v2\/types\/post"}],"author":[{"embeddable":true,"href":"https:\/\/www.europesays.com\/lv\/wp-json\/wp\/v2\/users\/2"}],"replies":[{"embeddable":true,"href":"https:\/\/www.europesays.com\/lv\/wp-json\/wp\/v2\/comments?post=75513"}],"version-history":[{"count":0,"href":"https:\/\/www.europesays.com\/lv\/wp-json\/wp\/v2\/posts\/75513\/revisions"}],"wp:featuredmedia":[{"embeddable":true,"href":"https:\/\/www.europesays.com\/lv\/wp-json\/wp\/v2\/media\/75514"}],"wp:attachment":[{"href":"https:\/\/www.europesays.com\/lv\/wp-json\/wp\/v2\/media?parent=75513"}],"wp:term":[{"taxonomy":"category","embeddable":true,"href":"https:\/\/www.europesays.com\/lv\/wp-json\/wp\/v2\/categories?post=75513"},{"taxonomy":"post_tag","embeddable":true,"href":"https:\/\/www.europesays.com\/lv\/wp-json\/wp\/v2\/tags?post=75513"}],"curies":[{"name":"wp","href":"https:\/\/api.w.org\/{rel}","templated":true}]}}