{"id":75517,"date":"2025-12-15T13:52:10","date_gmt":"2025-12-15T13:52:10","guid":{"rendered":"https:\/\/www.europesays.com\/lv\/75517\/"},"modified":"2025-12-15T13:52:10","modified_gmt":"2025-12-15T13:52:10","slug":"ek-reids-temu-biroja-nra-lv","status":"publish","type":"post","link":"https:\/\/www.europesays.com\/lv\/75517\/","title":{"rendered":"EK reids Temu biroj\u0101 &#8211; nra.lv"},"content":{"rendered":"<p class=\"descr\">Pag\u0101ju\u0161aj\u0101 ned\u0113\u013c\u0101 Eiropas Komisija veica reidu \u201cTemu\u201d galvenaj\u0101 m\u012btn\u0113 Dublin\u0101 aizdom\u0101s, ka \u0136\u012bnas e-komercijas gigants sa\u0146em nelikum\u012bgas subs\u012bdijas no savas m\u012btnes valsts, zi\u0146o \u201cEuractiv\u201d.<\/p>\n<p>\u0160is solis ir da\u013ca no Eiropas pieaugo\u0161\u0101s pretest\u012bbas pret l\u0113tu \u0136\u012bnas pre\u010du piepl\u016bdumu, zi\u0146o \u201cPostimees\u201d. Reids tika veikts saska\u0146\u0101 ar \u0100rvalstu subs\u012bdiju regulu. Subs\u012bdiju regul\u0113jo\u0161ie noteikumi ir sp\u0113k\u0101 kop\u0161 2023. gada, un to m\u0113r\u0137is ir nov\u0113rst tirgus krop\u013cojumus vai pretkonkurences r\u012bc\u012bbu ES, ko izraisa \u0101rvalstu pal\u012bdz\u012bba. Eiropa cen\u0161as ierobe\u017eot \u0136\u012bnas e-komercijas ietekmi ES dal\u012bbvalstis ir s\u0101ku\u0161as pretoties \u0136\u012bnas e-komercijas uz\u0146\u0113mumiem, piem\u0113ram, \u201cTemu\u201d, \u201cShein\u201d un \u201cAlibaba\u201d, p\u0113c tam, kad Francijas pretmonopola regulators konstat\u0113ja, ka \u201cShein\u201d p\u0101rdod b\u012bstamus produktus. \u0160\u012b gada novembr\u012b ES ekonomikas ministri vienoj\u0101s atcelt muitas nodok\u013ca atbr\u012bvojumu pak\u0101m, kuru v\u0113rt\u012bba ir l\u012bdz 150 eiro, kas pa\u0161laik attiecas uz s\u016bt\u012bjumiem no tre\u0161aj\u0101m valst\u012bm, toreiz zi\u0146oja \u201cEuronews\u201d. \u0160is l\u0113mums galvenok\u0101rt ietekm\u0113s \u0136\u012bnas e-komercijas platformas, piem\u0113ram, \u201cShein\u201d un \u201c<a href=\"https:\/\/nra.lv\/birka\/temu\/\" target=\"_blank\" rel=\"noopener nofollow\">Temu\u201d<\/a>. Koment\u0113jot vieno\u0161anos, ES ekonomikas komis\u0101rs Valdis Dombrovskis nor\u0101d\u012bja, ka 2024. gad\u0101 ES tika import\u0113ti 4,6 miljardi paku. Devi\u0146desmit viens procents mazo paku n\u0101k no \u0136\u012bnas. J\u016blij\u0101 komisija ar\u012b ierosin\u0101ja ieviest divu eiro nodevu par s\u012bkpak\u0101m. \u0160is pas\u0101kums pa\u0161laik tiek apspriests ar dal\u012bbvalst\u012bm.<\/p>\n<p>\t\t\t\t\t\tinfo<\/p>\n<p>Uzzini pirmais<br \/>kas interesants noticis Latvij\u0101 un pasaul\u0113,<br \/>pievienojoties mums <a href=\"https:\/\/t.me\/neatkariga\" rel=\"nofollow\">Telegram<\/a> vai <a href=\"https:\/\/whatsapp.com\/channel\/0029VaMLFUH5K3zLU5s4wm3y\" rel=\"nofollow noopener\" target=\"_blank\">Whatsapp<\/a> kan\u0101l\u0101<\/p>\n","protected":false},"excerpt":{"rendered":"Pag\u0101ju\u0161aj\u0101 ned\u0113\u013c\u0101 Eiropas Komisija veica reidu \u201cTemu\u201d galvenaj\u0101 m\u012btn\u0113 Dublin\u0101 aizdom\u0101s, ka \u0136\u012bnas e-komercijas gigants sa\u0146em nelikum\u012bgas subs\u012bdijas&hellip;\n","protected":false},"author":2,"featured_media":75518,"comment_status":"","ping_status":"","sticky":false,"template":"","format":"standard","meta":{"footnotes":""},"categories":[14],"tags":[23,57,28,29,32,33,22,30,31,35,39,38,36,37,34,40,20,26,27,24,25,54,55,56,21,58],"class_list":{"0":"post-75517","1":"post","2":"type-post","3":"status-publish","4":"format-standard","5":"has-post-thumbnail","7":"category-zinas-no-arvalstim","8":"tag-aktualitates","9":"tag-arvalstim","10":"tag-breaking-news","11":"tag-breakingnews","12":"tag-featured-news","13":"tag-featurednews","14":"tag-headlines","15":"tag-latest-news","16":"tag-latestnews","17":"tag-latvia","18":"tag-latvian","19":"tag-latviesu","20":"tag-latviesu-valoda","21":"tag-latviesuvaloda","22":"tag-latvija","23":"tag-lv","24":"tag-news","25":"tag-popularakas-zinas","26":"tag-popularakaszinas","27":"tag-top-stories","28":"tag-topstories","29":"tag-world","30":"tag-world-news","31":"tag-worldnews","32":"tag-zinas","33":"tag-zinas-no-arvalstim"},"share_on_mastodon":{"url":"https:\/\/pubeurope.com\/@lv\/115723917349032996","error":""},"_links":{"self":[{"href":"https:\/\/www.europesays.com\/lv\/wp-json\/wp\/v2\/posts\/75517","targetHints":{"allow":["GET"]}}],"collection":[{"href":"https:\/\/www.europesays.com\/lv\/wp-json\/wp\/v2\/posts"}],"about":[{"href":"https:\/\/www.europesays.com\/lv\/wp-json\/wp\/v2\/types\/post"}],"author":[{"embeddable":true,"href":"https:\/\/www.europesays.com\/lv\/wp-json\/wp\/v2\/users\/2"}],"replies":[{"embeddable":true,"href":"https:\/\/www.europesays.com\/lv\/wp-json\/wp\/v2\/comments?post=75517"}],"version-history":[{"count":0,"href":"https:\/\/www.europesays.com\/lv\/wp-json\/wp\/v2\/posts\/75517\/revisions"}],"wp:featuredmedia":[{"embeddable":true,"href":"https:\/\/www.europesays.com\/lv\/wp-json\/wp\/v2\/media\/75518"}],"wp:attachment":[{"href":"https:\/\/www.europesays.com\/lv\/wp-json\/wp\/v2\/media?parent=75517"}],"wp:term":[{"taxonomy":"category","embeddable":true,"href":"https:\/\/www.europesays.com\/lv\/wp-json\/wp\/v2\/categories?post=75517"},{"taxonomy":"post_tag","embeddable":true,"href":"https:\/\/www.europesays.com\/lv\/wp-json\/wp\/v2\/tags?post=75517"}],"curies":[{"name":"wp","href":"https:\/\/api.w.org\/{rel}","templated":true}]}}