{"id":75525,"date":"2025-12-15T13:58:17","date_gmt":"2025-12-15T13:58:17","guid":{"rendered":"https:\/\/www.europesays.com\/lv\/75525\/"},"modified":"2025-12-15T13:58:17","modified_gmt":"2025-12-15T13:58:17","slug":"japanas-ziemelus-satricina-67-magnitudas-zemestrice-izplatits-cunami-bridinajums-lente-lv","status":"publish","type":"post","link":"https:\/\/www.europesays.com\/lv\/75525\/","title":{"rendered":"Jap\u0101nas zieme\u013cus satricina 6,7 magnit\u016bdas zemestr\u012bce; izplat\u012bts cunami br\u012bdin\u0101jums\u00a0\u2014\u00a0Lente.lv"},"content":{"rendered":"<p>Zieme\u013cjap\u0101nu satricina sp\u0113c\u012bga zemestr\u012bce, izdots cunami br\u012bdin\u0101jums<\/p>\n<p>Jap\u0101nas zieme\u013cu piekrasti piektdien, 14. decembr\u012b, ir satricin\u0101jusi sp\u0113c\u012bga 6,7 magnit\u016bdas stipra zemestr\u012bce. \u0160is satrauco\u0161ais notikums izrais\u012bjis t\u016bl\u012bt\u0113ju un nopietnu br\u012bdin\u0101jumu par iesp\u0113jamu cunami izplat\u012b\u0161anos, liekot amatperson\u0101m un iedz\u012bvot\u0101jiem b\u016bt \u012bpa\u0161i modriem un gataviem r\u012bkoties.<\/p>\n<p>Seismisk\u0101 aktivit\u0101te un t\u0101s sekas<\/p>\n<p>Zemestr\u012bces epicentrs atradies net\u0101lu no Jap\u0101nas zieme\u013ciem, radot sp\u0113c\u012bgas vibr\u0101cijas, kas j\u016btamas pla\u0161\u0101 re\u0123ion\u0101. Seismologi uzsver, ka \u0161\u0101da magnit\u016bda var izrais\u012bt iev\u0113rojamas sekas, tostarp ar\u012b \u016bdens l\u012bme\u0146a izmai\u0146as oke\u0101n\u0101. T\u016bl\u012bt p\u0113c zemestr\u012bces tika aktiviz\u0113ti cunami br\u012bdin\u0101juma protokoli, mudinot cilv\u0113kus tuv\u0101kaj\u0101s piekrastes zon\u0101s mekl\u0113t augst\u0101kas vietas un sekot ofici\u0101laj\u0101m varasiest\u0101\u017eu nor\u0101d\u0113m.<\/p>\n<p>Cunami draudi un evaku\u0101cijas pas\u0101kumi<\/p>\n<p>Br\u012bdin\u0101jums par cunami ir izdots galvenok\u0101rt Jap\u0101nas zieme\u013cu krasta rajoniem, kur past\u0101v visliel\u0101kais risks. Varasiest\u0101des akt\u012bvi str\u0101d\u0101, lai inform\u0113tu sabiedr\u012bbu par potenci\u0101lajiem draudiem un organiz\u0113tu nepiecie\u0161am\u0101s evaku\u0101cijas pas\u0101kumus. Tiek l\u0113sts, ka cunami vi\u013c\u0146i var\u0113tu sasniegt vair\u0101ku metru augstumu, radot nopietnu b\u012bstam\u012bbu infrastrukt\u016brai un cilv\u0113ku dz\u012bv\u012bbai. Ir svar\u012bgi, lai ikviens, kur\u0161 atrodas potenci\u0101li apdraud\u0113taj\u0101 zon\u0101, nekav\u0113joties rea\u0123\u0113tu uz br\u012bdin\u0101jumiem un p\u0101rvietotos uz dro\u0161\u0101ku vietu.<\/p>\n<p>Iepriek\u0161\u0113j\u0101 pieredze un sagatavot\u012bba<\/p>\n<p>Jap\u0101na, k\u0101 valsts, kas atrodas uz seismiski akt\u012bva loka, ir labi paz\u012bstama ar zemestr\u012b\u010du un cunami draudiem. Iepriek\u0161\u0113j\u0101s katastrofas, piem\u0113ram, 2011. gada Tohoku zemestr\u012bce un tai sekojo\u0161ais cunami, ir atst\u0101ju\u0161as dzi\u013cas p\u0113das gan sabiedr\u012bbas apzi\u0146\u0101, gan infrastrukt\u016br\u0101. \u0160\u012bs pieredzes ir veicin\u0101ju\u0161as stingr\u0101ku dro\u0161\u012bbas pas\u0101kumu izstr\u0101di un iedz\u012bvot\u0101ju izgl\u012bto\u0161anu par r\u012bc\u012bbu kr\u012bzes situ\u0101cij\u0101s. Lai gan \u0161\u012b zemestr\u012bce ir nopietna, Jap\u0101nas sagatavot\u012bbas l\u012bmenis ir sal\u012bdzino\u0161i augsts.<\/p>\n<p>Starptautisk\u0101 pal\u012bdz\u012bba un seku nov\u0113rt\u0113jums<\/p>\n<p>\u0160obr\u012bd tiek veikta pla\u0161\u0101ka inform\u0101cijas v\u0101k\u0161ana par zemestr\u012bces rad\u012btajiem post\u012bjumiem un iesp\u0113jamiem upuriem. Starptautisk\u0101 sabiedr\u012bba ir gatava sniegt atbalstu, ja tas b\u016bs nepiecie\u0161ams. Fokuss ir uz cilv\u0113ku dro\u0161\u012bbas nodro\u0161in\u0101\u0161anu, gl\u0101b\u0161anas darbu organiz\u0113\u0161anu un infrastrukt\u016bras atjauno\u0161anu. Amatpersonas turpina uzraudz\u012bt situ\u0101ciju un sniegs jaun\u0101ko inform\u0101ciju sabiedr\u012bbai.<\/p>\n","protected":false},"excerpt":{"rendered":"Zieme\u013cjap\u0101nu satricina sp\u0113c\u012bga zemestr\u012bce, izdots cunami br\u012bdin\u0101jums Jap\u0101nas zieme\u013cu piekrasti piektdien, 14. decembr\u012b, ir satricin\u0101jusi sp\u0113c\u012bga 6,7 magnit\u016bdas&hellip;\n","protected":false},"author":2,"featured_media":75526,"comment_status":"","ping_status":"","sticky":false,"template":"","format":"standard","meta":{"footnotes":""},"categories":[14],"tags":[23,57,28,29,14074,19179,19180,32,33,22,446,30,31,35,39,38,36,37,34,40,20,26,27,24,25,54,55,56,3012,21,58],"class_list":{"0":"post-75525","1":"post","2":"type-post","3":"status-publish","4":"format-standard","5":"has-post-thumbnail","7":"category-zinas-no-arvalstim","8":"tag-aktualitates","9":"tag-arvalstim","10":"tag-breaking-news","11":"tag-breakingnews","12":"tag-bridinajums","13":"tag-cunami","14":"tag-dabas-katastrofa","15":"tag-featured-news","16":"tag-featurednews","17":"tag-headlines","18":"tag-japana","19":"tag-latest-news","20":"tag-latestnews","21":"tag-latvia","22":"tag-latvian","23":"tag-latviesu","24":"tag-latviesu-valoda","25":"tag-latviesuvaloda","26":"tag-latvija","27":"tag-lv","28":"tag-news","29":"tag-popularakas-zinas","30":"tag-popularakaszinas","31":"tag-top-stories","32":"tag-topstories","33":"tag-world","34":"tag-world-news","35":"tag-worldnews","36":"tag-zemestrice","37":"tag-zinas","38":"tag-zinas-no-arvalstim"},"share_on_mastodon":{"url":"https:\/\/pubeurope.com\/@lv\/115723940858486488","error":""},"_links":{"self":[{"href":"https:\/\/www.europesays.com\/lv\/wp-json\/wp\/v2\/posts\/75525","targetHints":{"allow":["GET"]}}],"collection":[{"href":"https:\/\/www.europesays.com\/lv\/wp-json\/wp\/v2\/posts"}],"about":[{"href":"https:\/\/www.europesays.com\/lv\/wp-json\/wp\/v2\/types\/post"}],"author":[{"embeddable":true,"href":"https:\/\/www.europesays.com\/lv\/wp-json\/wp\/v2\/users\/2"}],"replies":[{"embeddable":true,"href":"https:\/\/www.europesays.com\/lv\/wp-json\/wp\/v2\/comments?post=75525"}],"version-history":[{"count":0,"href":"https:\/\/www.europesays.com\/lv\/wp-json\/wp\/v2\/posts\/75525\/revisions"}],"wp:featuredmedia":[{"embeddable":true,"href":"https:\/\/www.europesays.com\/lv\/wp-json\/wp\/v2\/media\/75526"}],"wp:attachment":[{"href":"https:\/\/www.europesays.com\/lv\/wp-json\/wp\/v2\/media?parent=75525"}],"wp:term":[{"taxonomy":"category","embeddable":true,"href":"https:\/\/www.europesays.com\/lv\/wp-json\/wp\/v2\/categories?post=75525"},{"taxonomy":"post_tag","embeddable":true,"href":"https:\/\/www.europesays.com\/lv\/wp-json\/wp\/v2\/tags?post=75525"}],"curies":[{"name":"wp","href":"https:\/\/api.w.org\/{rel}","templated":true}]}}