{"id":75527,"date":"2025-12-15T14:04:08","date_gmt":"2025-12-15T14:04:08","guid":{"rendered":"https:\/\/www.europesays.com\/lv\/75527\/"},"modified":"2025-12-15T14:04:08","modified_gmt":"2025-12-15T14:04:08","slug":"13-turisti-pazudusi-oslankas-kalna-krievija-notiek-meklesana","status":"publish","type":"post","link":"https:\/\/www.europesays.com\/lv\/75527\/","title":{"rendered":"13 t\u016bristi pazudu\u0161i Os\u013cankas kaln\u0101 Krievij\u0101 \u2013 notiek mekl\u0113\u0161ana"},"content":{"rendered":"<p class=\"descr\">Ir uzs\u0101kta pla\u0161a m\u0113roga mekl\u0113\u0161anas oper\u0101cija. Net\u0101lu no Os\u013cankas kalna Permas novad\u0101, Gornozavodskas rajon\u0101, pazudusi 13 t\u016bristu grupa. Visi vi\u0146i bija Jekaterinburgas iedz\u012bvot\u0101ji, zi\u0146o Telegram.<\/p>\n<p>Grupai p\u0113c mar\u0161ruta neizdev\u0101s atgriezties nor\u0101d\u012btaj\u0101 tik\u0161an\u0101s viet\u0101. Draugu grupa 13.decembr\u012b dev\u0101s uz Os\u013cankas virsotni ar sniega motocikliem. P\u0113d\u0113jo reizi vi\u0146i sazin\u0101j\u0101s sestdien ap plkst. 16. Viens no grupas p\u0101rst\u0101vjiem inform\u0113ja sievu par veiksm\u012bgo uzk\u0101p\u0161anu. P\u0113c tam sakari ar grupu p\u0101rtr\u016bku\u0161i.<\/p>\n<p><a href=\"https:\/\/nra.lv\/birka\/turisti\/\" rel=\"nofollow noopener\" target=\"_blank\">T\u016bristu<\/a> pazu\u0161anas dien\u0101 kalnainaj\u0101 apvid\u016b bija nov\u0113rojams sniegputenis, slikta redzam\u012bba un temperat\u016bra zem nulles.<\/p>\n<p>Sniegputenis sare\u017e\u0123\u012b mekl\u0113\u0161anu: pazudu\u0161ajai grupai ir iesp\u0113ja nogaid\u012bt, l\u012bdz v\u0113tra norims.<\/p>\n<p>Mekl\u0113\u0161anas zon\u0101 jau otro dienu turpin\u0101s sp\u0113c\u012bgs <a href=\"https:\/\/nra.lv\/birka\/sniegputenis\/\" rel=\"nofollow noopener\" target=\"_blank\">sniegputenis<\/a>, redzam\u012bba ir samazin\u0101jusies l\u012bdz 10 metriem. Pazudus\u012b grupa, iesp\u0113jams, ir ier\u012bkojusi pagaidu nometni. Vi\u0146iem ir \u016bdens, p\u0101rtikas un degvielas kr\u0101jumi, un vi\u0146u apr\u012bkojums ir atbilsto\u0161s laika apst\u0101k\u013ciem, dodot vi\u0146iem iesp\u0113ju nogaid\u012bt, l\u012bdz v\u0113tra norims.<\/p>\n<p>P\u0113c aculiecinieku teikt\u0101, grupa, iesp\u0113jams, uzk\u0101pa virsotn\u0113 pa jau izveidotu taku net\u0101lu no Kurumnajas upes \u2014 ir pamats uzskat\u012bt, ka vi\u0146i patie\u0161\u0101m atrad\u0101s kaln\u0101. Vi\u0146u t\u0101l\u0101kais galam\u0113r\u0137is joproj\u0101m nav zin\u0101ms.<\/p>\n<p>Mar\u0161rut\u0101 dev\u0101s 15 cilv\u0113ki, un atgriez\u0101s tikai divi.<\/p>\n<p>\t\t\t\t\t\tinfo<\/p>\n<p>Uzzini pirmais<br \/>kas interesants noticis Latvij\u0101 un pasaul\u0113,<br \/>pievienojoties mums <a href=\"https:\/\/t.me\/neatkariga\" rel=\"nofollow\">Telegram<\/a> vai <a href=\"https:\/\/whatsapp.com\/channel\/0029VaMLFUH5K3zLU5s4wm3y\" rel=\"nofollow noopener\" target=\"_blank\">Whatsapp<\/a> kan\u0101l\u0101<\/p>\n","protected":false},"excerpt":{"rendered":"Ir uzs\u0101kta pla\u0161a m\u0113roga mekl\u0113\u0161anas oper\u0101cija. Net\u0101lu no Os\u013cankas kalna Permas novad\u0101, Gornozavodskas rajon\u0101, pazudusi 13 t\u016bristu grupa.&hellip;\n","protected":false},"author":2,"featured_media":75528,"comment_status":"","ping_status":"","sticky":false,"template":"","format":"standard","meta":{"footnotes":""},"categories":[14],"tags":[23,57,28,29,32,33,22,30,31,35,39,38,36,37,34,40,20,26,27,24,25,54,55,56,21,58],"class_list":{"0":"post-75527","1":"post","2":"type-post","3":"status-publish","4":"format-standard","5":"has-post-thumbnail","7":"category-zinas-no-arvalstim","8":"tag-aktualitates","9":"tag-arvalstim","10":"tag-breaking-news","11":"tag-breakingnews","12":"tag-featured-news","13":"tag-featurednews","14":"tag-headlines","15":"tag-latest-news","16":"tag-latestnews","17":"tag-latvia","18":"tag-latvian","19":"tag-latviesu","20":"tag-latviesu-valoda","21":"tag-latviesuvaloda","22":"tag-latvija","23":"tag-lv","24":"tag-news","25":"tag-popularakas-zinas","26":"tag-popularakaszinas","27":"tag-top-stories","28":"tag-topstories","29":"tag-world","30":"tag-world-news","31":"tag-worldnews","32":"tag-zinas","33":"tag-zinas-no-arvalstim"},"share_on_mastodon":{"url":"https:\/\/pubeurope.com\/@lv\/115723964513496577","error":""},"_links":{"self":[{"href":"https:\/\/www.europesays.com\/lv\/wp-json\/wp\/v2\/posts\/75527","targetHints":{"allow":["GET"]}}],"collection":[{"href":"https:\/\/www.europesays.com\/lv\/wp-json\/wp\/v2\/posts"}],"about":[{"href":"https:\/\/www.europesays.com\/lv\/wp-json\/wp\/v2\/types\/post"}],"author":[{"embeddable":true,"href":"https:\/\/www.europesays.com\/lv\/wp-json\/wp\/v2\/users\/2"}],"replies":[{"embeddable":true,"href":"https:\/\/www.europesays.com\/lv\/wp-json\/wp\/v2\/comments?post=75527"}],"version-history":[{"count":0,"href":"https:\/\/www.europesays.com\/lv\/wp-json\/wp\/v2\/posts\/75527\/revisions"}],"wp:featuredmedia":[{"embeddable":true,"href":"https:\/\/www.europesays.com\/lv\/wp-json\/wp\/v2\/media\/75528"}],"wp:attachment":[{"href":"https:\/\/www.europesays.com\/lv\/wp-json\/wp\/v2\/media?parent=75527"}],"wp:term":[{"taxonomy":"category","embeddable":true,"href":"https:\/\/www.europesays.com\/lv\/wp-json\/wp\/v2\/categories?post=75527"},{"taxonomy":"post_tag","embeddable":true,"href":"https:\/\/www.europesays.com\/lv\/wp-json\/wp\/v2\/tags?post=75527"}],"curies":[{"name":"wp","href":"https:\/\/api.w.org\/{rel}","templated":true}]}}