{"id":75543,"date":"2025-12-15T14:22:29","date_gmt":"2025-12-15T14:22:29","guid":{"rendered":"https:\/\/www.europesays.com\/lv\/75543\/"},"modified":"2025-12-15T14:22:29","modified_gmt":"2025-12-15T14:22:29","slug":"virdzinijas-dzerusais-jenots-tiek-turets-aizdomas-par-ielausanos-karate-veikala","status":"publish","type":"post","link":"https:\/\/www.europesays.com\/lv\/75543\/","title":{"rendered":"Vird\u017e\u012bnijas dz\u0113ru\u0161ais jenots tiek tur\u0113ts aizdom\u0101s par ielau\u0161anos karat\u0113 veikal\u0101"},"content":{"rendered":"<p>V\u0113l\u0101k vi\u0146a piebilda, ka past\u0101v iesp\u0113ja, ka agr\u0101k\u0101s ielau\u0161an\u0101s pastr\u0101d\u0101jis cits <a href=\"https:\/\/www.apollo.lv\/term\/600864\/jenots\" class=\"topicLink\" target=\"_blank\" rel=\"nofollow noopener\">jenots<\/a>, tom\u0113r amatpersonas \u0161o dz\u012bvnieku ir identific\u0113ju\u0161as k\u0101 galveno aizdom\u0101s turamo.<\/p>\n<p>Jenots, kuram tagad dots iesauka &#8220;piedz\u0113ries panda&#8221;, pirmoreiz tika atrasts bezsama\u0146\u0101 &#8220;Ashlandas&#8221; alkohola veikala tualet\u0113 divas dienas p\u0113c Pateic\u012bbas dienas. P\u0113c tam, kad vi\u0146\u0161 bija atskurbis, neparastais likump\u0101rk\u0101p\u0113js tika palaists atpaka\u013c savva\u013c\u0101.<\/p>\n<p>Jenoti ir paz\u012bstami ar ielau\u0161anos cilv\u0113ku atkritumu tvertn\u0113s, k\u0101 d\u0113\u013c tiem radusies iesauka &#8220;atkritumu panda&#8221;.<\/p>\n<p>Apgabals s\u0101cis tirgot kreklus ar uzrakstu &#8220;piedz\u0113ries panda&#8221; un l\u012bdz piektdienai sav\u0101cis iespaid\u012bgus 207 000 <a href=\"https:\/\/www.apollo.lv\/term\/555410\/asv\" class=\"topicLink\" target=\"_blank\" rel=\"nofollow noopener\">ASV<\/a> dol\u0101ru (155 000 m\u0101rci\u0146u). \u0160\u012b nauda tiks izmantota patversmes renov\u0101cijai un t\u0101s kapacit\u0101tes palielin\u0101\u0161anai, sac\u012bja M\u0101rtinas kundze.<\/p>\n<p>Amatpersonas st\u0101sta, ka mazais kung-fu &#8220;atkritumu panda&#8221; dz\u012bvoja savu lab\u0101ko dz\u012bvi, kad tika aiztur\u0113ts alkohola veikal\u0101, un nezaud\u0113ja mo\u017eumu.<\/p>\n<p>&#8220;Es vi\u0146u vienk\u0101r\u0161i ieliku tur un \u013c\u0101vu p\u0101ris stundas atp\u016bsties. Saule vi\u0146u sild\u012bja, t\u0101p\u0113c vi\u0146\u0161 jut\u0101s labi,&#8221; sac\u012bja M\u0101rtinas kundze, piebilstot, ka jenots tika palaists apm\u0113ram j\u016bdzes att\u0101lum\u0101 no iepirk\u0161an\u0101s centra. &#8220;Vi\u0146\u0161 neko sliktu neizdar\u012bja. Vi\u0146\u0161 vienk\u0101r\u0161i labi pavad\u012bja laiku.&#8221;<\/p>\n<p>&#8220;Katrs ir bijis \u0161\u0101d\u0101 situ\u0101cij\u0101,&#8221; vi\u0146a saka. &#8220;Katram ir gad\u012bjies iedzert par daudz, aizmigt pie tualetes poda un cer\u0113t, ka k\u0101ds no r\u012bta atn\u0101ks paka\u013c.&#8221;<\/p>\n<p>&#8220;Es ceru, ka vi\u0146\u0161 guva m\u0101c\u012bbu,&#8221; vi\u0146a sac\u012bja, pirms piebilda, ka past\u0101v liela iesp\u0113ja, ka dr\u012bzum\u0101 jenots atkal tiks pie\u0137erts k\u0101rt\u0113j\u0101 laup\u012b\u0161an\u0101.<\/p>\n<p>&#8220;Vi\u0146\u0161 atgriez\u012bsies. Vi\u0146\u0161 nav mu\u013c\u0137is.&#8221;<\/p>\n","protected":false},"excerpt":{"rendered":"V\u0113l\u0101k vi\u0146a piebilda, ka past\u0101v iesp\u0113ja, ka agr\u0101k\u0101s ielau\u0161an\u0101s pastr\u0101d\u0101jis cits jenots, tom\u0113r amatpersonas \u0161o dz\u012bvnieku ir identific\u0113ju\u0161as&hellip;\n","protected":false},"author":2,"featured_media":75544,"comment_status":"","ping_status":"","sticky":false,"template":"","format":"standard","meta":{"footnotes":""},"categories":[14],"tags":[23,57,292,28,29,32,33,22,19185,30,31,35,39,38,36,37,34,40,20,26,27,24,25,19184,54,55,56,21,58],"class_list":{"0":"post-75543","1":"post","2":"type-post","3":"status-publish","4":"format-standard","5":"has-post-thumbnail","7":"category-zinas-no-arvalstim","8":"tag-aktualitates","9":"tag-arvalstim","10":"tag-asv","11":"tag-breaking-news","12":"tag-breakingnews","13":"tag-featured-news","14":"tag-featurednews","15":"tag-headlines","16":"tag-jenots","17":"tag-latest-news","18":"tag-latestnews","19":"tag-latvia","20":"tag-latvian","21":"tag-latviesu","22":"tag-latviesu-valoda","23":"tag-latviesuvaloda","24":"tag-latvija","25":"tag-lv","26":"tag-news","27":"tag-popularakas-zinas","28":"tag-popularakaszinas","29":"tag-top-stories","30":"tag-topstories","31":"tag-veikals","32":"tag-world","33":"tag-world-news","34":"tag-worldnews","35":"tag-zinas","36":"tag-zinas-no-arvalstim"},"share_on_mastodon":{"url":"https:\/\/pubeurope.com\/@lv\/115724035343889328","error":""},"_links":{"self":[{"href":"https:\/\/www.europesays.com\/lv\/wp-json\/wp\/v2\/posts\/75543","targetHints":{"allow":["GET"]}}],"collection":[{"href":"https:\/\/www.europesays.com\/lv\/wp-json\/wp\/v2\/posts"}],"about":[{"href":"https:\/\/www.europesays.com\/lv\/wp-json\/wp\/v2\/types\/post"}],"author":[{"embeddable":true,"href":"https:\/\/www.europesays.com\/lv\/wp-json\/wp\/v2\/users\/2"}],"replies":[{"embeddable":true,"href":"https:\/\/www.europesays.com\/lv\/wp-json\/wp\/v2\/comments?post=75543"}],"version-history":[{"count":0,"href":"https:\/\/www.europesays.com\/lv\/wp-json\/wp\/v2\/posts\/75543\/revisions"}],"wp:featuredmedia":[{"embeddable":true,"href":"https:\/\/www.europesays.com\/lv\/wp-json\/wp\/v2\/media\/75544"}],"wp:attachment":[{"href":"https:\/\/www.europesays.com\/lv\/wp-json\/wp\/v2\/media?parent=75543"}],"wp:term":[{"taxonomy":"category","embeddable":true,"href":"https:\/\/www.europesays.com\/lv\/wp-json\/wp\/v2\/categories?post=75543"},{"taxonomy":"post_tag","embeddable":true,"href":"https:\/\/www.europesays.com\/lv\/wp-json\/wp\/v2\/tags?post=75543"}],"curies":[{"name":"wp","href":"https:\/\/api.w.org\/{rel}","templated":true}]}}