{"id":75551,"date":"2025-12-15T14:28:07","date_gmt":"2025-12-15T14:28:07","guid":{"rendered":"https:\/\/www.europesays.com\/lv\/75551\/"},"modified":"2025-12-15T14:28:07","modified_gmt":"2025-12-15T14:28:07","slug":"eirobarometrs-84-latvijas-iedzivotaji-kopuma-ir-apmierinati-ar-savu-dzivi","status":"publish","type":"post","link":"https:\/\/www.europesays.com\/lv\/75551\/","title":{"rendered":"&#8220;Eirobarometrs&#8221;: 84% Latvijas iedz\u012bvot\u0101ji kopum\u0101 ir apmierin\u0101ti ar savu dz\u012bvi"},"content":{"rendered":"<p>                        <img fetchpriority=\"high\" decoding=\"async\" width=\"735\" height=\"472\" src=\"https:\/\/www.europesays.com\/lv\/wp-content\/uploads\/2025\/12\/495110__5e55440e05f49.jpg\" alt=\"\" class=\"wp-image-1087199\" style=\"width:840px;height:auto\"  \/>Foto: Evija Trifanova\/LETA<\/p>\n<p>Liel\u0101k\u0101 da\u013ca jeb 84% Latvijas iedz\u012bvot\u0101ju ir apmierin\u0101ti ar savu dz\u012bvi, secin\u0101ts \u201cEirobarometra\u201d \u0161\u0101 gada ruden\u012b veiktaj\u0101 aptauj\u0101.<\/p>\n<p>Latvijas pilso\u0146u apmierin\u0101t\u012bba ar savu dz\u012bvi kopum\u0101 kop\u0161 2025. gada pavasara nav b\u016btiski main\u012bjusies.<\/p>\n<p>Latvijas iedz\u012bvot\u0101ju apmierin\u0101t\u012bbas r\u0101d\u012bt\u0101js ruden\u012b bija sal\u012bdzino\u0161i augsts un atbilda eiropie\u0161u kop\u0113jam v\u0113rt\u0113jumam \u2013 86% eiropie\u0161u ir nor\u0101d\u012bju\u0161i, ka ar savu dz\u012bvi kopum\u0101 j\u016btas apmierin\u0101ti. 84% ir atk\u0101rtots v\u0113sturiski augst\u0101kais r\u0101d\u012bt\u0101js starp Latvijas iedz\u012bvot\u0101jiem.<\/p>\n<p>L\u016bgti nor\u0101d\u012bt divas galven\u0101s probl\u0113mas, ar kur\u0101m saskaras Latvija, k\u0101 vienu no jom\u0101m sal\u012bdzino\u0161i visbie\u017e\u0101k Latvijas pilso\u0146i 2025. gada ruden\u012b min cenu pieaugumu jeb infl\u0101ciju un dz\u012bves d\u0101rdz\u012bbu (33%), savuk\u0101rt k\u0101 otru min divas jomas \u2013 vesel\u012bbas apr\u016bpi (23%) un ekonomisko situ\u0101ciju (22%).<\/p>\n<p>Eiropie\u0161u kop\u0113jais redz\u0113jums par galvenaj\u0101m probl\u0113m\u0101m vi\u0146u valst\u012bs ir l\u012bdz\u012bgs \u2013 teju tre\u0161\u0101 da\u013ca (31%) uzskata, ka galven\u0101 probl\u0113ma ir cenu pieaugums jeb infl\u0101cija un dz\u012bves d\u0101rdz\u012bba, un teju piekt\u0101 da\u013ca (19%) min, ka ekonomisk\u0101 situ\u0101cija ir galven\u0101s probl\u0113mas, ar kur\u0101m saskaras valstis Eiropas Savien\u012bb\u0101 (ES).<\/p>\n<p>K\u0101 galven\u0101s divas probl\u0113mas, ar kur\u0101m \u0161obr\u012bd saskaras ES, Latvijas pilso\u0146i ir nor\u0101d\u012bju\u0161i Krievijas iebrukumu Ukrain\u0101 (32%) un imigr\u0101ciju (27%). Kop\u0161 pavasara Latvijas pilso\u0146u ba\u017eas par imigr\u0101ciju k\u0101 vienu no galvenaj\u0101m probl\u0113m\u0101m ES ir pieaugu\u0161as par devi\u0146iem procentpunktiem kop\u0161 2025. gada pavasara, k\u0101 ar\u012b \u0161ogad pieaudzis to Latvijas pilso\u0146u \u012bpatsvars, kuri uzskata, ka viena no div\u0101m svar\u012bg\u0101kaj\u0101m probl\u0113m\u0101m, ar ko \u0161obr\u012bd saskaras ES, ir Krievijas iebrukums Ukrain\u0101 (+ 5 procentpunkti kop\u0161 2025. gada pavasara).<\/p>\n<p>Krievijas iebrukums Ukrain\u0101 (26%) un imigr\u0101cija (20%) ir ar\u012b eiropie\u0161u visbie\u017e\u0101k atz\u012bm\u0113t\u0101s divas svar\u012bg\u0101k\u0101s probl\u0113mas, ar kur\u0101m \u0161obr\u012bd saskaras ES. Tom\u0113r vid\u0113ji eiropie\u0161i kopum\u0101 Krievijas iebrukumu Ukrain\u0101 un imigr\u0101ciju, k\u0101 divas svar\u012bg\u0101k\u0101s probl\u0113mas, ar kuru \u0161obr\u012bd saskaras ES, ir atz\u012bm\u0113ju\u0161i iev\u0113rojami ret\u0101k nek\u0101 Latvijas pilso\u0146i.<\/p>\n<p>Aptauj\u0101 secin\u0101ts, ka kop\u0161 pavasara Latvijas pilso\u0146u uztic\u0113\u0161an\u0101s ES ir saglab\u0101jusies nemain\u012bga, katrs otrais (55%) Latvijas pilsonis 2025. gada ruden\u012b dr\u012bz\u0101k uzticas ES.<\/p>\n<p>Eiropie\u0161u uztic\u0113\u0161an\u0101s ES kopum\u0101 ir zem\u0101ka nek\u0101 Latvij\u0101 \u2013 48% eiropie\u0161u tai dr\u012bz\u0101k uzticas un, pret\u0113ji tendenc\u0113m Latvij\u0101, eiropie\u0161u \u012bpatsvars, kuri uzticas ES, pusgada laik\u0101 ir noz\u012bm\u012bgi samazin\u0101jies \u2013 par 4 procentpunktiem kop\u0161 2025. gada pavasara).<\/p>\n<p>Augst\u0101kais uztic\u0113\u0161an\u0101s ES l\u012bmenis ir Portug\u0101l\u0113, kur ES dr\u012bz\u0101k uzticas vair\u0101kums (71%) pilso\u0146u, savuk\u0101rt zem\u0101kais \u2013 Francij\u0101, tur ES 2025. gada ruden\u012b dr\u012bz\u0101k uzticas ceturt\u0101 da\u013ca (27%) pilso\u0146u<\/p>\n<p>Aptaujas m\u0113r\u0137is ir nov\u0113rt\u0113t ES pilso\u0146u, kas dz\u012bvo 27 ES dal\u012bbvalst\u012bs, k\u0101 ar\u012b pilso\u0146u, kas dz\u012bvo pa\u0161reiz\u0113j\u0101s kandid\u0101tvalst\u012bs un iesp\u0113jam\u0101s kandid\u0101tvalst\u012bs (iz\u0146emot Ukrainu) un Lielbrit\u0101nij\u0101, viedok\u013cus. Aptauja tika veikta laik\u0101 no 2025. gada 9. oktobra l\u012bdz 29. oktobrim.<\/p>\n","protected":false},"excerpt":{"rendered":"Foto: Evija Trifanova\/LETA Liel\u0101k\u0101 da\u013ca jeb 84% Latvijas iedz\u012bvot\u0101ju ir apmierin\u0101ti ar savu dz\u012bvi, secin\u0101ts \u201cEirobarometra\u201d \u0161\u0101 gada&hellip;\n","protected":false},"author":2,"featured_media":75552,"comment_status":"","ping_status":"","sticky":false,"template":"","format":"standard","meta":{"footnotes":""},"categories":[14],"tags":[23,57,28,29,32,33,22,30,31,35,39,38,36,37,34,40,20,26,27,24,25,54,55,56,21,58],"class_list":{"0":"post-75551","1":"post","2":"type-post","3":"status-publish","4":"format-standard","5":"has-post-thumbnail","7":"category-zinas-no-arvalstim","8":"tag-aktualitates","9":"tag-arvalstim","10":"tag-breaking-news","11":"tag-breakingnews","12":"tag-featured-news","13":"tag-featurednews","14":"tag-headlines","15":"tag-latest-news","16":"tag-latestnews","17":"tag-latvia","18":"tag-latvian","19":"tag-latviesu","20":"tag-latviesu-valoda","21":"tag-latviesuvaloda","22":"tag-latvija","23":"tag-lv","24":"tag-news","25":"tag-popularakas-zinas","26":"tag-popularakaszinas","27":"tag-top-stories","28":"tag-topstories","29":"tag-world","30":"tag-world-news","31":"tag-worldnews","32":"tag-zinas","33":"tag-zinas-no-arvalstim"},"share_on_mastodon":{"url":"https:\/\/pubeurope.com\/@lv\/115724059004766209","error":""},"_links":{"self":[{"href":"https:\/\/www.europesays.com\/lv\/wp-json\/wp\/v2\/posts\/75551","targetHints":{"allow":["GET"]}}],"collection":[{"href":"https:\/\/www.europesays.com\/lv\/wp-json\/wp\/v2\/posts"}],"about":[{"href":"https:\/\/www.europesays.com\/lv\/wp-json\/wp\/v2\/types\/post"}],"author":[{"embeddable":true,"href":"https:\/\/www.europesays.com\/lv\/wp-json\/wp\/v2\/users\/2"}],"replies":[{"embeddable":true,"href":"https:\/\/www.europesays.com\/lv\/wp-json\/wp\/v2\/comments?post=75551"}],"version-history":[{"count":0,"href":"https:\/\/www.europesays.com\/lv\/wp-json\/wp\/v2\/posts\/75551\/revisions"}],"wp:featuredmedia":[{"embeddable":true,"href":"https:\/\/www.europesays.com\/lv\/wp-json\/wp\/v2\/media\/75552"}],"wp:attachment":[{"href":"https:\/\/www.europesays.com\/lv\/wp-json\/wp\/v2\/media?parent=75551"}],"wp:term":[{"taxonomy":"category","embeddable":true,"href":"https:\/\/www.europesays.com\/lv\/wp-json\/wp\/v2\/categories?post=75551"},{"taxonomy":"post_tag","embeddable":true,"href":"https:\/\/www.europesays.com\/lv\/wp-json\/wp\/v2\/tags?post=75551"}],"curies":[{"name":"wp","href":"https:\/\/api.w.org\/{rel}","templated":true}]}}