{"id":7557,"date":"2025-09-29T06:47:09","date_gmt":"2025-09-29T06:47:09","guid":{"rendered":"https:\/\/www.europesays.com\/lv\/7557\/"},"modified":"2025-09-29T06:47:09","modified_gmt":"2025-09-29T06:47:09","slug":"apprecejusies-muzikas-zvaigzne-selena-gomesa","status":"publish","type":"post","link":"https:\/\/www.europesays.com\/lv\/7557\/","title":{"rendered":"Apprec\u0113jusies m\u016bzikas zvaigzne Sel\u0113na Gomesa"},"content":{"rendered":"<p>Aizvad\u012btaj\u0101 sestdien\u0101, 27. septembr\u012b, laul\u012bbu ost\u0101 iest\u016br\u0113jusi ASV m\u016bzikas zvaigzne un aktrise Sel\u0113na Gomesa. Vi\u0146a mijusi gredzenus ar amerik\u0101\u0146u m\u016bzikas producentu Beniju Blanco.<\/p>\n<p>P\u0101ris par priec\u012bgo notikumu pav\u0113st\u012bjis Instagram, public\u0113jot fotogr\u0101fijas no k\u0101zu dienas.<\/p>\n<p><\/p>\n<p>Gomesa bija t\u0113rpusies balt\u0101 halter tipa k\u0101zu kleit\u0101 ar ziedu rot\u0101jumiem, bet Blanco bija \u0123\u0113rbies smoking\u0101 \u2013 abi ap\u0123\u0113rbi bija pas\u016bt\u012bti pie Ralph Lauren, zi\u0146o medijs &#8220;The Guardian&#8221;.<\/p>\n<p>K\u0101 zin\u0101ms \u2013 par savu saderin\u0101\u0161anos p\u0101ris pazi\u0146oja 2024. gada decembr\u012b.<\/p>\n<p>2023. gada decembr\u012b Sel\u0113na Gomesa un Benijs Blanco publiski inform\u0113ja par sav\u0101m attiec\u012bb\u0101m, un Gomesa nosauca Blanco par &#8220;lab\u0101ko, kas [vi\u0146ai] jebkad ir noticis&#8221;. Pirms pazi\u0146ojuma pasaulei p\u0101ris bija kop\u0101 aptuveni se\u0161us m\u0113ne\u0161us.<\/p>\n<p><img decoding=\"async\" src=\"https:\/\/www.europesays.com\/lv\/wp-content\/uploads\/2025\/09\/1aa7eb8d012b9f43131182f84c7148df.jpg\" title=\"Foto: itsbennyblanco\/ Instagram\" alt=\"Foto: itsbennyblanco\/ Instagram\"\/><\/p>\n<p class=\"article-img-desc\">Foto: itsbennyblanco\/ Instagram<\/p>\n","protected":false},"excerpt":{"rendered":"Aizvad\u012btaj\u0101 sestdien\u0101, 27. septembr\u012b, laul\u012bbu ost\u0101 iest\u016br\u0113jusi ASV m\u016bzikas zvaigzne un aktrise Sel\u0113na Gomesa. Vi\u0146a mijusi gredzenus ar&hellip;\n","protected":false},"author":2,"featured_media":7558,"comment_status":"","ping_status":"","sticky":false,"template":"","format":"standard","meta":{"footnotes":""},"categories":[19],"tags":[129,1776,1692,3189,89,90,35,39,38,36,37,34,40,1777,3190,1693,1778,3191,1694],"class_list":{"0":"post-7557","1":"post","2":"type-post","3":"status-publish","4":"format-standard","5":"has-post-thumbnail","7":"category-izklaide","8":"tag-__typenameadvicekeyword","9":"tag-id1173","10":"tag-id456","11":"tag-id855","12":"tag-entertainment","13":"tag-izklaide","14":"tag-latvia","15":"tag-latvian","16":"tag-latviesu","17":"tag-latviesu-valoda","18":"tag-latviesuvaloda","19":"tag-latvija","20":"tag-lv","21":"tag-slugattiecibas","22":"tag-slugselena-gomesa","23":"tag-slugwedding","24":"tag-titleattiecibas","25":"tag-titleselena-gomesa","26":"tag-titlewedding"},"share_on_mastodon":{"url":"","error":""},"_links":{"self":[{"href":"https:\/\/www.europesays.com\/lv\/wp-json\/wp\/v2\/posts\/7557","targetHints":{"allow":["GET"]}}],"collection":[{"href":"https:\/\/www.europesays.com\/lv\/wp-json\/wp\/v2\/posts"}],"about":[{"href":"https:\/\/www.europesays.com\/lv\/wp-json\/wp\/v2\/types\/post"}],"author":[{"embeddable":true,"href":"https:\/\/www.europesays.com\/lv\/wp-json\/wp\/v2\/users\/2"}],"replies":[{"embeddable":true,"href":"https:\/\/www.europesays.com\/lv\/wp-json\/wp\/v2\/comments?post=7557"}],"version-history":[{"count":0,"href":"https:\/\/www.europesays.com\/lv\/wp-json\/wp\/v2\/posts\/7557\/revisions"}],"wp:featuredmedia":[{"embeddable":true,"href":"https:\/\/www.europesays.com\/lv\/wp-json\/wp\/v2\/media\/7558"}],"wp:attachment":[{"href":"https:\/\/www.europesays.com\/lv\/wp-json\/wp\/v2\/media?parent=7557"}],"wp:term":[{"taxonomy":"category","embeddable":true,"href":"https:\/\/www.europesays.com\/lv\/wp-json\/wp\/v2\/categories?post=7557"},{"taxonomy":"post_tag","embeddable":true,"href":"https:\/\/www.europesays.com\/lv\/wp-json\/wp\/v2\/tags?post=7557"}],"curies":[{"name":"wp","href":"https:\/\/api.w.org\/{rel}","templated":true}]}}