{"id":75585,"date":"2025-12-15T15:10:11","date_gmt":"2025-12-15T15:10:11","guid":{"rendered":"https:\/\/www.europesays.com\/lv\/75585\/"},"modified":"2025-12-15T15:10:11","modified_gmt":"2025-12-15T15:10:11","slug":"krievijas-armijas-vadiba-histerija-pokrovkas-un-kupjanskas-fiasko","status":"publish","type":"post","link":"https:\/\/www.europesays.com\/lv\/75585\/","title":{"rendered":"Krievijas armijas vad\u012bb\u0101 hist\u0113rija: Pokrovkas un Kupjanskas fiasko"},"content":{"rendered":"<p class=\"descr\">Bargs r\u0101jiens par neveiksm\u0113m Pokrovk\u0101 un Kupjansk\u0101 tika izteikts Gerasimovam. Virsnieki nobiju\u0161ies, ka paaugstin\u0101juma viet\u0101 var zad\u0113t savas &#8220;zvaigznes&#8221;, zi\u0146o &#8220;dialog.ua.&#8221;<\/p>\n<p>15. decembr\u012b k\u013cuva zin\u0101ms, ka daudziem Krievijas Bru\u0146oto sp\u0113ku \u0122ener\u0101l\u0161t\u0101ba virsniekiem esot &#8220;hist\u0113rijas&#8221; paz\u012bmes, kas saist\u012btas ar Krievijas karasp\u0113ka neveiksm\u0113m div\u0101s kritisk\u0101s oper\u0101cij\u0101s: Pokrovskas ie\u0146em\u0161an\u0101 un Kupjanskas okup\u0101cij\u0101.<\/p>\n<p>K\u0101 v\u0113sta &#8220;dialog.ua&#8221;, \u0161\u012bs divas oper\u0101cijas ar veiksm\u012bgu izn\u0101kumu bija paredz\u0113tas k\u0101 Jaungada d\u0101vana <a href=\"https:\/\/nra.lv\/pasaule\/507392-putinam-stasta-pasakas-krievijas-propagandisti-atmasko-generalstaba-prieksnieku-gerasimovu.htm\" data-item-link=\"true\" data-item-id=\"507392\" rel=\"nofollow noopener\" target=\"_blank\">vadonim Putinam<\/a>, ta\u010du d\u0101vana nav izdevsies.<\/p>\n<p>P\u0113c Centra sp\u0113ku grupas virsnieku partiz\u0101nu kust\u012bbas &#8220;Ate\u0161&#8221; a\u0123enta teikt\u0101, \u0161\u012bs neveiksmes ir rad\u012bju\u0161as nopietnas \u0161aubas par Krievijas Bru\u0146oto sp\u0113ku \u0122ener\u0101l\u0161t\u0101ba priek\u0161nieka Val\u0113rija Gerasimova sp\u0113j\u0101m.<\/p>\n<p>Augst\u0101k\u0101 milit\u0101r\u0101 vad\u012bba tikai arvien vair\u0101k cen\u0161as piel\u0101got faktiskos rezult\u0101tus front\u0113 saviem nere\u0101lajiem zi\u0146ojumiem, un, lai to pan\u0101ktu, vi\u0146i regul\u0101ri iesaista arvien vair\u0101k Krievijas karav\u012bru &#8220;ga\u013cas uzbrukumos&#8221;, t\u0101 teikt, m\u0113\u0123inot sal\u0101got m\u0113r\u0137us ar realit\u0101ti.<\/p>\n<p>14. decembr\u012b internet\u0101 par\u0101d\u012bj\u0101s jauns video, kur\u0101 redzama Krievijas armijas konvoja izn\u012bcin\u0101\u0161ana. C\u012b\u0146as notika Pokrovsk\u0101 un Gri\u0161ino. Ukrainas bru\u0146otie sp\u0113ki guva uzvaru abos aizsardz\u012bbas sektoros.<\/p>\n<p>\t\t\t\t\t\tinfo<\/p>\n<p>Uzzini pirmais<br \/>kas interesants noticis Latvij\u0101 un pasaul\u0113,<br \/>pievienojoties mums <a href=\"https:\/\/t.me\/neatkariga\" rel=\"nofollow\">Telegram<\/a> vai <a href=\"https:\/\/whatsapp.com\/channel\/0029VaMLFUH5K3zLU5s4wm3y\" rel=\"nofollow noopener\" target=\"_blank\">Whatsapp<\/a> kan\u0101l\u0101<\/p>\n","protected":false},"excerpt":{"rendered":"Bargs r\u0101jiens par neveiksm\u0113m Pokrovk\u0101 un Kupjansk\u0101 tika izteikts Gerasimovam. Virsnieki nobiju\u0161ies, ka paaugstin\u0101juma viet\u0101 var zad\u0113t savas&hellip;\n","protected":false},"author":2,"featured_media":75586,"comment_status":"","ping_status":"","sticky":false,"template":"","format":"standard","meta":{"footnotes":""},"categories":[14],"tags":[23,57,28,29,32,33,22,30,31,35,39,38,36,37,34,40,20,26,27,24,25,54,55,56,21,58],"class_list":{"0":"post-75585","1":"post","2":"type-post","3":"status-publish","4":"format-standard","5":"has-post-thumbnail","7":"category-zinas-no-arvalstim","8":"tag-aktualitates","9":"tag-arvalstim","10":"tag-breaking-news","11":"tag-breakingnews","12":"tag-featured-news","13":"tag-featurednews","14":"tag-headlines","15":"tag-latest-news","16":"tag-latestnews","17":"tag-latvia","18":"tag-latvian","19":"tag-latviesu","20":"tag-latviesu-valoda","21":"tag-latviesuvaloda","22":"tag-latvija","23":"tag-lv","24":"tag-news","25":"tag-popularakas-zinas","26":"tag-popularakaszinas","27":"tag-top-stories","28":"tag-topstories","29":"tag-world","30":"tag-world-news","31":"tag-worldnews","32":"tag-zinas","33":"tag-zinas-no-arvalstim"},"share_on_mastodon":{"url":"https:\/\/pubeurope.com\/@lv\/115724224100592577","error":""},"_links":{"self":[{"href":"https:\/\/www.europesays.com\/lv\/wp-json\/wp\/v2\/posts\/75585","targetHints":{"allow":["GET"]}}],"collection":[{"href":"https:\/\/www.europesays.com\/lv\/wp-json\/wp\/v2\/posts"}],"about":[{"href":"https:\/\/www.europesays.com\/lv\/wp-json\/wp\/v2\/types\/post"}],"author":[{"embeddable":true,"href":"https:\/\/www.europesays.com\/lv\/wp-json\/wp\/v2\/users\/2"}],"replies":[{"embeddable":true,"href":"https:\/\/www.europesays.com\/lv\/wp-json\/wp\/v2\/comments?post=75585"}],"version-history":[{"count":0,"href":"https:\/\/www.europesays.com\/lv\/wp-json\/wp\/v2\/posts\/75585\/revisions"}],"wp:featuredmedia":[{"embeddable":true,"href":"https:\/\/www.europesays.com\/lv\/wp-json\/wp\/v2\/media\/75586"}],"wp:attachment":[{"href":"https:\/\/www.europesays.com\/lv\/wp-json\/wp\/v2\/media?parent=75585"}],"wp:term":[{"taxonomy":"category","embeddable":true,"href":"https:\/\/www.europesays.com\/lv\/wp-json\/wp\/v2\/categories?post=75585"},{"taxonomy":"post_tag","embeddable":true,"href":"https:\/\/www.europesays.com\/lv\/wp-json\/wp\/v2\/tags?post=75585"}],"curies":[{"name":"wp","href":"https:\/\/api.w.org\/{rel}","templated":true}]}}