{"id":75613,"date":"2025-12-15T15:30:13","date_gmt":"2025-12-15T15:30:13","guid":{"rendered":"https:\/\/www.europesays.com\/lv\/75613\/"},"modified":"2025-12-15T15:30:13","modified_gmt":"2025-12-15T15:30:13","slug":"apgabaltiesa-kukulosana-apsudzetajam-magonim-piemero-cietumsodu-osinovskim-naudas-sodu-precizets-raksts","status":"publish","type":"post","link":"https:\/\/www.europesays.com\/lv\/75613\/","title":{"rendered":"Apgabaltiesa kuku\u013co\u0161an\u0101 aps\u016bdz\u0113tajam Magonim piem\u0113ro cietumsodu, Osinovskim \u2013 naudas sodu (preciz\u0113ts) \/ Raksts"},"content":{"rendered":"<p>\n                        \u0160odien, 16:27                    <\/p>\n<p>\n                            Papildin\u0101ts \u0161odien, 17:09                        <\/p>\n<p>R\u012bgas apgabaltiesa pirmdien &#8220;Latvijas dzelzce\u013ca&#8221; (LDz) biju\u0161o valdes priek\u0161s\u0113d\u0113t\u0101ju U\u0123i Magoni un uz\u0146\u0113m\u0113ju O\u013cegu Osinovski atzina par vain\u012bgiem kuku\u013cdo\u0161anas krimin\u0101lliet\u0101 izvirz\u012btaj\u0101s aps\u016bdz\u012bb\u0101s.<\/p>\n<p class=\"note__heading\">Zi\u0146a preciz\u0113ta!<\/p>\n<p>Zi\u0146\u0101 preciz\u0113ts uz\u0146\u0113m\u0113jam O\u013cegam Osinovskim piespriestais sods.<\/p>\n<p>Vidzemes rajona tiesa iepriek\u0161 abus aps\u016bdz\u0113tos piln\u012bb\u0101 attaisnoja, ta\u010du prokurat\u016bra par \u0161o spriedumu iesniedza apel\u0101cijas protestu.<\/p>\n<p>R\u012bgas apgabaltiesas Krimin\u0101llietu tiesas kol\u0113\u0123ija, izskatot lietu apel\u0101cijas protesta robe\u017e\u0101s, atzina, ka prokurora apel\u0101cijas instances ties\u0101 uztur\u0113t\u0101 aps\u016bdz\u012bba ir pamatota. Tiesa secin\u0101ja, ka Magonis pie\u0146\u0113ma Osinovska doto kukuli.<\/p>\n<p>Apel\u0101cijas instances tiesa Magonim un Osinovskim piesprieda br\u012bv\u012bbas at\u0146em\u0161anas sodus\u00a0\u2013 Magonim tr\u012bs gadus, bet Osinovskim divus gadus un desmit m\u0113ne\u0161us. Vienlaikus tiesa konstat\u0113ja, ka krimin\u0101lproces\u0101 netika iev\u0113rotas abu ties\u012bbas uz krimin\u0101lprocesa pabeig\u0161anu sapr\u0101t\u012bg\u0101 termi\u0146\u0101.<\/p>\n<p>\u0145emot to v\u0113r\u0101,<\/p>\n<blockquote>\n<p>tiesa Magonim m\u012bkstin\u0101ja piespriesto br\u012bv\u012bbas at\u0146em\u0161anas sodu uz diviem gadiem un se\u0161iem m\u0113ne\u0161iem, savuk\u0101rt Osinovskim noteica viegl\u0101ku soda veidu \u2013 151 700 eiro naudas sodu<\/p>\n<\/blockquote>\n<p>vai\u00a0205 minim\u0101l\u0101s m\u0113ne\u0161algas.<\/p>\n<p>T\u0101pat tiesa Magonim piesprieda papildsodu \u2013 da\u013c\u0113ju mantas konfisk\u0101ciju, konfisc\u0113jot vi\u0146am piedero\u0161o transportl\u012bdzekli &#8220;Mercedes Benz&#8221;, k\u0101 ar\u012b naudu vair\u0101k nek\u0101 800 000 eiro un tr\u012bs rokas pulkste\u0146us. Savuk\u0101rt Osinovskim tiesa piesprieda papildsodu\u00a0\u2013 aizliegumu piedal\u012bties valsts un pa\u0161vald\u012bbu un to uz\u0146\u0113mumu r\u012bkotajos publiskajos iepirkumos jebk\u0101d\u0101 status\u0101 uz trim gadiem.<\/p>\n<p>Tiesa ar\u012b l\u0113ma konfisc\u0113t noziedz\u012bgi ieg\u016btu mantu\u00a0\u2013 499 500 eiro kukuli\u00a0\u2013 , ko ieskait\u012bs valsts bud\u017eet\u0101.<\/p>\n<p>Pilns apel\u0101cijas instances tiesas spriedums ar izv\u0113rstu mot\u012bvu da\u013cu tiks sagatavots likum\u0101 noteiktaj\u0101 termi\u0146\u0101.<\/p>\n<p>Apel\u0101cijas instances tiesas spriedums ir p\u0101rs\u016bdzams kas\u0101cijas k\u0101rt\u012bb\u0101 Augst\u0101kaj\u0101 ties\u0101.<\/p>\n<p>            <img decoding=\"async\" src=\"https:\/\/www.europesays.com\/lv\/wp-content\/uploads\/2025\/12\/s9i3.jpg\" alt=\"Spriedumu kl\u0101tien\u0113 noklaus\u012bj\u0101s U\u0123is Magonis, bet O\u013cegs Osinovskis nebija ieradies uz sprieduma pazi\u0146...\"\/><\/p>\n<p>Spriedumu kl\u0101tien\u0113 noklaus\u012bj\u0101s U\u0123is Magonis, bet O\u013cegs Osinovskis nebija ieradies uz sprieduma pazi\u0146o\u0161anu.<\/p>\n<p>Foto: Linda Spundi\u0146a \/ Latvijas Telev\u012bzija<\/p>\n<\/p>\n<p>KONTEKSTS:<\/p>\n<p>Korupcijas nov\u0113r\u0161anas un apkaro\u0161anas birojs\u00a02015. gad\u0101\u00a0<a data-id=\"140967\" data-type=\"article\" href=\"https:\/\/www.lsm.lv\/lv\/raksts\/latvija\/zinas\/knab-magoni-tur-aizdomas-par-pusmiljona-eiro-kukula-pienemsanu.a140967\/\" class=\"lsm-link\" rel=\"nofollow noopener\" target=\"_blank\">aiztur\u0113ja<\/a>\u00a0Magoni ar gandr\u012bz pusmiljonu eiro skaidr\u0101 naud\u0101, ko vi\u0146am tikko iedevis Osinovskis.\u00a0<\/p>\n<p>Aps\u016bdz\u012bbas pamat\u0101 Magonim ir divu darb\u012bbu kopums, proti, prokurat\u016bra uzskata, ka vi\u0146am 2015. gada vasar\u0101 nodota nauda, lai sekm\u0113tu, ka &#8220;LDz&#8221; meitas sabiedr\u012bba SIA &#8220;LDz rito\u0161\u0101 sast\u0101va serviss&#8221; iepirktu no uz\u0146\u0113m\u0113jam Osinovskim piedero\u0161\u0101s AS &#8220;Skinest Rail&#8221; \u010detras d\u012bze\u013clokomot\u012bves.<\/p>\n<p>T\u0101pat prokurat\u016bra uzskata, ka Magonis apsol\u012bjis tikties ar toreiz\u0113jo &#8220;Krievijas dzelzce\u013ca&#8221; prezidentu Vladimiru Jaku\u0146inu un pan\u0101kt labv\u0113l\u012bga l\u0113muma pie\u0146em\u0161anu Osinovska interes\u0113s, proti, lai Krievijas lokomot\u012bves tiktu remont\u0113tas Daugavpils r\u016bpn\u012bc\u0101. Kop\u0113j\u0101 kuku\u013ca summa bijusi aptuveni pusmiljons eiro, uzskata prokurat\u016bra.<\/p>\n<p>                    Valodas k\u013c\u016bda rakst\u0101?<\/p>\n<p class=\"d-none d-md-block\">Iez\u012bm\u0113jiet tekstu un spiediet Ctrl+Enter, lai nos\u016bt\u012btu labojamo teksta fragmentu redaktoram! Par faktu k\u013c\u016bd\u0101m l\u016bdzam zi\u0146ot e-past\u0101 <a href=\"https:\/\/www.lsm.lv\/cdn-cgi\/l\/email-protection\" class=\"__cf_email__\" data-cfemail=\"27554243464c444e4d46674b544a094b51\" rel=\"nofollow noopener\" target=\"_blank\">[email\u00a0protected]<\/a>.<\/p>\n<p class=\"d-md-none\">Iez\u012bm\u0113jiet tekstu un spiediet uz Zi\u0146ot par k\u013c\u016bdu pogas, lai nos\u016bt\u012btu labojamo teksta fragmentu redaktoram!<\/p>\n<p>\n                    Zi\u0146ot par k\u013c\u016bdu\n                <\/p>\n","protected":false},"excerpt":{"rendered":"\u0160odien, 16:27 Papildin\u0101ts \u0161odien, 17:09 R\u012bgas apgabaltiesa pirmdien &#8220;Latvijas dzelzce\u013ca&#8221; (LDz) biju\u0161o valdes priek\u0161s\u0113d\u0113t\u0101ju U\u0123i Magoni un uz\u0146\u0113m\u0113ju&hellip;\n","protected":false},"author":2,"featured_media":75612,"comment_status":"","ping_status":"","sticky":false,"template":"","format":"standard","meta":{"footnotes":""},"categories":[5],"tags":[23,28,29,32,33,22,30,31,35,39,38,36,37,34,40,20,26,27,24,25,21],"class_list":{"0":"post-75613","1":"post","2":"type-post","3":"status-publish","4":"format-standard","5":"has-post-thumbnail","7":"category-aktualitates","8":"tag-aktualitates","9":"tag-breaking-news","10":"tag-breakingnews","11":"tag-featured-news","12":"tag-featurednews","13":"tag-headlines","14":"tag-latest-news","15":"tag-latestnews","16":"tag-latvia","17":"tag-latvian","18":"tag-latviesu","19":"tag-latviesu-valoda","20":"tag-latviesuvaloda","21":"tag-latvija","22":"tag-lv","23":"tag-news","24":"tag-popularakas-zinas","25":"tag-popularakaszinas","26":"tag-top-stories","27":"tag-topstories","28":"tag-zinas"},"share_on_mastodon":{"url":"https:\/\/pubeurope.com\/@lv\/115724302759861241","error":""},"_links":{"self":[{"href":"https:\/\/www.europesays.com\/lv\/wp-json\/wp\/v2\/posts\/75613","targetHints":{"allow":["GET"]}}],"collection":[{"href":"https:\/\/www.europesays.com\/lv\/wp-json\/wp\/v2\/posts"}],"about":[{"href":"https:\/\/www.europesays.com\/lv\/wp-json\/wp\/v2\/types\/post"}],"author":[{"embeddable":true,"href":"https:\/\/www.europesays.com\/lv\/wp-json\/wp\/v2\/users\/2"}],"replies":[{"embeddable":true,"href":"https:\/\/www.europesays.com\/lv\/wp-json\/wp\/v2\/comments?post=75613"}],"version-history":[{"count":0,"href":"https:\/\/www.europesays.com\/lv\/wp-json\/wp\/v2\/posts\/75613\/revisions"}],"wp:featuredmedia":[{"embeddable":true,"href":"https:\/\/www.europesays.com\/lv\/wp-json\/wp\/v2\/media\/75612"}],"wp:attachment":[{"href":"https:\/\/www.europesays.com\/lv\/wp-json\/wp\/v2\/media?parent=75613"}],"wp:term":[{"taxonomy":"category","embeddable":true,"href":"https:\/\/www.europesays.com\/lv\/wp-json\/wp\/v2\/categories?post=75613"},{"taxonomy":"post_tag","embeddable":true,"href":"https:\/\/www.europesays.com\/lv\/wp-json\/wp\/v2\/tags?post=75613"}],"curies":[{"name":"wp","href":"https:\/\/api.w.org\/{rel}","templated":true}]}}