{"id":75620,"date":"2025-12-15T15:36:08","date_gmt":"2025-12-15T15:36:08","guid":{"rendered":"https:\/\/www.europesays.com\/lv\/75620\/"},"modified":"2025-12-15T15:36:08","modified_gmt":"2025-12-15T15:36:08","slug":"es-daru-to-ko-velos-un-jutu-lr2-latvijas-radio","status":"publish","type":"post","link":"https:\/\/www.europesays.com\/lv\/75620\/","title":{"rendered":"es daru to, ko v\u0113los un j\u016btu \/ LR2 \/ \/ Latvijas Radio"},"content":{"rendered":"<p style=\"text-align: justify;\">Lai ar\u012b Nikola Negorod kont\u0101 ir vair\u0101ki ritmisk\u0101s elektronisk\u0101s m\u016bzikas albumi, vi\u0146a pirm\u0101 vieso\u0161an\u0101s &#8220;NeForm\u0101t\u0101&#8221; notiek ar nule k\u0101 izdoto tum\u0161\u0101 ambienta albumu &#8220;Takes&#8221;, ar ko m\u016bzi\u0137is atvad\u0101s no ierast\u0101 skan\u0113juma:<\/p>\n<blockquote><p>&#13;<\/p>\n<p style=\"text-align: justify;\">Es sapratu, ka vairs negribu atk\u0101rtoties, jo es jau biju nog\u0101jis to ce\u013cu &#8220;melodija &#8211; harmonija &#8211; ritms &#8211; intro &#8211; outro&#8221;, kas atk\u0101rtojas n\u0101kamaj\u0101 trek\u0101.<\/p>\n<p>&#13;<br \/>\n&#13;<\/p>\n<p style=\"text-align: justify;\">Es biju noguris no \u0161\u012b skan\u0113juma un grib\u0113ju atv\u0113rt jaunu lapu\u00a0un papla\u0161in\u0101t robe\u017eas, s\u0101kot dar\u012bt to, ko l\u012bdz \u0161im nebiju dar\u012bjis.<\/p>\n<p>&#13;<br \/>\n&#13;<\/p>\n<p style=\"text-align: justify;\">Un man san\u0101ca &#8211; un es esmu \u013coti priec\u012bgs par \u0161o albumu!<\/p>\n<p>&#13;\n<\/p><\/blockquote>\n<p style=\"text-align: justify;\">Sarunu ar m\u016bzi\u0137i par v\u0113lmi mekl\u0113t jaunu skan\u0113jumu, izmantojot modul\u0101ros sintezatorus un termenvoksa paveidu, uz\u0137er\u0161anos uz THE CHEMICAL BROTHERS \u0101\u0137a un pirmaj\u0101m diskot\u0113k\u0101m Daugavpil\u012b, sava ce\u013ca ie\u0161anu m\u016bzik\u0101 un R\u012bgas elektronisk\u0101s m\u016bzikas sc\u0113nu, k\u0101 ar\u012b Nikola Negorod v\u0113l\u0113jumu Ziemassv\u0113tkos klausieties ierakst\u0101, ieskatam da\u017eas &#8220;NeForm\u0101ta&#8221; viesa atzi\u0146as:<\/p>\n<blockquote><p>&#13;<\/p>\n<p style=\"text-align: justify;\">\u0160ai album\u0101 es p\u0101rsvar\u0101 str\u0101d\u0101ju ar modul\u0101rajiem sintezatoriem, izmantoju analogo aparat\u016bru un ieg\u016bto rezult\u0101tu ierakst\u012bju field recorder (&#8230;)<\/p>\n<p>&#13;<br \/>\n&#13;<\/p>\n<p style=\"text-align: justify;\">Es neizmantoju nek\u0101dus semplus, nek\u0101dus gatavos ritmus, lai gan man ir ritma modulis &#8211; t\u0101 album\u0101 dzirdamajos ritmiskajos ska\u0146darbos ir troksnis, ko es pats ierakst\u012bju un p\u0113c tam apstr\u0101d\u0101ju&#8230;<\/p>\n<p>&#13;\n<\/p><\/blockquote>\n<blockquote><p>&#13;<\/p>\n<p style=\"text-align: justify;\">Ja Tev ir dators, tur ir iek\u0161\u0101 ir viss un probl\u0113ma ir, ka tu nevari izmantot visu, tev ir par daudz br\u012bv\u012bbas; savuk\u0101rt modul\u0101r\u0101 sintezatora moduli tu vari izmantot piln\u012bb\u0101, jo Tu skaidri zini, ko \u0161is modulis var &#8211; un tad s\u0101kas m\u016bzika!<\/p>\n<p>&#13;\n<\/p><\/blockquote>\n<blockquote><p>&#13;<\/p>\n<p style=\"text-align: justify;\">Agr\u0101k es dom\u0101ju, ka k\u013c\u016b\u0161u par zin\u0101mu m\u016bzi\u0137i un ar elektronisko m\u016bziku nopeln\u012b\u0161u naudu.<\/p>\n<p>&#13;<br \/>\n&#13;<\/p>\n<p style=\"text-align: justify;\">Bet, kad es atteicos no \u0161\u012bs idejas, es s\u0101ku rad\u012bt lab\u0101k nek\u0101 iepriek\u0161, jo es daru to, ko v\u0113los un j\u016btu, es nedom\u0101ju par to, k\u0101da b\u016bs cilv\u0113ku vai m\u016bzikas izdev\u0113ju reakcija vai cik \u013caudis b\u016bs man\u0101 performanc\u0113&#8230;<\/p>\n<p>&#13;\n<\/p><\/blockquote>\n<p style=\"text-align: justify;\">&#8220;NeForm\u0101t\u0101&#8221; izskan Nikola Negorod albuma &#8220;Takes&#8221; ska\u0146darbi &#8220;Take 3&#8221;, &#8220;Take 6&#8221; un &#8220;Take 7&#8221;.<\/p>\n<p style=\"display: inline;\">\n<p>    Latvijas Radio aicina izteikt savu viedokli par raid\u012bjum\u0101 dzird\u0113to un atbalsta diskusijas klaus\u012bt\u0101ju starp\u0101, tom\u0113r patur ties\u012bbas dz\u0113st koment\u0101rus, kas p\u0101rk\u0101pj cie\u0146pilnas attieksmes un \u0113tiskas r\u012bc\u012bbas robe\u017eas.<\/p>\n","protected":false},"excerpt":{"rendered":"Lai ar\u012b Nikola Negorod kont\u0101 ir vair\u0101ki ritmisk\u0101s elektronisk\u0101s m\u016bzikas albumi, vi\u0146a pirm\u0101 vieso\u0161an\u0101s &#8220;NeForm\u0101t\u0101&#8221; notiek ar nule&hellip;\n","protected":false},"author":2,"featured_media":75621,"comment_status":"","ping_status":"","sticky":false,"template":"","format":"standard","meta":{"footnotes":""},"categories":[5],"tags":[23,28,29,32,33,22,30,31,35,39,38,36,37,34,40,20,26,27,24,25,21],"class_list":{"0":"post-75620","1":"post","2":"type-post","3":"status-publish","4":"format-standard","5":"has-post-thumbnail","7":"category-aktualitates","8":"tag-aktualitates","9":"tag-breaking-news","10":"tag-breakingnews","11":"tag-featured-news","12":"tag-featurednews","13":"tag-headlines","14":"tag-latest-news","15":"tag-latestnews","16":"tag-latvia","17":"tag-latvian","18":"tag-latviesu","19":"tag-latviesu-valoda","20":"tag-latviesuvaloda","21":"tag-latvija","22":"tag-lv","23":"tag-news","24":"tag-popularakas-zinas","25":"tag-popularakaszinas","26":"tag-top-stories","27":"tag-topstories","28":"tag-zinas"},"share_on_mastodon":{"url":"https:\/\/pubeurope.com\/@lv\/115724326195046103","error":""},"_links":{"self":[{"href":"https:\/\/www.europesays.com\/lv\/wp-json\/wp\/v2\/posts\/75620","targetHints":{"allow":["GET"]}}],"collection":[{"href":"https:\/\/www.europesays.com\/lv\/wp-json\/wp\/v2\/posts"}],"about":[{"href":"https:\/\/www.europesays.com\/lv\/wp-json\/wp\/v2\/types\/post"}],"author":[{"embeddable":true,"href":"https:\/\/www.europesays.com\/lv\/wp-json\/wp\/v2\/users\/2"}],"replies":[{"embeddable":true,"href":"https:\/\/www.europesays.com\/lv\/wp-json\/wp\/v2\/comments?post=75620"}],"version-history":[{"count":0,"href":"https:\/\/www.europesays.com\/lv\/wp-json\/wp\/v2\/posts\/75620\/revisions"}],"wp:featuredmedia":[{"embeddable":true,"href":"https:\/\/www.europesays.com\/lv\/wp-json\/wp\/v2\/media\/75621"}],"wp:attachment":[{"href":"https:\/\/www.europesays.com\/lv\/wp-json\/wp\/v2\/media?parent=75620"}],"wp:term":[{"taxonomy":"category","embeddable":true,"href":"https:\/\/www.europesays.com\/lv\/wp-json\/wp\/v2\/categories?post=75620"},{"taxonomy":"post_tag","embeddable":true,"href":"https:\/\/www.europesays.com\/lv\/wp-json\/wp\/v2\/tags?post=75620"}],"curies":[{"name":"wp","href":"https:\/\/api.w.org\/{rel}","templated":true}]}}