{"id":75624,"date":"2025-12-15T15:41:07","date_gmt":"2025-12-15T15:41:07","guid":{"rendered":"https:\/\/www.europesays.com\/lv\/75624\/"},"modified":"2025-12-15T15:41:07","modified_gmt":"2025-12-15T15:41:07","slug":"foto-%e2%9f%a9-apgabaltiesa-magonim-piespriez-cietumsodu","status":"publish","type":"post","link":"https:\/\/www.europesays.com\/lv\/75624\/","title":{"rendered":"FOTO \u27e9 Apgabaltiesa Magonim piesprie\u017e cietumsodu"},"content":{"rendered":"<p>\u0145emot v\u0113r\u0101 min\u0113to, Jansons uzskat\u012bja, ka prokurat\u016bra nav sav\u0101kusi pietiekamu daudzumu pier\u0101d\u012bjumu izvirz\u012btaj\u0101s aps\u016bdz\u012bb\u0101s.<\/p>\n<p>Aps\u016bdz\u012bbas pamat\u0101 Magonim ir divu darb\u012bbu kopums, proti, prokurat\u016bra uzskata, ka vi\u0146am 2015. gada vasar\u0101 nodota nauda, lai sekm\u0113tu, ka &#8220;LDz&#8221; meitas sabiedr\u012bba SIA &#8220;LDz rito\u0161\u0101 sast\u0101va serviss&#8221; iepirktu no uz\u0146\u0113m\u0113jam Osinovskim piedero\u0161\u0101s AS &#8220;Skinest Rail&#8221; \u010detras d\u012bze\u013clokomot\u012bves.<\/p>\n<p>T\u0101pat prokurat\u016bra uzskata, ka Magonis apsol\u012bjis tikties ar toreiz\u0113jo &#8220;Krievijas dzelzce\u013ca&#8221; prezidentu Vladimiru Jaku\u0146inu un pan\u0101kt labv\u0113l\u012bga l\u0113muma pie\u0146em\u0161anu Osinovska interes\u0113s, proti, lai Krievijas lokomot\u012bves tiktu remont\u0113tas Daugavpils r\u016bpn\u012bc\u0101. Kop\u0113j\u0101 kuku\u013ca summa bijusi aptuveni pusmiljons eiro, uzskata prokurat\u016bra.<\/p>\n<p>Pa\u0161i aps\u016bdz\u0113tie aps\u016bdz\u012bbas neatzina. Igaunijas miljon\u0101rs Osinovskis vainu vi\u0146am inkrimin\u0113taj\u0101 korupcijas noziegum\u0101 neatzina, lai gan nenoliedza, ka devis naudu Magonim, bet uzst\u0101ja, ka t\u0101 ir bijusi dom\u0101ta citam m\u0113r\u0137im, nevis bija kukulis.<\/p>\n<p>Pirm\u0101s instances ties\u0101 prokurat\u016bra bija l\u016bgusi tiesu abiem aps\u016bdz\u0113tajiem piem\u0113rot \u010detrus gadus ilgus cietumsodus. T\u0101pat prokurat\u016bra l\u016bdza atz\u012bt 499 500 eiro, kas tika konfisc\u0113ti, abus aizturot, par noziedz\u012bgi ieg\u016btu mantu un konfisc\u0113t valsts lab\u0101.<\/p>\n<p>Korupcijas nov\u0113r\u0161anas un apkaro\u0161anas birojs Magoni aiztur\u0113ja 2015. gada 6. august\u0101.<\/p>\n","protected":false},"excerpt":{"rendered":"\u0145emot v\u0113r\u0101 min\u0113to, Jansons uzskat\u012bja, ka prokurat\u016bra nav sav\u0101kusi pietiekamu daudzumu pier\u0101d\u012bjumu izvirz\u012btaj\u0101s aps\u016bdz\u012bb\u0101s. Aps\u016bdz\u012bbas pamat\u0101 Magonim ir&hellip;\n","protected":false},"author":2,"featured_media":75625,"comment_status":"","ping_status":"","sticky":false,"template":"","format":"standard","meta":{"footnotes":""},"categories":[12],"tags":[23,28,29,32,33,22,30,31,35,39,38,36,37,34,40,20,16382,26,27,24,25,19194,21],"class_list":{"0":"post-75624","1":"post","2":"type-post","3":"status-publish","4":"format-standard","5":"has-post-thumbnail","7":"category-latvija","8":"tag-aktualitates","9":"tag-breaking-news","10":"tag-breakingnews","11":"tag-featured-news","12":"tag-featurednews","13":"tag-headlines","14":"tag-latest-news","15":"tag-latestnews","16":"tag-latvia","17":"tag-latvian","18":"tag-latviesu","19":"tag-latviesu-valoda","20":"tag-latviesuvaloda","21":"tag-latvija","22":"tag-lv","23":"tag-news","24":"tag-olegs-osinovskis","25":"tag-popularakas-zinas","26":"tag-popularakaszinas","27":"tag-top-stories","28":"tag-topstories","29":"tag-ugis-magonis","30":"tag-zinas"},"share_on_mastodon":{"url":"https:\/\/pubeurope.com\/@lv\/115724345991706715","error":""},"_links":{"self":[{"href":"https:\/\/www.europesays.com\/lv\/wp-json\/wp\/v2\/posts\/75624","targetHints":{"allow":["GET"]}}],"collection":[{"href":"https:\/\/www.europesays.com\/lv\/wp-json\/wp\/v2\/posts"}],"about":[{"href":"https:\/\/www.europesays.com\/lv\/wp-json\/wp\/v2\/types\/post"}],"author":[{"embeddable":true,"href":"https:\/\/www.europesays.com\/lv\/wp-json\/wp\/v2\/users\/2"}],"replies":[{"embeddable":true,"href":"https:\/\/www.europesays.com\/lv\/wp-json\/wp\/v2\/comments?post=75624"}],"version-history":[{"count":0,"href":"https:\/\/www.europesays.com\/lv\/wp-json\/wp\/v2\/posts\/75624\/revisions"}],"wp:featuredmedia":[{"embeddable":true,"href":"https:\/\/www.europesays.com\/lv\/wp-json\/wp\/v2\/media\/75625"}],"wp:attachment":[{"href":"https:\/\/www.europesays.com\/lv\/wp-json\/wp\/v2\/media?parent=75624"}],"wp:term":[{"taxonomy":"category","embeddable":true,"href":"https:\/\/www.europesays.com\/lv\/wp-json\/wp\/v2\/categories?post=75624"},{"taxonomy":"post_tag","embeddable":true,"href":"https:\/\/www.europesays.com\/lv\/wp-json\/wp\/v2\/tags?post=75624"}],"curies":[{"name":"wp","href":"https:\/\/api.w.org\/{rel}","templated":true}]}}