{"id":75635,"date":"2025-12-15T15:54:20","date_gmt":"2025-12-15T15:54:20","guid":{"rendered":"https:\/\/www.europesays.com\/lv\/75635\/"},"modified":"2025-12-15T15:54:20","modified_gmt":"2025-12-15T15:54:20","slug":"konkursa-mekle-jaunu-spkc-direktoru-alga-sola-5300-eiro","status":"publish","type":"post","link":"https:\/\/www.europesays.com\/lv\/75635\/","title":{"rendered":"Konkurs\u0101 mekl\u0113 jaunu SPKC direktoru; alg\u0101 sola 5300 eiro"},"content":{"rendered":"<p><a rel=\"noopener nofollow\" target=\"_blank\" href=\"https:\/\/www.delfi.lv\/temas\/42019460\/valsts-kanceleja\" tag-id=\"42019460\">Valsts kanceleja<\/a> izsludin\u0101jusi konkursu uz Slim\u012bbu profilakses un kontroles centra (<a rel=\"noopener nofollow\" target=\"_blank\" href=\"https:\/\/www.delfi.lv\/temas\/56423383\/spkc-1\" tag-id=\"56423383\">SPKC<\/a>) direktora amatu, liecina sludin\u0101jums ofici\u0101laj\u0101 izdevum\u0101 &#8220;Latvijas V\u0113stnesis&#8221;. <\/p>\n<p>Konkursa uzvar\u0113t\u0101jam tiek pied\u0101v\u0101ta iesp\u0113ja piedal\u012bties sabiedr\u012bbas vesel\u012bbas politikas veido\u0161an\u0101 un ievie\u0161an\u0101 nacion\u0101l\u0101 l\u012bmen\u012b, lai veicin\u0101tu sabiedr\u012bbas vesel\u012bbas prat\u012bbu un prevent\u012bvo pieeju vesel\u012bbas apr\u016bp\u0113, iesp\u0113ja piedal\u012bties un p\u0101rst\u0101v\u0113t SPKC intereses Eiropas Savien\u012bbas (ES) un cit\u0101s starptautisk\u0101s organiz\u0101cij\u0101s, k\u0101 ar\u012b starptautiskos konsorcijos un projektos, atbild\u012bgu un sare\u017e\u0123\u012btu darbu, kam rakstur\u012bgs pla\u0161s m\u0113rogs un liels darba apjoms. <\/p>\n<p>Pied\u0101v\u0101t\u0101 m\u0113ne\u0161alga ir 5300 eiro pirms nodok\u013cu nomaksas, k\u0101 ar\u012b tiek pied\u0101v\u0101tas soci\u0101l\u0101s garantijas un vesel\u012bbas apdro\u0161in\u0101\u0161ana. T\u0101pat tiek pied\u0101v\u0101tas profesion\u0101l\u0101s att\u012bst\u012bbas iesp\u0113jas, piedaloties Valsts kancelejas r\u012bkotajos augst\u0101k\u0101 l\u012bme\u0146a vad\u012bt\u0101ju m\u0101c\u012bbu un att\u012bst\u012bbas pas\u0101kumos. <\/p>\n<p>Pretendentiem izvirz\u012bt\u0101s pras\u012bbas ir  atbilst\u012bba Valsts civildienesta likuma 7. panta pras\u012bb\u0101m, atbilst\u012bba likum\u0101 &#8220;Par valsts nosl\u0113pumu&#8221; noteiktaj\u0101m pras\u012bb\u0101m, lai sa\u0146emtu speci\u0101lo at\u013cauju pieejai valsts nosl\u0113pumam, augst\u0101k\u0101 akad\u0113misk\u0101 vai otr\u0101 l\u012bme\u0146a profesion\u0101l\u0101 augst\u0101k\u0101 izgl\u012bt\u012bba medic\u012bn\u0101, sabiedr\u012bbas vesel\u012bb\u0101, vad\u012bbzin\u0101tn\u0113 vai cit\u0101 radniec\u012bg\u0101 jom\u0101, vismaz triju gadu darba pieredze vado\u0161\u0101 amat\u0101, vismaz triju gadu pieredze sabiedr\u012bbas vesel\u012bbas jom\u0101, sadarb\u012bbas pieredze ar ES vai cit\u0101m starptautisk\u0101m organiz\u0101cij\u0101m sabiedr\u012bbas vesel\u012bbas jom\u0101. <\/p>\n<p>Valsts kanceleja nor\u0101d\u012bjusi, ka ir v\u0113lama pieredze darb\u0101 ar starptautiskiem projektiem un papildu finans\u0113juma piesaist\u0113, zin\u0101\u0161anas un izpratne par nacion\u0101lajiem un ES ties\u012bbu aktiem un starptautiskaj\u0101m konvencij\u0101m sabiedr\u012bbas vesel\u012bbas jom\u0101, zin\u0101\u0161anas strat\u0113\u0123iskaj\u0101 pl\u0101no\u0161an\u0101 un finan\u0161u vad\u012bb\u0101, izpratne par valsts p\u0101rvaldes uzb\u016bvi, darb\u012bbas pamatprincipiem, administrat\u012bvo procesu un bud\u017eeta pl\u0101no\u0161anu. <\/p>\n<p>Pretendentiem nepiecie\u0161amas ar\u012b ang\u013cu valodas zin\u0101\u0161anas C1 l\u012bmen\u012b, atbilsto\u0161i Eiropas kop\u012bgaj\u0101m nost\u0101dn\u0113m valodu apguvei, v\u0113lamas v\u0113l vienas sve\u0161valodas zin\u0101\u0161anas. T\u0101pat nepiecie\u0161am\u0101 prasme ir sist\u0113miska pieeja jaut\u0101jumu risin\u0101\u0161an\u0101 un sp\u0113ja uztvert un analiz\u0113t sare\u017e\u0123\u012btu un liela apjoma inform\u0101ciju da\u017e\u0101d\u0101s jom\u0101s, labas strat\u0113\u0123isk\u0101s pl\u0101no\u0161anas, sadarb\u012bbas, komunik\u0101cijas un prezent\u0101cijas prasmes, k\u0101 ar\u012b nevainojama reput\u0101cija. <\/p>\n<p>Sludin\u0101jum\u0101 nor\u0101d\u012bts, ka pretendentiem, kuri tiks aicin\u0101ti uz atlases procesa otro k\u0101rtu, b\u016bs j\u0101prezent\u0113 ar\u012b savs redz\u0113jums par SPKC att\u012bst\u012bbu un iest\u0101des lomas stiprin\u0101\u0161anu nacion\u0101l\u0101 un starptautisk\u0101 l\u012bmen\u012b sabiedr\u012bbas vesel\u012bbas veicin\u0101\u0161an\u0101 n\u0101kamajiem pieciem gadiem.<\/p>\n<p>Atlases procesa tre\u0161aj\u0101 k\u0101rt\u0101 tiks nov\u0113rt\u0113tas vad\u012bbas kompetences: komandas vad\u012b\u0161ana, strat\u0113\u0123iskais redz\u0113jums, orient\u0101cija uz rezult\u0101tu sasnieg\u0161anu, p\u0101rmai\u0146u vad\u012b\u0161ana, sp\u0113ja pie\u0146emt l\u0113mumus un uz\u0146emties atbild\u012bbu.<\/p>\n<p>Pretendentiem pieteikumi Valsts kancelej\u0101 j\u0101iesniedz l\u012bdz 2026. gada 5. janv\u0101rim. <\/p>\n<p>\u0160\u0101 gada maij\u0101 atl\u016bgumu iesniedza M\u0101rti\u0146\u0161 Dimants. Vi\u0146\u0161  \u0161aj\u0101 amat\u0101 st\u0101j\u0101s vien febru\u0101ra beig\u0101s, v\u0113st\u012bja raid\u012bjums &#8220;TV3 Zi\u0146as \u012bsum\u0101&#8221;.<\/p>\n<p>SPKC m\u0101jaslap\u0101 pieejam\u0101 inform\u0101cija liecina, ka centra direktora pien\u0101kumu izpild\u012bt\u0101js ir Dzintars Mozgis. <\/p>\n<p class=\"m-0\">Seko &#8220;Delfi&#8221; ar\u012b  <a target=\"_blank\" href=\"https:\/\/www.instagram.com\/delfi.lv\/\" rel=\"nofollow noopener\">Instagram<\/a>  un <a target=\"_blank\" href=\"https:\/\/www.youtube.com\/channel\/UCw5foWtcJvAbUm64rv7jwUQ\" rel=\"nofollow noopener\">YouTube<\/a>  profil\u0101 \u2013 pievienojies, lai uzzin\u0101tu svar\u012bg\u0101ko un interesant\u0101ko pirmais!<\/p>\n<p>Publik\u0101cijas saturs vai t\u0101s jebk\u0101da apjoma da\u013ca ir aizsarg\u0101ts autorties\u012bbu objekts Autorties\u012bbu likuma izpratn\u0113, un t\u0101 izmanto\u0161ana bez izdev\u0113ja at\u013caujas ir aizliegta. Vair\u0101k lasi  <a target=\"_blank\" href=\"https:\/\/www.delfi.lv\/noteikumi#autortiesibas\" rel=\"nofollow noopener\">\u0161eit<\/a><script async src=\"\/\/www.instagram.com\/embed.js\"><\/script><\/p>\n","protected":false},"excerpt":{"rendered":"Valsts kanceleja izsludin\u0101jusi konkursu uz Slim\u012bbu profilakses un kontroles centra (SPKC) direktora amatu, liecina sludin\u0101jums ofici\u0101laj\u0101 izdevum\u0101 &#8220;Latvijas&hellip;\n","protected":false},"author":2,"featured_media":75636,"comment_status":"","ping_status":"","sticky":false,"template":"","format":"standard","meta":{"footnotes":""},"categories":[5],"tags":[23,28,29,19195,32,33,22,30,31,35,39,38,36,37,34,40,20,26,27,1580,24,25,3485,21],"class_list":{"0":"post-75635","1":"post","2":"type-post","3":"status-publish","4":"format-standard","5":"has-post-thumbnail","7":"category-aktualitates","8":"tag-aktualitates","9":"tag-breaking-news","10":"tag-breakingnews","11":"tag-darba-atlauja","12":"tag-featured-news","13":"tag-featurednews","14":"tag-headlines","15":"tag-latest-news","16":"tag-latestnews","17":"tag-latvia","18":"tag-latvian","19":"tag-latviesu","20":"tag-latviesu-valoda","21":"tag-latviesuvaloda","22":"tag-latvija","23":"tag-lv","24":"tag-news","25":"tag-popularakas-zinas","26":"tag-popularakaszinas","27":"tag-spkc","28":"tag-top-stories","29":"tag-topstories","30":"tag-valsts-kanceleja","31":"tag-zinas"},"share_on_mastodon":{"url":"https:\/\/pubeurope.com\/@lv\/115724397067781748","error":""},"_links":{"self":[{"href":"https:\/\/www.europesays.com\/lv\/wp-json\/wp\/v2\/posts\/75635","targetHints":{"allow":["GET"]}}],"collection":[{"href":"https:\/\/www.europesays.com\/lv\/wp-json\/wp\/v2\/posts"}],"about":[{"href":"https:\/\/www.europesays.com\/lv\/wp-json\/wp\/v2\/types\/post"}],"author":[{"embeddable":true,"href":"https:\/\/www.europesays.com\/lv\/wp-json\/wp\/v2\/users\/2"}],"replies":[{"embeddable":true,"href":"https:\/\/www.europesays.com\/lv\/wp-json\/wp\/v2\/comments?post=75635"}],"version-history":[{"count":0,"href":"https:\/\/www.europesays.com\/lv\/wp-json\/wp\/v2\/posts\/75635\/revisions"}],"wp:featuredmedia":[{"embeddable":true,"href":"https:\/\/www.europesays.com\/lv\/wp-json\/wp\/v2\/media\/75636"}],"wp:attachment":[{"href":"https:\/\/www.europesays.com\/lv\/wp-json\/wp\/v2\/media?parent=75635"}],"wp:term":[{"taxonomy":"category","embeddable":true,"href":"https:\/\/www.europesays.com\/lv\/wp-json\/wp\/v2\/categories?post=75635"},{"taxonomy":"post_tag","embeddable":true,"href":"https:\/\/www.europesays.com\/lv\/wp-json\/wp\/v2\/tags?post=75635"}],"curies":[{"name":"wp","href":"https:\/\/api.w.org\/{rel}","templated":true}]}}