{"id":75645,"date":"2025-12-15T16:04:08","date_gmt":"2025-12-15T16:04:08","guid":{"rendered":"https:\/\/www.europesays.com\/lv\/75645\/"},"modified":"2025-12-15T16:04:08","modified_gmt":"2025-12-15T16:04:08","slug":"gazes-tranzits-uz-kaliningradu-lietuvas-un-gazprom-sarunas","status":"publish","type":"post","link":"https:\/\/www.europesays.com\/lv\/75645\/","title":{"rendered":"G\u0101zes tranz\u012bts uz Ka\u013ci\u0146ingradu: Lietuvas un Gazprom sarunas"},"content":{"rendered":"<p class=\"descr\">\u0160ogad beidzas pirms desmit gadiem parakst\u012btais g\u0101zes tranz\u012bta l\u012bgums Lietuvai ar Ka\u013ci\u0146ingradu. G\u0101zes operators &#8220;Amber Grid&#8221; risina sarunas ar &#8220;Gazprom&#8221; par jaunu l\u012bgumu, zi\u0146o lrt.lt.<\/p>\n<p>\u201cGr\u016bti to nosaukt par sarun\u0101m, ir dr\u012bz\u0101k tehniskas korekcijas,\u201d situ\u0101ciju raksturo ener\u0123\u0113tikas ministrs \u017digimants Vai\u010di\u016bns.<\/p>\n<p>Ener\u0123\u0113tikas ministrs saka, ka jaun\u0101 vieno\u0161an\u0101s tiek pabeigta, un viss tika apspriests tehniskaj\u0101s sarun\u0101s ar &#8220;Gazprom&#8221;.<\/p>\n<p>Biju\u0161ais ener\u0123\u0113tikas ministrs prognoz\u0113, ka Lietuvas ien\u0101kumi no <a href=\"https:\/\/nra.lv\/pasaule\/479819-slovakijas-premjers-aicina-zelenski-uz-sarunam-par-krievijas-gazes-tranzitu.htm\" data-item-link=\"true\" data-item-id=\"479819\" rel=\"nofollow noopener\" target=\"_blank\">g\u0101zes tranz\u012bta<\/a> var\u0113tu pieaugt vair\u0101kas reizes. \u201cKa\u013ci\u0146ingradai ir svar\u012bgi, lai g\u0101ze pl\u016bstu, lai caurule darbotos,\u201d saka ener\u0123\u0113tikas eksperts Vidmants Jankausks.<\/p>\n<p>Lietuva piln\u012bb\u0101 p\u0101rtrauca Krievijas g\u0101zes importu pirms trim gadiem, tom\u0113r Krievijas g\u0101ze pl\u016bst caur Lietuvu uz Ka\u013ci\u0146ingradu tranz\u012bt\u0101 caur vien\u012bgo kontinent\u0101lo g\u0101zes vadu, kas savieno re\u0123ionu ar p\u0101r\u0113jo Krieviju.<\/p>\n<p>P\u0113c Baltijas valstu elektrot\u012bklu sinhroniz\u0101cijas \u0161\u012b vajadz\u012bba tikai pieaug. &#8220;P\u0113c sinhroniz\u0101cijas krievi savas sist\u0113mas uztur\u0113\u0161anai izmanto iev\u0113rojami vair\u0101k g\u0101zes, vi\u0146iem savas elektrostacijas ir j\u0101uztur pusdarb\u012bb\u0101,&#8221; saka biju\u0161ais ener\u0123\u0113tikas ministrs Dainius Kreivijs.<\/p>\n<p>Protams, ka Ka\u013ci\u0146ingrada var sa\u0146emt g\u0101zi ar\u012b caur sa\u0161\u0137idrin\u0101t\u0101s dabasg\u0101zes termin\u0101li, k\u0101 to dara Lietuva, ta\u010du tas ir daudz d\u0101rg\u0101k.<\/p>\n","protected":false},"excerpt":{"rendered":"\u0160ogad beidzas pirms desmit gadiem parakst\u012btais g\u0101zes tranz\u012bta l\u012bgums Lietuvai ar Ka\u013ci\u0146ingradu. G\u0101zes operators &#8220;Amber Grid&#8221; risina sarunas&hellip;\n","protected":false},"author":2,"featured_media":75646,"comment_status":"","ping_status":"","sticky":false,"template":"","format":"standard","meta":{"footnotes":""},"categories":[14],"tags":[23,57,28,29,32,33,22,30,31,35,39,38,36,37,34,40,20,26,27,24,25,54,55,56,21,58],"class_list":{"0":"post-75645","1":"post","2":"type-post","3":"status-publish","4":"format-standard","5":"has-post-thumbnail","7":"category-zinas-no-arvalstim","8":"tag-aktualitates","9":"tag-arvalstim","10":"tag-breaking-news","11":"tag-breakingnews","12":"tag-featured-news","13":"tag-featurednews","14":"tag-headlines","15":"tag-latest-news","16":"tag-latestnews","17":"tag-latvia","18":"tag-latvian","19":"tag-latviesu","20":"tag-latviesu-valoda","21":"tag-latviesuvaloda","22":"tag-latvija","23":"tag-lv","24":"tag-news","25":"tag-popularakas-zinas","26":"tag-popularakaszinas","27":"tag-top-stories","28":"tag-topstories","29":"tag-world","30":"tag-world-news","31":"tag-worldnews","32":"tag-zinas","33":"tag-zinas-no-arvalstim"},"share_on_mastodon":{"url":"https:\/\/pubeurope.com\/@lv\/115724436414342013","error":""},"_links":{"self":[{"href":"https:\/\/www.europesays.com\/lv\/wp-json\/wp\/v2\/posts\/75645","targetHints":{"allow":["GET"]}}],"collection":[{"href":"https:\/\/www.europesays.com\/lv\/wp-json\/wp\/v2\/posts"}],"about":[{"href":"https:\/\/www.europesays.com\/lv\/wp-json\/wp\/v2\/types\/post"}],"author":[{"embeddable":true,"href":"https:\/\/www.europesays.com\/lv\/wp-json\/wp\/v2\/users\/2"}],"replies":[{"embeddable":true,"href":"https:\/\/www.europesays.com\/lv\/wp-json\/wp\/v2\/comments?post=75645"}],"version-history":[{"count":0,"href":"https:\/\/www.europesays.com\/lv\/wp-json\/wp\/v2\/posts\/75645\/revisions"}],"wp:featuredmedia":[{"embeddable":true,"href":"https:\/\/www.europesays.com\/lv\/wp-json\/wp\/v2\/media\/75646"}],"wp:attachment":[{"href":"https:\/\/www.europesays.com\/lv\/wp-json\/wp\/v2\/media?parent=75645"}],"wp:term":[{"taxonomy":"category","embeddable":true,"href":"https:\/\/www.europesays.com\/lv\/wp-json\/wp\/v2\/categories?post=75645"},{"taxonomy":"post_tag","embeddable":true,"href":"https:\/\/www.europesays.com\/lv\/wp-json\/wp\/v2\/tags?post=75645"}],"curies":[{"name":"wp","href":"https:\/\/api.w.org\/{rel}","templated":true}]}}