{"id":75708,"date":"2025-12-15T17:24:08","date_gmt":"2025-12-15T17:24:08","guid":{"rendered":"https:\/\/www.europesays.com\/lv\/75708\/"},"modified":"2025-12-15T17:24:08","modified_gmt":"2025-12-15T17:24:08","slug":"tadzikistanas-pilsonus-latvija-parbaudis-stingrak","status":"publish","type":"post","link":"https:\/\/www.europesays.com\/lv\/75708\/","title":{"rendered":"Tad\u017eikist\u0101nas pilso\u0146us Latvij\u0101 p\u0101rbaud\u012bs stingr\u0101k"},"content":{"rendered":"<p>T\u0101pat ES ir piem\u0113rojusi Persijas l\u012b\u010da sadarb\u012bbas padomes valst\u012bm, tai skait\u0101 Bahreinai, Katarai, Kuveitai un Om\u0101nai \u012bpa\u0161i labv\u0113l\u012bgu v\u012bzu kask\u0101des principu, k\u0101 ar\u012b ir s\u0101ktas sarunas par iesp\u0113j\u0101m noteikt bezv\u012bzu iece\u013co\u0161anas k\u0101rt\u012bbu \u0161\u012bm valst\u012bm.<\/p>\n<p>ES dal\u012bbvalstu v\u0113stniec\u012bbu vad\u012bt\u0101ji Persijas l\u012b\u010da sadarb\u012bbas padomes valst\u012bs sadarb\u012bb\u0101 ar ES deleg\u0101cij\u0101m \u0161aj\u0101s valst\u012bs \u0161ovasar ir izstr\u0101d\u0101ju\u0161i zi\u0146ojumus par aktu\u0101lo situ\u0101ciju v\u012bzu izsnieg\u0161anas jaut\u0101jumos un n\u0101kotnes iesp\u0113j\u0101m nosl\u0113gt l\u012bgumus par bezv\u012bzu iece\u013co\u0161anas k\u0101rt\u012bbu. Zi\u0146ojumos ir izcelts, ka min\u0113t\u0101s valstis nerada terorisma vai migr\u0101cijas riskus \u0160engenas zonai, skaidro IeM.<\/p>\n<p>Ar\u012b VDD un SAB r\u012bc\u012bb\u0101 nav inform\u0101cijas, kas liecin\u0101tu par b\u016btiskiem riskiem saist\u012bb\u0101 ar Indon\u0113zijas, Bahreinas, Kataras, Kuveitas un Om\u0101nas pilso\u0146u iece\u013co\u0161anu Latvij\u0101. \u0145emot v\u0113r\u0101 min\u0113to, past\u0101v pamats sv\u012btrot \u0161\u012bs valstis no saraksta, nor\u0101da IeM.<\/p>\n<p>Vienlaikus, izv\u0113rt\u0113jot inform\u0101ciju par 2023. &#8211; 2025. gad\u0101 veiktaj\u0101m p\u0101rbaud\u0113m, IeM secin\u0101jusi, ka Nig\u0113rijas pilso\u0146i liel\u0101koties pieprasa t\u016brisma v\u012bzas vai ilgtermi\u0146a v\u012bzas, k\u0101 ar\u012b uztur\u0113\u0161an\u0101s at\u013caujas. P\u0101rbaud\u0113s attiec\u012bb\u0101 uz Nig\u0113rijas pilso\u0146iem b\u016btiski riski nav konstat\u0113ti.<\/p>\n<p>Pla\u0161\u0101kas VDD r\u012bc\u012bb\u0101 eso\u0161\u0101s inform\u0101cijas kontekst\u0101 ar\u012b secin\u0101ms, ka ar Nig\u0113rijas pilso\u0146iem saist\u012btie riski p\u0113d\u0113jo gadu laik\u0101 ir mazin\u0101ju\u0161ies un pa\u0161reiz ir zemi, t\u0101d\u0113\u013c nepiecie\u0161am\u012bba p\u0113c papildu p\u0101rbaud\u0113m \u0161obr\u012bd nav aktu\u0101la.<\/p>\n<p>Par izmai\u0146\u0101m b\u016bs j\u0101lemj vald\u012bbai.<\/p>\n","protected":false},"excerpt":{"rendered":"T\u0101pat ES ir piem\u0113rojusi Persijas l\u012b\u010da sadarb\u012bbas padomes valst\u012bm, tai skait\u0101 Bahreinai, Katarai, Kuveitai un Om\u0101nai \u012bpa\u0161i labv\u0113l\u012bgu&hellip;\n","protected":false},"author":2,"featured_media":75709,"comment_status":"","ping_status":"","sticky":false,"template":"","format":"standard","meta":{"footnotes":""},"categories":[5],"tags":[23,28,29,32,33,22,6604,30,31,35,39,38,36,37,34,40,20,161,26,27,24,25,21],"class_list":{"0":"post-75708","1":"post","2":"type-post","3":"status-publish","4":"format-standard","5":"has-post-thumbnail","7":"category-aktualitates","8":"tag-aktualitates","9":"tag-breaking-news","10":"tag-breakingnews","11":"tag-featured-news","12":"tag-featurednews","13":"tag-headlines","14":"tag-iekslietu-ministrija","15":"tag-latest-news","16":"tag-latestnews","17":"tag-latvia","18":"tag-latvian","19":"tag-latviesu","20":"tag-latviesu-valoda","21":"tag-latviesuvaloda","22":"tag-latvija","23":"tag-lv","24":"tag-news","25":"tag-pmlp","26":"tag-popularakas-zinas","27":"tag-popularakaszinas","28":"tag-top-stories","29":"tag-topstories","30":"tag-zinas"},"share_on_mastodon":{"url":"https:\/\/pubeurope.com\/@lv\/115724750902270781","error":""},"_links":{"self":[{"href":"https:\/\/www.europesays.com\/lv\/wp-json\/wp\/v2\/posts\/75708","targetHints":{"allow":["GET"]}}],"collection":[{"href":"https:\/\/www.europesays.com\/lv\/wp-json\/wp\/v2\/posts"}],"about":[{"href":"https:\/\/www.europesays.com\/lv\/wp-json\/wp\/v2\/types\/post"}],"author":[{"embeddable":true,"href":"https:\/\/www.europesays.com\/lv\/wp-json\/wp\/v2\/users\/2"}],"replies":[{"embeddable":true,"href":"https:\/\/www.europesays.com\/lv\/wp-json\/wp\/v2\/comments?post=75708"}],"version-history":[{"count":0,"href":"https:\/\/www.europesays.com\/lv\/wp-json\/wp\/v2\/posts\/75708\/revisions"}],"wp:featuredmedia":[{"embeddable":true,"href":"https:\/\/www.europesays.com\/lv\/wp-json\/wp\/v2\/media\/75709"}],"wp:attachment":[{"href":"https:\/\/www.europesays.com\/lv\/wp-json\/wp\/v2\/media?parent=75708"}],"wp:term":[{"taxonomy":"category","embeddable":true,"href":"https:\/\/www.europesays.com\/lv\/wp-json\/wp\/v2\/categories?post=75708"},{"taxonomy":"post_tag","embeddable":true,"href":"https:\/\/www.europesays.com\/lv\/wp-json\/wp\/v2\/tags?post=75708"}],"curies":[{"name":"wp","href":"https:\/\/api.w.org\/{rel}","templated":true}]}}