{"id":75791,"date":"2025-12-15T19:11:06","date_gmt":"2025-12-15T19:11:06","guid":{"rendered":"https:\/\/www.europesays.com\/lv\/75791\/"},"modified":"2025-12-15T19:11:06","modified_gmt":"2025-12-15T19:11:06","slug":"ukraina-vienojas-ar-vaciju-par-dronu-razosanu-lielos-apjomos","status":"publish","type":"post","link":"https:\/\/www.europesays.com\/lv\/75791\/","title":{"rendered":"Ukraina vienojas ar V\u0101ciju par dronu ra\u017eo\u0161anu lielos apjomos"},"content":{"rendered":"<p class=\"descr\">Ukraina ra\u017eos dronus V\u0101cij\u0101 r\u016bpnieciskos apjomos, pirmdien pazi\u0146ojis Ukrainas dronu ra\u017eot\u0101js &#8220;Frontline Robotics&#8221; un V\u0101cijas aizsardz\u012bbas uz\u0146\u0113mums &#8220;Quantum Systems&#8221;.<\/p>\n<p><a href=\"https:\/\/nra.lv\/birka\/militara-razosana\/\" target=\"_blank\" rel=\"noopener nofollow\">Ra\u017eo\u0161ana<\/a> notiek Ukrainas Aizsardz\u012bbas ministrijas uzdevum\u0101, V\u0101cijas un Ukrainas ekonomikas forum\u0101 pirmdien Berl\u012bn\u0113 pav\u0113st\u012bja abi uz\u0146\u0113mumi.<\/p>\n<p>Kopuz\u0146\u0113muma &#8220;Quantum Frontline Industries&#8221; vad\u012bt\u0101js Matiass L\u0113na run\u0101ja par desmitiem t\u016bksto\u0161u <a href=\"https:\/\/nra.lv\/birka\/droni\/\" target=\"_blank\" rel=\"noopener nofollow\">dronu<\/a> izgatavo\u0161anu gad\u0101. Kopuz\u0146\u0113mums apgalvo, ka \u0161is projekts ir &#8220;Eirop\u0101 pirm\u0101 piln\u012bb\u0101 automatiz\u0113t\u0101, r\u016bpnieciska m\u0113roga \u0101rvalstu bezpilota lidapar\u0101tu ra\u017eo\u0161anas l\u012bnija Ukrainas bru\u0146oto sp\u0113ku vajadz\u012bb\u0101m&#8221;.<\/p>\n<p><a href=\"https:\/\/nra.lv\/birka\/vacija\/\" target=\"_blank\" rel=\"noopener nofollow\">V\u0101cijas<\/a> r\u016bpn\u012bc\u0101s tiks ra\u017eots kaujas apst\u0101k\u013cos p\u0101rbaud\u012btais lo\u0123istikas drons &#8220;Linza&#8221;, izl\u016bko\u0161anas drons &#8220;Zoom&#8221; un t\u0101lvad\u012bbas iero\u010du stacija &#8220;Buria&#8221;.<\/p>\n<p>Uz\u0146\u0113mumu sadarb\u012bba notiek <a href=\"https:\/\/nra.lv\/birka\/ukrainas-valdiba\/\" target=\"_blank\" rel=\"noopener nofollow\">Ukrainas vald\u012bbas<\/a> iniciat\u012bvas &#8220;Build with Ukraine&#8221; ietvaros.<\/p>\n<p>Ukraina cen\u0161as p\u0101rvietot da\u013cu no savas iero\u010du ra\u017eo\u0161anas uz dro\u0161\u0101m Eiropas valst\u012bm, lai izvair\u012btos no trauc\u0113jumiem, ko izraisa <a href=\"https:\/\/nra.lv\/birka\/krievijas-triecieni-ukraina\/\" target=\"_blank\" rel=\"noopener nofollow\">Krievijas uzbrukumi<\/a>.<\/p>\n<p>\t\t\t\t\t\tinfo<\/p>\n<p>Uzzini pirmais<br \/>kas interesants noticis Latvij\u0101 un pasaul\u0113,<br \/>pievienojoties mums <a href=\"https:\/\/t.me\/neatkariga\" rel=\"nofollow\">Telegram<\/a> vai <a href=\"https:\/\/whatsapp.com\/channel\/0029VaMLFUH5K3zLU5s4wm3y\" rel=\"nofollow noopener\" target=\"_blank\">Whatsapp<\/a> kan\u0101l\u0101<\/p>\n","protected":false},"excerpt":{"rendered":"Ukraina ra\u017eos dronus V\u0101cij\u0101 r\u016bpnieciskos apjomos, pirmdien pazi\u0146ojis Ukrainas dronu ra\u017eot\u0101js &#8220;Frontline Robotics&#8221; un V\u0101cijas aizsardz\u012bbas uz\u0146\u0113mums &#8220;Quantum&hellip;\n","protected":false},"author":2,"featured_media":75792,"comment_status":"","ping_status":"","sticky":false,"template":"","format":"standard","meta":{"footnotes":""},"categories":[14],"tags":[23,57,28,29,32,33,22,30,31,35,39,38,36,37,34,40,20,26,27,24,25,54,55,56,21,58],"class_list":{"0":"post-75791","1":"post","2":"type-post","3":"status-publish","4":"format-standard","5":"has-post-thumbnail","7":"category-zinas-no-arvalstim","8":"tag-aktualitates","9":"tag-arvalstim","10":"tag-breaking-news","11":"tag-breakingnews","12":"tag-featured-news","13":"tag-featurednews","14":"tag-headlines","15":"tag-latest-news","16":"tag-latestnews","17":"tag-latvia","18":"tag-latvian","19":"tag-latviesu","20":"tag-latviesu-valoda","21":"tag-latviesuvaloda","22":"tag-latvija","23":"tag-lv","24":"tag-news","25":"tag-popularakas-zinas","26":"tag-popularakaszinas","27":"tag-top-stories","28":"tag-topstories","29":"tag-world","30":"tag-world-news","31":"tag-worldnews","32":"tag-zinas","33":"tag-zinas-no-arvalstim"},"share_on_mastodon":{"url":"https:\/\/pubeurope.com\/@lv\/115725171602865012","error":""},"_links":{"self":[{"href":"https:\/\/www.europesays.com\/lv\/wp-json\/wp\/v2\/posts\/75791","targetHints":{"allow":["GET"]}}],"collection":[{"href":"https:\/\/www.europesays.com\/lv\/wp-json\/wp\/v2\/posts"}],"about":[{"href":"https:\/\/www.europesays.com\/lv\/wp-json\/wp\/v2\/types\/post"}],"author":[{"embeddable":true,"href":"https:\/\/www.europesays.com\/lv\/wp-json\/wp\/v2\/users\/2"}],"replies":[{"embeddable":true,"href":"https:\/\/www.europesays.com\/lv\/wp-json\/wp\/v2\/comments?post=75791"}],"version-history":[{"count":0,"href":"https:\/\/www.europesays.com\/lv\/wp-json\/wp\/v2\/posts\/75791\/revisions"}],"wp:featuredmedia":[{"embeddable":true,"href":"https:\/\/www.europesays.com\/lv\/wp-json\/wp\/v2\/media\/75792"}],"wp:attachment":[{"href":"https:\/\/www.europesays.com\/lv\/wp-json\/wp\/v2\/media?parent=75791"}],"wp:term":[{"taxonomy":"category","embeddable":true,"href":"https:\/\/www.europesays.com\/lv\/wp-json\/wp\/v2\/categories?post=75791"},{"taxonomy":"post_tag","embeddable":true,"href":"https:\/\/www.europesays.com\/lv\/wp-json\/wp\/v2\/tags?post=75791"}],"curies":[{"name":"wp","href":"https:\/\/api.w.org\/{rel}","templated":true}]}}