{"id":75833,"date":"2025-12-15T20:04:16","date_gmt":"2025-12-15T20:04:16","guid":{"rendered":"https:\/\/www.europesays.com\/lv\/75833\/"},"modified":"2025-12-15T20:04:16","modified_gmt":"2025-12-15T20:04:16","slug":"ar-kiniesu-palidzibu-spanijas-pikapu-razotajs-santana-motors-atgriezas-aprite-foto-2","status":"publish","type":"post","link":"https:\/\/www.europesays.com\/lv\/75833\/","title":{"rendered":"Ar \u0137\u012bnie\u0161u pal\u012bdz\u012bbu \u2013 Sp\u0101nijas pikapu ra\u017eot\u0101js Santana Motors atgrie\u017eas aprit\u0113 (+ FOTO)"},"content":{"rendered":"<p>Santana Motors, pikapu un bezce\u013cu auto ra\u017eot\u0101js no Sp\u0101nijas, atgrie\u017eas aprit\u0113 ar \u0136\u012bnas investoru pal\u012bdz\u012bbu. Vispirms pirc\u0113jiem tiks pied\u0101v\u0101ts pikaps ar hibr\u012bda un d\u012bze\u013cdzin\u0113ja motoru, citi mode\u013ci sekos.<\/p>\n<p>Santana Motors ir Sp\u0101nijas autob\u016bves uz\u0146\u0113mums, kas v\u0113sturiski specializ\u0113j\u0101s apvidus un bezce\u013cu transportl\u012bdzek\u013cu ra\u017eo\u0161an\u0101. Tas tika dibin\u0101ts 1956. gad\u0101 Linares\u0101 (Andal\u016bzij\u0101) un k\u013cuva paz\u012bstams ar iztur\u012bgiem 4\u00d74 auto, kurus ra\u017eoja gan ar Land Rover licenci, gan v\u0113l\u0101k pa\u0161u izstr\u0101d\u0101t\u0101m tehnolo\u0123ij\u0101m. Santana automobi\u013cus pla\u0161i izmantoja armija, valsts dienesti, lauksaimnieki un bezce\u013cu entuziasti.<\/p>\n<p>P\u0113c \u010detrpadsmit gadu p\u0101rtraukuma Santana Motors ir atgriezies un ra\u017eo\u0161ana t\u0101 v\u0113sturiskaj\u0101 m\u0101jviet\u0101 &#8211; Linares\u0101, Andal\u016bzij\u0101 \u2013 ir s\u0101kusies.<\/p>\n<p>Pied\u0101v\u0101jum\u0101 ir divi pikapi: d\u012bze\u013ca 400D (190 Zs) un jaud\u012bgais spraudkontakta 400 PHEV plug-in hibr\u012bds ar l\u012bdz 120 km elektrisko un vair\u0101k nek\u0101 1000 km kop\u0113jo nobraukumu. Abi mode\u013ci pied\u0101v\u0101 \u012bstas bezce\u013cu sp\u0113jas, modernu apr\u012bkojumu un pla\u0161u vad\u012bt\u0101ja pal\u012bgsist\u0113mu kl\u0101stu ar l\u012bdz pat 28 elektroniskajiem pal\u012bgiem. P\u0101rdo\u0161anas un servisa t\u012bkls jau izveidots vair\u0101k\u0101s Dienvideiropas valst\u012bs. Tiek zi\u0146\u014dts, ka pikaps ar hibr\u012bddzin\u0113ju maks\u0101s aptuveni 30\u00a0000 eiro, modelis ar d\u012bze\u013cdzin\u0113ju \u2013 apttuveni 45\u00a0000 eiro.<\/p>\n<p>Santana n\u0101kotnes pl\u0101ni saist\u012bti ar strat\u0113\u0123isku sadarb\u012bbu ar \u0136\u012bnas autob\u016bves grupu BAIC. No 2026. gada Linares\u0101 tiks mont\u0113ti ar\u012b pilna izm\u0113ra apvidus auto, kas balst\u012bti uz BAIC platform\u0101m, bet ar Santana dizainu un identit\u0101ti.<\/p>\n<p>Z\u012bmols atgrie\u017eas ar\u012b autosport\u0101 un kult\u016bras telp\u0101, piedaloties bezce\u013cu sacens\u012bb\u0101s un atbalstot savu v\u0113sturi. Ra\u017eo\u0161anas atjauno\u0161ana dod ekonomisku impulsu re\u0123ionam un apliecina, ka Santana Motors, balstoties uz mantojumu un m\u016bsdien\u012bgu sadarb\u012bbu, atkal raug\u0101s n\u0101kotn\u0113.<\/p>\n<p>\t\t\t\t\t <a href=\"https:\/\/www.europesays.com\/lv\/wp-content\/uploads\/2025\/12\/51844_19abf35912a.jpg\"><img decoding=\"async\" src=\"https:\/\/www.europesays.com\/lv\/wp-content\/uploads\/2025\/12\/51844_19abf35912a.jpg\" alt=\"\"\/><\/a><\/p>\n<p>Foto: Santana Motors<\/p>\n<p>Stingri aizliegts iAuto.lv public\u0113tos materi\u0101lus izmantot, kop\u0113t vai reproduc\u0113t citos interneta port\u0101los, masu inform\u0101cijas l\u012bdzek\u013cos vai k\u0101 cit\u0101di r\u012bkoties ar iAuto.lv public\u0113tajiem materi\u0101liem bez rakstiskas EON SIA at\u013caujas sa\u0146em\u0161anas.<\/p>\n","protected":false},"excerpt":{"rendered":"Santana Motors, pikapu un bezce\u013cu auto ra\u017eot\u0101js no Sp\u0101nijas, atgrie\u017eas aprit\u0113 ar \u0136\u012bnas investoru pal\u012bdz\u012bbu. Vispirms pirc\u0113jiem tiks&hellip;\n","protected":false},"author":2,"featured_media":75116,"comment_status":"","ping_status":"","sticky":false,"template":"","format":"standard","meta":{"footnotes":""},"categories":[16],"tags":[19091,77,76,35,39,38,36,37,34,40],"class_list":{"0":"post-75833","1":"post","2":"type-post","3":"status-publish","4":"format-standard","5":"has-post-thumbnail","7":"category-bizness","8":"tag-ar-kiniesu-palidzibu-spanijas-pikapu-razotajs-santana-motors-atgriezas-aprite","9":"tag-bizness","10":"tag-business","11":"tag-latvia","12":"tag-latvian","13":"tag-latviesu","14":"tag-latviesu-valoda","15":"tag-latviesuvaloda","16":"tag-latvija","17":"tag-lv"},"share_on_mastodon":{"url":"https:\/\/pubeurope.com\/@lv\/115725380194482332","error":""},"_links":{"self":[{"href":"https:\/\/www.europesays.com\/lv\/wp-json\/wp\/v2\/posts\/75833","targetHints":{"allow":["GET"]}}],"collection":[{"href":"https:\/\/www.europesays.com\/lv\/wp-json\/wp\/v2\/posts"}],"about":[{"href":"https:\/\/www.europesays.com\/lv\/wp-json\/wp\/v2\/types\/post"}],"author":[{"embeddable":true,"href":"https:\/\/www.europesays.com\/lv\/wp-json\/wp\/v2\/users\/2"}],"replies":[{"embeddable":true,"href":"https:\/\/www.europesays.com\/lv\/wp-json\/wp\/v2\/comments?post=75833"}],"version-history":[{"count":0,"href":"https:\/\/www.europesays.com\/lv\/wp-json\/wp\/v2\/posts\/75833\/revisions"}],"wp:featuredmedia":[{"embeddable":true,"href":"https:\/\/www.europesays.com\/lv\/wp-json\/wp\/v2\/media\/75116"}],"wp:attachment":[{"href":"https:\/\/www.europesays.com\/lv\/wp-json\/wp\/v2\/media?parent=75833"}],"wp:term":[{"taxonomy":"category","embeddable":true,"href":"https:\/\/www.europesays.com\/lv\/wp-json\/wp\/v2\/categories?post=75833"},{"taxonomy":"post_tag","embeddable":true,"href":"https:\/\/www.europesays.com\/lv\/wp-json\/wp\/v2\/tags?post=75833"}],"curies":[{"name":"wp","href":"https:\/\/api.w.org\/{rel}","templated":true}]}}