{"id":75842,"date":"2025-12-15T20:17:15","date_gmt":"2025-12-15T20:17:15","guid":{"rendered":"https:\/\/www.europesays.com\/lv\/75842\/"},"modified":"2025-12-15T20:17:15","modified_gmt":"2025-12-15T20:17:15","slug":"maskava-masivs-dronu-uzbrukuma-atskan-spradzieni-redzamas-liesmas","status":"publish","type":"post","link":"https:\/\/www.europesays.com\/lv\/75842\/","title":{"rendered":"Maskav\u0101 mas\u012bvs dronu uzbrukuma \u2013 atskan spr\u0101dzieni, redzamas liesmas"},"content":{"rendered":"<p> Krievijas Aizsardz\u012bbas ministrija pirmdien, 15. decembr\u012b, pazi\u0146oja, ka t\u0101s gaisa aizsardz\u012bbas vien\u012bbas nakt\u012b notrieku\u0161as 130 Ukrainas bezpilota lidapar\u0101tu. 15 no tiem bija m\u0113r\u0137\u0113ti uz Maskavu.<\/p>\n<p>Krievijas galvaspils\u0113tas un t\u0101s apk\u0101rtnes rajonos iedz\u012bvot\u0101ji zi\u0146oja par spr\u0101dzieniem, bet operat\u012bvie dienesti dev\u0101s uz viet\u0101m, kur nokritu\u0161as atl\u016bzas.<\/p>\n<p>Par cietu\u0161ajiem vai b\u016btiskiem post\u012bjumiem zi\u0146ots netiek.<\/p>\n<p>Dronu uzbrukuma d\u0113\u013c uz laiku tika trauc\u0113ta gaisa satiksme ar\u012b Maskavas Domodedovas un \u017dukovskas lidost\u0101. \u0160\u0101di Ukrainas dronu triecieni Krievijas galvaspils\u0113tas virzien\u0101 p\u0113d\u0113j\u0101s ned\u0113\u013c\u0101s k\u013cuvu\u0161i arvien bie\u017e\u0101ki un regul\u0101ri rada nopietnus sare\u017e\u0123\u012bjumus avi\u0101cij\u0101, pat ja Krievijas amatpersonas apgalvo, ka visi droni tiek sekm\u012bgi p\u0101rtverti.<\/p>\n<p class=\"tv3-fw-500\">Zi\u0146o par k\u013c\u016bdu rakst\u0101<\/p>\n<p class=\"d-md-block d-none\">Iez\u012bm\u0113 k\u013c\u016bdaino tekstu un spied Ctrl+Enter.<\/p>\n<p class=\"d-md-none d-block\">Iez\u012bm\u0113 k\u013c\u016bdaino tekstu un zi\u0146o par to!<\/p>\n","protected":false},"excerpt":{"rendered":"Krievijas Aizsardz\u012bbas ministrija pirmdien, 15. decembr\u012b, pazi\u0146oja, ka t\u0101s gaisa aizsardz\u012bbas vien\u012bbas nakt\u012b notrieku\u0161as 130 Ukrainas bezpilota lidapar\u0101tu.&hellip;\n","protected":false},"author":2,"featured_media":75843,"comment_status":"","ping_status":"","sticky":false,"template":"","format":"standard","meta":{"footnotes":""},"categories":[14],"tags":[23,57,28,29,32,33,22,19225,30,31,35,39,38,36,37,34,40,20,26,27,24,25,54,55,56,21,58],"class_list":{"0":"post-75842","1":"post","2":"type-post","3":"status-publish","4":"format-standard","5":"has-post-thumbnail","7":"category-zinas-no-arvalstim","8":"tag-aktualitates","9":"tag-arvalstim","10":"tag-breaking-news","11":"tag-breakingnews","12":"tag-featured-news","13":"tag-featurednews","14":"tag-headlines","15":"tag-kars-ukrainakrievijas-agresijakrievijas-iebrukums-ukrainamaskava","16":"tag-latest-news","17":"tag-latestnews","18":"tag-latvia","19":"tag-latvian","20":"tag-latviesu","21":"tag-latviesu-valoda","22":"tag-latviesuvaloda","23":"tag-latvija","24":"tag-lv","25":"tag-news","26":"tag-popularakas-zinas","27":"tag-popularakaszinas","28":"tag-top-stories","29":"tag-topstories","30":"tag-world","31":"tag-world-news","32":"tag-worldnews","33":"tag-zinas","34":"tag-zinas-no-arvalstim"},"share_on_mastodon":{"url":"https:\/\/pubeurope.com\/@lv\/115725431339456892","error":""},"_links":{"self":[{"href":"https:\/\/www.europesays.com\/lv\/wp-json\/wp\/v2\/posts\/75842","targetHints":{"allow":["GET"]}}],"collection":[{"href":"https:\/\/www.europesays.com\/lv\/wp-json\/wp\/v2\/posts"}],"about":[{"href":"https:\/\/www.europesays.com\/lv\/wp-json\/wp\/v2\/types\/post"}],"author":[{"embeddable":true,"href":"https:\/\/www.europesays.com\/lv\/wp-json\/wp\/v2\/users\/2"}],"replies":[{"embeddable":true,"href":"https:\/\/www.europesays.com\/lv\/wp-json\/wp\/v2\/comments?post=75842"}],"version-history":[{"count":0,"href":"https:\/\/www.europesays.com\/lv\/wp-json\/wp\/v2\/posts\/75842\/revisions"}],"wp:featuredmedia":[{"embeddable":true,"href":"https:\/\/www.europesays.com\/lv\/wp-json\/wp\/v2\/media\/75843"}],"wp:attachment":[{"href":"https:\/\/www.europesays.com\/lv\/wp-json\/wp\/v2\/media?parent=75842"}],"wp:term":[{"taxonomy":"category","embeddable":true,"href":"https:\/\/www.europesays.com\/lv\/wp-json\/wp\/v2\/categories?post=75842"},{"taxonomy":"post_tag","embeddable":true,"href":"https:\/\/www.europesays.com\/lv\/wp-json\/wp\/v2\/tags?post=75842"}],"curies":[{"name":"wp","href":"https:\/\/api.w.org\/{rel}","templated":true}]}}