{"id":75850,"date":"2025-12-15T20:29:08","date_gmt":"2025-12-15T20:29:08","guid":{"rendered":"https:\/\/www.europesays.com\/lv\/75850\/"},"modified":"2025-12-15T20:29:08","modified_gmt":"2025-12-15T20:29:08","slug":"krievija-eksporte-haosu-uzsver-mi6-direktore","status":"publish","type":"post","link":"https:\/\/www.europesays.com\/lv\/75850\/","title":{"rendered":"Krievija eksport\u0113 haosu, uzsver MI6 direktore"},"content":{"rendered":"<p>&#8220;Draudi, kas izriet no Krievijas, ir nopietni,&#8221; br\u012bdin\u0101ja izl\u016bkdienesta vad\u012bt\u0101ja.<\/p>\n<p>Vi\u0146a \u012bpa\u0161u uzman\u012bbu v\u0113rsa hibr\u012bdkaram, kas ietver kiberuzbrukumus un dronu palai\u0161anu kritisk\u0101s infrastrukt\u016bras tuvum\u0101, par ko aizdom\u0101s tiek tur\u0113ti Krievijas a\u0123enti.<\/p>\n<p>Tie ir &#8220;ak\u016bti agres\u012bv\u0101s, ekspansionistisk\u0101s un revizionistisk\u0101s Krievijas draudi&#8221;, sac\u012bja MI6 direktore.<\/p>\n<p>&#8220;Haosa eksports nav mis\u0113klis Krievijas pieej\u0101 starptautiskajai iesaistei, bet gan t\u0101s iez\u012bme, un mums j\u0101b\u016bt gataviem, ka tas turpin\u0101sies, l\u012bdz Putins b\u016bs spiests main\u012bt savus apr\u0113\u0137inus,&#8221; kl\u0101st\u012bja Metreveli.<\/p>\n","protected":false},"excerpt":{"rendered":"&#8220;Draudi, kas izriet no Krievijas, ir nopietni,&#8221; br\u012bdin\u0101ja izl\u016bkdienesta vad\u012bt\u0101ja. Vi\u0146a \u012bpa\u0161u uzman\u012bbu v\u0113rsa hibr\u012bdkaram, kas ietver kiberuzbrukumus&hellip;\n","protected":false},"author":2,"featured_media":75851,"comment_status":"","ping_status":"","sticky":false,"template":"","format":"standard","meta":{"footnotes":""},"categories":[14],"tags":[23,57,28,29,32,33,22,74,30,31,35,39,38,36,37,34,40,20,26,27,24,25,54,55,56,21,58],"class_list":{"0":"post-75850","1":"post","2":"type-post","3":"status-publish","4":"format-standard","5":"has-post-thumbnail","7":"category-zinas-no-arvalstim","8":"tag-aktualitates","9":"tag-arvalstim","10":"tag-breaking-news","11":"tag-breakingnews","12":"tag-featured-news","13":"tag-featurednews","14":"tag-headlines","15":"tag-krievijas-iebrukums-ukraina","16":"tag-latest-news","17":"tag-latestnews","18":"tag-latvia","19":"tag-latvian","20":"tag-latviesu","21":"tag-latviesu-valoda","22":"tag-latviesuvaloda","23":"tag-latvija","24":"tag-lv","25":"tag-news","26":"tag-popularakas-zinas","27":"tag-popularakaszinas","28":"tag-top-stories","29":"tag-topstories","30":"tag-world","31":"tag-world-news","32":"tag-worldnews","33":"tag-zinas","34":"tag-zinas-no-arvalstim"},"share_on_mastodon":{"url":"https:\/\/pubeurope.com\/@lv\/115725478748588989","error":""},"_links":{"self":[{"href":"https:\/\/www.europesays.com\/lv\/wp-json\/wp\/v2\/posts\/75850","targetHints":{"allow":["GET"]}}],"collection":[{"href":"https:\/\/www.europesays.com\/lv\/wp-json\/wp\/v2\/posts"}],"about":[{"href":"https:\/\/www.europesays.com\/lv\/wp-json\/wp\/v2\/types\/post"}],"author":[{"embeddable":true,"href":"https:\/\/www.europesays.com\/lv\/wp-json\/wp\/v2\/users\/2"}],"replies":[{"embeddable":true,"href":"https:\/\/www.europesays.com\/lv\/wp-json\/wp\/v2\/comments?post=75850"}],"version-history":[{"count":0,"href":"https:\/\/www.europesays.com\/lv\/wp-json\/wp\/v2\/posts\/75850\/revisions"}],"wp:featuredmedia":[{"embeddable":true,"href":"https:\/\/www.europesays.com\/lv\/wp-json\/wp\/v2\/media\/75851"}],"wp:attachment":[{"href":"https:\/\/www.europesays.com\/lv\/wp-json\/wp\/v2\/media?parent=75850"}],"wp:term":[{"taxonomy":"category","embeddable":true,"href":"https:\/\/www.europesays.com\/lv\/wp-json\/wp\/v2\/categories?post=75850"},{"taxonomy":"post_tag","embeddable":true,"href":"https:\/\/www.europesays.com\/lv\/wp-json\/wp\/v2\/tags?post=75850"}],"curies":[{"name":"wp","href":"https:\/\/api.w.org\/{rel}","templated":true}]}}