{"id":75854,"date":"2025-12-15T20:32:08","date_gmt":"2025-12-15T20:32:08","guid":{"rendered":"https:\/\/www.europesays.com\/lv\/75854\/"},"modified":"2025-12-15T20:32:08","modified_gmt":"2025-12-15T20:32:08","slug":"sova-x-faktors-uzvaretajs-namejs-debite-muzika-ar-simbolisku-un-emocionali-dzilu-singlu-aderes","status":"publish","type":"post","link":"https:\/\/www.europesays.com\/lv\/75854\/","title":{"rendered":"\u0160ova &#8220;X Faktors&#8221; uzvar\u0113t\u0101js Namejs debit\u0113 m\u016bzik\u0101 ar simbolisku un emocion\u0101li dzi\u013cu singlu &#8220;\u0100deres&#8221;"},"content":{"rendered":"<p>\u201c\u0160is ir mans pirmais solis m\u016bzik\u0101, bet es neesmu \u0161eit tikai, lai dzied\u0101tu, bet ar\u012b t\u0101p\u0113c, lai st\u0101st\u012btu st\u0101stus, par\u0101d\u012btu cilv\u0113kiem savu priek\u0161statu par pasauli, kur\u0101 dz\u012bvojam, k\u0101 m\u0113s to redzam. M\u0101ksl\u0101 ielieku visu sevi. Tas ir k\u0101 sal\u012bdzin\u0101jums \u2013 mednieks un lamatas. Tu ieliec tur visu \u2013 zin\u0101\u0161anas, pieredzi, intu\u012bciju, saj\u016btas. Ar m\u016bziku es varu iedot klaus\u012bt\u0101jiem da\u013cu no sevis,\u201d<\/p>\n","protected":false},"excerpt":{"rendered":"\u201c\u0160is ir mans pirmais solis m\u016bzik\u0101, bet es neesmu \u0161eit tikai, lai dzied\u0101tu, bet ar\u012b t\u0101p\u0113c, lai st\u0101st\u012btu&hellip;\n","protected":false},"author":2,"featured_media":75855,"comment_status":"","ping_status":"","sticky":false,"template":"","format":"standard","meta":{"footnotes":""},"categories":[19],"tags":[89,90,35,39,38,36,37,34,40,19227,1111],"class_list":{"0":"post-75854","1":"post","2":"type-post","3":"status-publish","4":"format-standard","5":"has-post-thumbnail","7":"category-izklaide","8":"tag-entertainment","9":"tag-izklaide","10":"tag-latvia","11":"tag-latvian","12":"tag-latviesu","13":"tag-latviesu-valoda","14":"tag-latviesuvaloda","15":"tag-latvija","16":"tag-lv","17":"tag-namejs","18":"tag-x-faktors"},"share_on_mastodon":{"url":"https:\/\/pubeurope.com\/@lv\/115725490124011713","error":""},"_links":{"self":[{"href":"https:\/\/www.europesays.com\/lv\/wp-json\/wp\/v2\/posts\/75854","targetHints":{"allow":["GET"]}}],"collection":[{"href":"https:\/\/www.europesays.com\/lv\/wp-json\/wp\/v2\/posts"}],"about":[{"href":"https:\/\/www.europesays.com\/lv\/wp-json\/wp\/v2\/types\/post"}],"author":[{"embeddable":true,"href":"https:\/\/www.europesays.com\/lv\/wp-json\/wp\/v2\/users\/2"}],"replies":[{"embeddable":true,"href":"https:\/\/www.europesays.com\/lv\/wp-json\/wp\/v2\/comments?post=75854"}],"version-history":[{"count":0,"href":"https:\/\/www.europesays.com\/lv\/wp-json\/wp\/v2\/posts\/75854\/revisions"}],"wp:featuredmedia":[{"embeddable":true,"href":"https:\/\/www.europesays.com\/lv\/wp-json\/wp\/v2\/media\/75855"}],"wp:attachment":[{"href":"https:\/\/www.europesays.com\/lv\/wp-json\/wp\/v2\/media?parent=75854"}],"wp:term":[{"taxonomy":"category","embeddable":true,"href":"https:\/\/www.europesays.com\/lv\/wp-json\/wp\/v2\/categories?post=75854"},{"taxonomy":"post_tag","embeddable":true,"href":"https:\/\/www.europesays.com\/lv\/wp-json\/wp\/v2\/tags?post=75854"}],"curies":[{"name":"wp","href":"https:\/\/api.w.org\/{rel}","templated":true}]}}