{"id":75860,"date":"2025-12-15T20:38:07","date_gmt":"2025-12-15T20:38:07","guid":{"rendered":"https:\/\/www.europesays.com\/lv\/75860\/"},"modified":"2025-12-15T20:38:07","modified_gmt":"2025-12-15T20:38:07","slug":"kodijs-brauns-no-masu-sievam-mekle-izligumu-ar-pirmo-sievu-kristini-lente-lv","status":"publish","type":"post","link":"https:\/\/www.europesays.com\/lv\/75860\/","title":{"rendered":"Kodijs Brauns no &#8220;M\u0101su siev\u0101m&#8221; mekl\u0113 izl\u012bgumu ar pirmo sievu Krist\u012bni\u00a0\u2014\u00a0Lente.lv"},"content":{"rendered":"<p>Kodijs Brauns mekl\u0113 izl\u012bgumu ar pirmo sievu Krist\u012bni<\/p>\n<p>K\u0101 zi\u0146o telekan\u0101ls TV3, realit\u0101tes \u0161ova \u201cM\u0101sas sievas\u201d zvaigzne Kodijs Brauns, kur\u0161 p\u0113d\u0113jos gados \u0161\u0137\u012bries no trim no sav\u0101m \u010detr\u0101m siev\u0101m, ir uzs\u0101cis ce\u013cu uz izl\u012bgumu ar sav\u0101m biju\u0161aj\u0101m laul\u0101taj\u0101m draudzen\u0113m. Galvenais m\u0113r\u0137is \u0161iem centieniem ir uzlabot attiec\u012bbas b\u0113rnu d\u0113\u013c, kuri paliku\u0161i starp Kodiju un vi\u0146a biju\u0161aj\u0101m siev\u0101m.<\/p>\n<p>Kodiju \u0161aj\u0101 sare\u017e\u0123\u012btaj\u0101 proces\u0101 atbalsta vi\u0146a ceturt\u0101 un pa\u0161laik vien\u012bg\u0101 sieva Robina. Vi\u0146a ir palikusi uztic\u012bga Kodijam, neskatoties uz to, ka vi\u0146u \u0123imene vairs nedz\u012bvo polig\u0101m\u0101 laul\u012bb\u0101. Robina, kura pati pievienoj\u0101s Braunu kl\u0101nam 2010. gad\u0101 k\u0101 ceturt\u0101 sieva, ir paudusi, ka j\u016bt zin\u0101mu vainu par Kodija un Krist\u012bnes \u0161\u0137ir\u0161anos, nor\u0101dot uz to, ka jaun\u0101 laul\u012bba bie\u017ei vien rada sasprindzin\u0101jumu starp eso\u0161aj\u0101m siev\u0101m. Vi\u0146a atz\u012bst, ka \u0161\u0101das izmai\u0146as nekad nav vieglas un var rad\u012bt neapmierin\u0101t\u012bbu.<\/p>\n<p>Izl\u016bg\u0161an\u0101s un piedo\u0161ana: Kodija atvaino\u0161an\u0101s Krist\u012bnei<\/p>\n<p>Nesens notikums atkl\u0101jis Kodija centienus izl\u012bgt ar Krist\u012bni Braunu, kura bija pirm\u0101 no vi\u0146a siev\u0101m, kas pameta \u0161o polig\u0101mo savien\u012bbu. Kodijs uzaicin\u0101ja Krist\u012bni uz kop\u012bg\u0101m pusdien\u0101m, uzsverot, ka vi\u0146a var \u0146emt l\u012bdzi ar\u012b savu jauno v\u012bru Deividu, demonstr\u0113jot cie\u0146u un v\u0113lmi par\u0101d\u012bt, ka vi\u0146\u0161 ir gatavs sadarboties. Pusdienu laik\u0101 Kodijs sirsn\u012bgi atvainoj\u0101s Krist\u012bnei par vi\u0146u \u0161\u0137ir\u0161an\u0101s procesu un rad\u012btaj\u0101m gr\u016bt\u012bb\u0101m. Vi\u0146\u0161 atzina, ka dusmu iespaid\u0101 bie\u017ei vien ir izteicis lietas, kuras nav biju\u0161as patiesas, piem\u0113ram, ka vi\u0146\u0161 nebija m\u012bl\u0113jis savas biju\u0161\u0101s sievas.<\/p>\n<p>\u201cNo sirds gribu atvainoties par to, k\u0101 m\u0113s iz\u0161\u0137\u012br\u0101mies, par to, k\u0101 viss notika, ka biju dusm\u012bgs un rad\u012bju gr\u016bt\u012bbas,\u201d Kodijs teica Krist\u012bnei. \u0160ie v\u0101rdi atkl\u0101j dzi\u013cu no\u017e\u0113lu un v\u0113lmi labot pag\u0101tnes k\u013c\u016bdas. Krist\u012bne pie\u0146\u0113ma Kodija atvaino\u0161anos, nor\u0101dot, ka viss ir pag\u0101tn\u0113 un vi\u0146a ir piedevusi. Vi\u0146a atzina, ka atvaino\u0161an\u0101s ir jauks \u017eests, bet vi\u0146a jau sen ir savu dz\u012bvi sak\u0101rtojusi un ir laim\u012bga.<\/p>\n<p>Attiec\u012bbu sare\u017e\u0123\u012bt\u012bba un b\u0113rnu lab\u0101<\/p>\n<p>Kodijam un Krist\u012bnei kop\u0101 ir se\u0161i b\u0113rni, t\u0101p\u0113c Kodija v\u0113lme uztur\u0113t labas attiec\u012bbas ar biju\u0161o sievu ir saprotama un \u013coti svar\u012bga vi\u0146u atva\u0161u lab\u0101. Neskatoties uz to, ka Krist\u012bne ir viena no t\u0101m, kas ir pametusi Kodiju, vi\u0146a joproj\u0101m ir svar\u012bga da\u013ca no vi\u0146a dz\u012bves, jo vi\u0146us vieno kop\u012bgi b\u0113rni. Vi\u0146as \u0161\u0137ir\u0161an\u0101s nebija viegla, un vi\u0146a ir ar\u012b publiski paudusi, ka Kodijs ir nodarbojies ar emocion\u0101lu teroru gan pirms, gan p\u0113c \u0161\u0137ir\u0161an\u0101s. Tom\u0113r \u0161obr\u012bd vi\u0146a ir gatava pie\u0146emt atvaino\u0161anos un virz\u012bties uz priek\u0161u.<\/p>\n<p>Kodijs Brauns kopum\u0101 ir 18 b\u0113rnu t\u0113vs ar \u010detr\u0101m siev\u0101m. P\u0113c daudzu gadu polig\u0101mas dz\u012bves modelis ir sabrucis, un tagad vi\u0146\u0161 ir palicis kop\u0101 tikai ar Robinu. P\u0101r\u0113j\u0101s tr\u012bs sievietes \u2013 Meri, D\u017eenela un Krist\u012bne \u2013 ir pametu\u0161as \u0123imeni. Daudzi no vi\u0146a 18 b\u0113rniem ir izv\u0113l\u0113ju\u0161ies distanc\u0113ties no t\u0113va, kas rada lielas s\u0101pes un satraukumu Robina, kura pati b\u0113rn\u012bb\u0101 nav piedz\u012bvojusi past\u0101v\u012bgu vec\u0101ku kl\u0101tb\u016btni. \u0160\u012b situ\u0101cija liek dom\u0101t par attiec\u012bbu dinamiku Braunu \u0123imen\u0113 un par to, k\u0101 t\u0113va un b\u0113rnu attiec\u012bbas var tikt ietekm\u0113tas no sare\u017e\u0123\u012bt\u0101m laul\u012bbas attiec\u012bb\u0101m.<\/p>\n<p>Robinas loma un polig\u0101mijas n\u0101kotne<\/p>\n<p>Robina Brauna, \u0161obr\u012bd vien\u012bg\u0101 Kodija sieva, ir nor\u0101d\u012bjusi, ka vi\u0146a ir gatava pie\u0146emt jebkuru no Kodija biju\u0161aj\u0101m siev\u0101m atpaka\u013c \u0123imen\u0113, ja vien t\u0101da b\u016btu abu pu\u0161u v\u0113lme. Tas liecina par vi\u0146as gatav\u012bbu m\u0113\u0123in\u0101t salied\u0113t sa\u0161\u0137elt\u0101s \u0123imenes saites, pat ja tas noz\u012bm\u0113tu atgrie\u0161anos pie agr\u0101k\u0101 polig\u0101m\u0101 mode\u013ca. Vi\u0146a ir ar\u012b publiski paudusi ba\u017eas par Kodija attiec\u012bb\u0101m ar b\u0113rniem, uzsverot, ka daudzi no vec\u0101kajiem b\u0113rniem ir izv\u0113l\u0113ju\u0161ies distanc\u0113ties no t\u0113va, radot s\u0101pes un neskaidr\u012bbu par attiec\u012bbu n\u0101kotni.<\/p>\n<p>\u0160ova \u201cM\u0101sas sievas\u201d popularit\u0101te un Kodija Brauna person\u012bg\u0101 dz\u012bve turpina interes\u0113t skat\u012bt\u0101jus. St\u0101sts par polig\u0101mu \u0123imeni, t\u0101s probl\u0113m\u0101m, laimes mirk\u013ciem, m\u012blest\u012bbu, nesaska\u0146\u0101m un str\u012bdiem atspogu\u013co da\u017e\u0101du \u0123imenes mode\u013cu sare\u017e\u0123\u012bt\u012bbu. Kodija centieni atjaunot attiec\u012bbas ar biju\u0161aj\u0101m siev\u0101m, \u012bpa\u0161i ar Krist\u012bni, ir solis uz priek\u0161u, kas par\u0101da, ka pat p\u0113c \u0161\u0137ir\u0161an\u0101s ir iesp\u0113jama izl\u012bg\u0161ana un lab\u0101ku attiec\u012bbu veido\u0161ana b\u0113rnu d\u0113\u013c. Tom\u0113r atliku\u0161ie izaicin\u0101jumi attiec\u012bb\u0101s ar b\u0113rniem un biju\u0161aj\u0101m siev\u0101m joproj\u0101m ir nopietni, un ir interesanti sekot l\u012bdzi tam, k\u0101 Kodijs un vi\u0146a \u0123imene sp\u0113s tos p\u0101rvar\u0113t.<\/p>\n","protected":false},"excerpt":{"rendered":"Kodijs Brauns mekl\u0113 izl\u012bgumu ar pirmo sievu Krist\u012bni K\u0101 zi\u0146o telekan\u0101ls TV3, realit\u0101tes \u0161ova \u201cM\u0101sas sievas\u201d zvaigzne Kodijs&hellip;\n","protected":false},"author":2,"featured_media":75861,"comment_status":"","ping_status":"","sticky":false,"template":"","format":"standard","meta":{"footnotes":""},"categories":[19],"tags":[89,3824,90,19233,19234,35,39,38,36,37,34,40,19232,19235],"class_list":{"0":"post-75860","1":"post","2":"type-post","3":"status-publish","4":"format-standard","5":"has-post-thumbnail","7":"category-izklaide","8":"tag-entertainment","9":"tag-gimenes-attiecibas","10":"tag-izklaide","11":"tag-kodijs-brauns","12":"tag-kristine-brauna","13":"tag-latvia","14":"tag-latvian","15":"tag-latviesu","16":"tag-latviesu-valoda","17":"tag-latviesuvaloda","18":"tag-latvija","19":"tag-lv","20":"tag-masas-sievas","21":"tag-poligamija"},"share_on_mastodon":{"url":"https:\/\/pubeurope.com\/@lv\/115725513750507045","error":""},"_links":{"self":[{"href":"https:\/\/www.europesays.com\/lv\/wp-json\/wp\/v2\/posts\/75860","targetHints":{"allow":["GET"]}}],"collection":[{"href":"https:\/\/www.europesays.com\/lv\/wp-json\/wp\/v2\/posts"}],"about":[{"href":"https:\/\/www.europesays.com\/lv\/wp-json\/wp\/v2\/types\/post"}],"author":[{"embeddable":true,"href":"https:\/\/www.europesays.com\/lv\/wp-json\/wp\/v2\/users\/2"}],"replies":[{"embeddable":true,"href":"https:\/\/www.europesays.com\/lv\/wp-json\/wp\/v2\/comments?post=75860"}],"version-history":[{"count":0,"href":"https:\/\/www.europesays.com\/lv\/wp-json\/wp\/v2\/posts\/75860\/revisions"}],"wp:featuredmedia":[{"embeddable":true,"href":"https:\/\/www.europesays.com\/lv\/wp-json\/wp\/v2\/media\/75861"}],"wp:attachment":[{"href":"https:\/\/www.europesays.com\/lv\/wp-json\/wp\/v2\/media?parent=75860"}],"wp:term":[{"taxonomy":"category","embeddable":true,"href":"https:\/\/www.europesays.com\/lv\/wp-json\/wp\/v2\/categories?post=75860"},{"taxonomy":"post_tag","embeddable":true,"href":"https:\/\/www.europesays.com\/lv\/wp-json\/wp\/v2\/tags?post=75860"}],"curies":[{"name":"wp","href":"https:\/\/api.w.org\/{rel}","templated":true}]}}