{"id":75926,"date":"2025-12-15T22:44:14","date_gmt":"2025-12-15T22:44:14","guid":{"rendered":"https:\/\/www.europesays.com\/lv\/75926\/"},"modified":"2025-12-15T22:44:14","modified_gmt":"2025-12-15T22:44:14","slug":"video-%e2%9f%a9-tris-gados-dzerajsoferiem-atnemti-vismaz-2000-transportlidzeklu-viens-no-dargakajiem","status":"publish","type":"post","link":"https:\/\/www.europesays.com\/lv\/75926\/","title":{"rendered":"VIDEO \u27e9 Tr\u012bs gados dz\u0113r\u0101j\u0161oferiem at\u0146emti vismaz 2000 transportl\u012bdzek\u013cu. Viens no d\u0101rg\u0101kajiem"},"content":{"rendered":"<p>Da\u013ca no tiem non\u0101k izsol\u0113s, bet da\u013ca Ukrain\u0101. Viens no d\u0101rg\u0101kajiem realiz\u0113tajiem sp\u0113kratiem bijis \u201cFerrari\u201d par 176 000 eiro.<\/p>\n<p>2022. gada novembr\u012b st\u0101j\u0101s sp\u0113k\u0101 groz\u012bjumi Krimin\u0101llikum\u0101, kas paredz krimin\u0101latbild\u012bbu par transportl\u012bdzek\u013ca vad\u012b\u0161anu vai m\u0101c\u012b\u0161anu vad\u012bt transportl\u012bdzekli, ja izelpot\u0101 gaisa vai asins p\u0101rbaud\u0113 konstat\u0113t\u0101 alkohola koncentr\u0101cija p\u0101rsniedz 1,5 promiles. T\u0101pat krimin\u0101latbild\u012bba paredz\u0113ta par transportl\u012bdzek\u013ca vad\u012b\u0161anu vai m\u0101c\u012b\u0161anu vad\u012bt transportl\u012bdzekli, atrodoties narkotisko, psihotropo, toksisko vai citu apreibino\u0161u vielu ietekm\u0113.<\/p>\n<p>Turkl\u0101t tiek konfisc\u0113ts transportl\u012bdzeklis, ja \u012bpa\u0161nieks to vad\u012bjis stipr\u0101 reibum\u0101 vai atteicies no apreibino\u0161o vielu kl\u0101tb\u016btnes organism\u0101 p\u0101rbaudes. Gad\u012bjumos, ja reibum\u0101 vad\u012btais transportl\u012bdzeklis pieder citai personai, no vain\u012bg\u0101s personas piedzen pilnu vai da\u013c\u0113ju \u0161\u012b transportl\u012bdzek\u013ca v\u0113rt\u012bbu.<\/p>\n<p>Vair\u0101k skaties si\u017eet\u0101!<\/p>\n","protected":false},"excerpt":{"rendered":"Da\u013ca no tiem non\u0101k izsol\u0113s, bet da\u013ca Ukrain\u0101. Viens no d\u0101rg\u0101kajiem realiz\u0113tajiem sp\u0113kratiem bijis \u201cFerrari\u201d par 176 000&hellip;\n","protected":false},"author":2,"featured_media":75927,"comment_status":"","ping_status":"","sticky":false,"template":"","format":"standard","meta":{"footnotes":""},"categories":[12],"tags":[23,65,28,29,5811,5810,32,33,22,30,31,35,39,38,36,37,34,40,20,26,27,24,25,21],"class_list":{"0":"post-75926","1":"post","2":"type-post","3":"status-publish","4":"format-standard","5":"has-post-thumbnail","7":"category-latvija","8":"tag-aktualitates","9":"tag-auto","10":"tag-breaking-news","11":"tag-breakingnews","12":"tag-dzerajsoferi-un-promiles","13":"tag-dzerajsoferis","14":"tag-featured-news","15":"tag-featurednews","16":"tag-headlines","17":"tag-latest-news","18":"tag-latestnews","19":"tag-latvia","20":"tag-latvian","21":"tag-latviesu","22":"tag-latviesu-valoda","23":"tag-latviesuvaloda","24":"tag-latvija","25":"tag-lv","26":"tag-news","27":"tag-popularakas-zinas","28":"tag-popularakaszinas","29":"tag-top-stories","30":"tag-topstories","31":"tag-zinas"},"share_on_mastodon":{"url":"https:\/\/pubeurope.com\/@lv\/115726009152873755","error":""},"_links":{"self":[{"href":"https:\/\/www.europesays.com\/lv\/wp-json\/wp\/v2\/posts\/75926","targetHints":{"allow":["GET"]}}],"collection":[{"href":"https:\/\/www.europesays.com\/lv\/wp-json\/wp\/v2\/posts"}],"about":[{"href":"https:\/\/www.europesays.com\/lv\/wp-json\/wp\/v2\/types\/post"}],"author":[{"embeddable":true,"href":"https:\/\/www.europesays.com\/lv\/wp-json\/wp\/v2\/users\/2"}],"replies":[{"embeddable":true,"href":"https:\/\/www.europesays.com\/lv\/wp-json\/wp\/v2\/comments?post=75926"}],"version-history":[{"count":0,"href":"https:\/\/www.europesays.com\/lv\/wp-json\/wp\/v2\/posts\/75926\/revisions"}],"wp:featuredmedia":[{"embeddable":true,"href":"https:\/\/www.europesays.com\/lv\/wp-json\/wp\/v2\/media\/75927"}],"wp:attachment":[{"href":"https:\/\/www.europesays.com\/lv\/wp-json\/wp\/v2\/media?parent=75926"}],"wp:term":[{"taxonomy":"category","embeddable":true,"href":"https:\/\/www.europesays.com\/lv\/wp-json\/wp\/v2\/categories?post=75926"},{"taxonomy":"post_tag","embeddable":true,"href":"https:\/\/www.europesays.com\/lv\/wp-json\/wp\/v2\/tags?post=75926"}],"curies":[{"name":"wp","href":"https:\/\/api.w.org\/{rel}","templated":true}]}}