{"id":75941,"date":"2025-12-15T23:22:16","date_gmt":"2025-12-15T23:22:16","guid":{"rendered":"https:\/\/www.europesays.com\/lv\/75941\/"},"modified":"2025-12-15T23:22:16","modified_gmt":"2025-12-15T23:22:16","slug":"tiesas-diena-reklamai-lai-palielinatu-kino-apmeklejumu-lente-lv","status":"publish","type":"post","link":"https:\/\/www.europesays.com\/lv\/75941\/","title":{"rendered":"Tiesas diena\u00bb rekl\u0101mai, lai palielin\u0101tu kino apmekl\u0113jumu\u00a0\u2014\u00a0Lente.lv"},"content":{"rendered":"<p>Disney izmanto \u00abAvatara\u00bb auditoriju \u00abMstiteles: Tiesas diena\u00bb rekl\u0101mai<\/p>\n<p>Komp\u0101nija Disney mekl\u0113 jaunus veidus, k\u0101 piesaist\u012bt skat\u012bt\u0101jus uz \u00abAvatar 3: Uguns un pelni\u00bb, pat izmantojot citu gaid\u0101mo gr\u0101v\u0113ju \u2013 \u00abMstiteles: Tiesas diena\u00bb rekl\u0101mu. K\u0101 zi\u0146o \u00abHollywood Reporter\u00bb, studija ir rad\u012bjusi \u010detrus da\u017e\u0101dus \u00abMstiteles\u00bb t\u012bzerus, kas tiks demonstr\u0113ti filmu demonstr\u0101ciju laik\u0101. Tas ir strat\u0113\u0123isks solis, lai mudin\u0101tu \u00abAvatara\u00bb fanus, kuri v\u0113las redz\u0113t visu, ieg\u0101d\u0101ties bi\u013cetes atk\u0101rtoti.<\/p>\n<p>Daudzveid\u012bgi t\u012bzeri un spekul\u0101cijas<\/p>\n<p>Katrs no \u0161iem \u012bpa\u0161ajiem t\u012bzeriem tiks demonstr\u0113ts ned\u0113\u013cu, s\u0101kot ar 19. decembri, kad paredz\u0113ta filmas \u00abAvatar 3: Uguns un pelni\u00bb pirmizr\u0101de kinote\u0101tros. Interesanti, ka internet\u0101 izplat\u012bju\u0161\u0101s baumas liecina, ka \u00abMstiteles\u00bb videoklipi var\u0113tu b\u016bt tematiskai saist\u012bti ar turpm\u0101kajiem notikumiem uz Pandoras plan\u0113tas, ta\u010du prec\u012bzs \u0161o sai\u0161u meh\u0101nisms joproj\u0101m nav skaidrs. \u0160\u0101da netradicion\u0101la pieeja nor\u0101da uz Disney centieniem maksim\u0101li izmantot katru iesp\u0113ju.<\/p>\n<p>\u00abAvatara 3\u00bb finansi\u0101l\u0101s cer\u012bbas un izaicin\u0101jumi<\/p>\n<p>Filma \u00abAvatar 3\u00bb ir \u0101rk\u0101rt\u012bgi svar\u012bgs projekts komp\u0101nijai Disney. Ar iespaid\u012bgu aktieru sast\u0101vu un tehnolo\u0123iski att\u012bst\u012btiem specefektiem, filmas rad\u012b\u0161ana pras\u012bjusi milz\u012bgus finansi\u0101lus l\u012bdzek\u013cus. Lai gan iepriek\u0161\u0113j\u0101s da\u013cas ir nopeln\u012bju\u0161as miljardiem dol\u0101ru, past\u0101v jaut\u0101jums, vai \u00abUguns un pelni\u00bb sp\u0113s atk\u0101rtot \u0161o pan\u0101kumu. Lai gan pirm\u0101s atsauksmes slav\u0113 vizu\u0101lo pusi, tiek nor\u0101d\u012bts, ka filma neko jaunu pied\u0101v\u0101t nesp\u0113j. Pats D\u017eeimss Kemerons ir nor\u0101d\u012bjis, ka \u0161\u012b b\u016bs fran\u0161\u012bzes nosl\u0113dzo\u0161\u0101 da\u013ca, ja vien t\u0101 nesp\u0113s nopeln\u012bt pietiekami daudz l\u012bdzek\u013cu.<\/p>\n<blockquote>\n<p>\u00abCilv\u0113ki m\u0113dz ignor\u0113t turpin\u0101jumus, ja vien t\u0101s nav filmas k\u0101 \u00abGredzenu pav\u0113lnieks 3\u00bb&#8230; Kl\u0101t n\u0101k ar\u012b straum\u0113\u0161anas platformu un Covid-19 pand\u0113mijas rad\u012btais efekts, kas ir samazin\u0101jis kinote\u0101tru apmekl\u0113t\u0101ju skaitu. Pa\u0161laik tas ir aptuveni 75% no 2019. gada,\u00bb atzina re\u017eisors.<\/p>\n<\/blockquote>\n<p>Prognozes un bud\u017eeta r\u0113\u0137ini<\/p>\n<p>Pa\u0161laik \u00abAvatar 3\u00bb atkl\u0101\u0161anas ned\u0113\u013cas prognozes ir apm\u0113ram 100 miljoni dol\u0101ru, kas ir iev\u0113rojami maz\u0101k nek\u0101 \u00abThe Way of Water\u00bb. P\u0113c neofici\u0101las inform\u0101cijas, \u00abUguns un pelni\u00bb bud\u017eets ir p\u0101rsniedzis 400 miljonus dol\u0101ru. Lai b\u016btu finansi\u0101li veiksm\u012bga (ne\u0146emot v\u0113r\u0101 m\u0101rketinga izmaksas), filmai vajadz\u0113tu nopeln\u012bt vismaz 1 miljardu dol\u0101ru. Kemerons pats nav atkl\u0101jis prec\u012bzas izmaksas, bet ir izteicies visp\u0101r\u012bgi par \u00abtonnu naudas\u00bb, nor\u0101dot, ka \u00abvajadz\u0113s nopeln\u012bt divas \u00abtonnas naudas\u00bb, lai b\u016btu pe\u013c\u0146a\u00bb. Vi\u0146\u0161 ir p\u0101rliecin\u0101ts par filmas sp\u0113ju peln\u012bt, ta\u010du jaut\u0101jums ir par to, vai tas b\u016bs pietiekami, lai attaisnotu turpin\u0101jumus.<\/p>\n<p>Strat\u0113\u0123ija un gaid\u0101mie notikumi<\/p>\n<p>Viens no veidiem, k\u0101 sasniegt nepiecie\u0161amo summu, ir sp\u0113l\u0113t uz citu gaid\u012btu filmu rad\u012bto interesi. Run\u0101jot par \u00abMstiteles: Tiesas diena\u00bb, t\u0101s izn\u0101k\u0161ana pl\u0101nota 2026. gada decembr\u012b, un sagaid\u0101ms, ka Roberts Daunijs juniors atgriez\u012bsies jaun\u0101 \u013caundara lom\u0101. Tikm\u0113r \u00abAvatar 3\u00bb komponists ir uzrakst\u012bjis 1907 lappu\u0161u garas notis, lai nodro\u0161in\u0101tu vair\u0101k nek\u0101 3 stundu filmai pietiekamu muzik\u0101lo pavad\u012bjumu.<\/p>\n","protected":false},"excerpt":{"rendered":"Disney izmanto \u00abAvatara\u00bb auditoriju \u00abMstiteles: Tiesas diena\u00bb rekl\u0101mai Komp\u0101nija Disney mekl\u0113 jaunus veidus, k\u0101 piesaist\u012bt skat\u012bt\u0101jus uz \u00abAvatar&hellip;\n","protected":false},"author":2,"featured_media":75942,"comment_status":"","ping_status":"","sticky":false,"template":"","format":"standard","meta":{"footnotes":""},"categories":[19],"tags":[16513,648,89,19249,90,19248,35,39,38,36,37,34,40,19247],"class_list":{"0":"post-75941","1":"post","2":"type-post","3":"status-publish","4":"format-standard","5":"has-post-thumbnail","7":"category-izklaide","8":"tag-avatar-3","9":"tag-disney","10":"tag-entertainment","11":"tag-filmu-biletes","12":"tag-izklaide","13":"tag-kinoteatru-reklama","14":"tag-latvia","15":"tag-latvian","16":"tag-latviesu","17":"tag-latviesu-valoda","18":"tag-latviesuvaloda","19":"tag-latvija","20":"tag-lv","21":"tag-mstiteles-tiesas-diena"},"share_on_mastodon":{"url":"https:\/\/pubeurope.com\/@lv\/115726158601502363","error":""},"_links":{"self":[{"href":"https:\/\/www.europesays.com\/lv\/wp-json\/wp\/v2\/posts\/75941","targetHints":{"allow":["GET"]}}],"collection":[{"href":"https:\/\/www.europesays.com\/lv\/wp-json\/wp\/v2\/posts"}],"about":[{"href":"https:\/\/www.europesays.com\/lv\/wp-json\/wp\/v2\/types\/post"}],"author":[{"embeddable":true,"href":"https:\/\/www.europesays.com\/lv\/wp-json\/wp\/v2\/users\/2"}],"replies":[{"embeddable":true,"href":"https:\/\/www.europesays.com\/lv\/wp-json\/wp\/v2\/comments?post=75941"}],"version-history":[{"count":0,"href":"https:\/\/www.europesays.com\/lv\/wp-json\/wp\/v2\/posts\/75941\/revisions"}],"wp:featuredmedia":[{"embeddable":true,"href":"https:\/\/www.europesays.com\/lv\/wp-json\/wp\/v2\/media\/75942"}],"wp:attachment":[{"href":"https:\/\/www.europesays.com\/lv\/wp-json\/wp\/v2\/media?parent=75941"}],"wp:term":[{"taxonomy":"category","embeddable":true,"href":"https:\/\/www.europesays.com\/lv\/wp-json\/wp\/v2\/categories?post=75941"},{"taxonomy":"post_tag","embeddable":true,"href":"https:\/\/www.europesays.com\/lv\/wp-json\/wp\/v2\/tags?post=75941"}],"curies":[{"name":"wp","href":"https:\/\/api.w.org\/{rel}","templated":true}]}}